{"id":1186,"date":"2020-11-04T18:21:47","date_gmt":"2020-11-04T15:21:47","guid":{"rendered":"http:\/\/mersinekonomipolitikagazetesi.com\/?p=1186"},"modified":"2020-11-04T18:21:47","modified_gmt":"2020-11-04T15:21:47","slug":"chp-suriyeliler-ve-goc-sorununu-arastiracak","status":"publish","type":"post","link":"https:\/\/akdenizolaygazetesi.com\/?p=1186","title":{"rendered":"CHP, Suriyeliler ve g\u00f6\u00e7 sorununu ara\u015ft\u0131racak"},"content":{"rendered":"<p>CHP&#8217;nin ba\u015fta Suriyeli m\u00fclteciler olmak \u00fczere T\u00fcrkiye\u2019deki g\u00f6\u00e7 sorununu ara\u015ft\u0131rmak \u00fczere kurdu\u011fu komisyon, \u00e7al\u0131\u015fmalar\u0131na Mersin\u2019den ba\u015flad\u0131. Bursa Milletvekili Erkan Ayd\u0131n, Suriyeli m\u00fclteciler konusunda acil eylem plan\u0131 haz\u0131rlan\u0131p hayata ge\u00e7irilmezse, bu sorunun \u00f6n\u00fcm\u00fczdeki s\u00fcre\u00e7te T\u00fcrkiye\u2019nin en \u00f6nemli sorunlar\u0131ndan biri olaca\u011f\u0131n\u0131 s\u00f6yledi.<\/p>\n<p>CHP Genel Merkezi taraf\u0131ndan g\u00f6revlendirilen Bursa Milletvekili Ayd\u0131n, Mersin \u0130l Ba\u015fkanl\u0131\u011f\u0131 b\u00fcnyesinde 1,5 y\u0131l \u00f6nce kurulan Sibel Gazi Tabel ba\u015fkanl\u0131\u011f\u0131nda G\u00f6\u00e7 ve M\u00fclteci Komisyonu \u00fcyeleri ile birlikte \u00e7al\u0131\u015fmalar\u0131na Mersin\u2019den ba\u015flad\u0131. Yazar G\u00fcler Bu\u011fday ile birlikte bu sabah kente gelen Milletvekili Ayd\u0131n, komisyon \u00fcyeleri ve \u0130l Ba\u015fkan\u0131 Abdullah \u00d6zyi\u011fit ile birlikte CHP \u0130l Ba\u015fkanl\u0131\u011f\u0131nda bas\u0131n toplant\u0131s\u0131 d\u00fczenleyerek, ara\u015ft\u0131rma ve incelemelerine ili\u015fkin bilgi verdi.<\/p>\n<p>&#8220;Acilen eylem planlar\u0131 yapmak zorunday\u0131z&#8221;<br \/>\nAyd\u0131n, CHP Genel Ba\u015fkan\u0131 Kemal K\u0131l\u0131\u00e7daro\u011flu\u2019nun talimat\u0131 do\u011frultusunda t\u00fcm T\u00fcrkiye\u2019de ya\u015fanan g\u00f6\u00e7 sorununun yerinde g\u00f6zlemini yap\u0131p, Mersin\u2019deki Suriyeli m\u00fclteciler ba\u015fta olmak \u00fczere i\u00e7 g\u00f6\u00e7ten olu\u015fan s\u0131k\u0131nt\u0131lar\u0131n incelenmesi amac\u0131nda olduklar\u0131n\u0131 belirtti. Suriye\u2019de 2011 y\u0131l\u0131nda ba\u015flayan i\u00e7 sava\u015f sonucunda, son 5-6 y\u0131ld\u0131r T\u00fcrkiye\u2019nin 3,5 milyona yak\u0131n m\u00fclteci ile bir Suriyeli g\u00f6\u00e7 sorunu ya\u015fad\u0131\u011f\u0131na dikkat \u00e7eken Ayd\u0131n, bu sorunun \u00f6n\u00fcm\u00fczdeki d\u00f6nemin en \u00f6nemli sorunlar\u0131ndan biri olaca\u011f\u0131n\u0131 s\u00f6yledi. Ayd\u0131n, &#8220;Gelen insanlar\u0131n sava\u015ftan \u00e7\u0131km\u0131\u015f oldu\u011fu, bir\u00e7o\u011funun ailesinden en az bir ki\u015fiyi kaybetmi\u015f oldu\u011fu, \u00e7o\u011funun \u00e7ocuk oldu\u011fu, adaptasyon, dil bilmeme sorunu, sava\u015f psikolojisinden \u00e7\u0131karak buraya geldikleri ve adapte olamamalar\u0131 sonucunda da yerel halkla ya\u015fad\u0131klar\u0131 bir \u00e7at\u0131\u015fma s\u00fcreci var. M\u00fcnferit olaylar ya\u015fan\u0131yor. Birka\u00e7 g\u00fcn \u00f6nce Mersin\u2019de oldu, Bursa\u2019da da var. Merkezde bir mahallemiz tamamen sanki Suriye\u2019nin bir \u015fehri gibi. Ama bunlara biz \u00e7\u00f6z\u00fcm \u00fcretmek durumunday\u0131z. Sorunlar var, b\u00f6yle bir ger\u00e7ek var, 3,5 milyon misafirimiz var. Bunlarla ilgili acilen eylem planlar\u0131 yapmak zorunday\u0131z&#8221; dedi.<\/p>\n<p>&#8220;Acil \u00e7\u00f6z\u00fcm \u00fcretmezsek Suriyeli \u00e7ocuklar\u0131n illegal \u00f6rg\u00fctlere kayma ihtimali var&#8221;<br \/>\nSuriyeli \u00e7ocuklar\u0131n bir\u00e7o\u011funun okula gidemediklerini, e\u011fitim almalar\u0131 gerekirken, hayatta kalmak i\u00e7in \u00e7al\u0131\u015fmak zorunda kald\u0131klar\u0131n\u0131 ifade eden Ayd\u0131n, &#8220;E\u011fer acil eylem planlar\u0131 yapamazsak, o \u00e7ocuklar\u0131n belli bir s\u00fcre sonra illegal \u00f6rg\u00fctlere ya da toplumun \u00e7izgisinden \u00e7\u0131karak ba\u015fka yere kayma ihtimali var. Bunun \u00f6rne\u011fini Afganistan\u2019da g\u00f6rd\u00fck, Orta Do\u011fu\u2019da bir\u00e7ok \u00fclkede ya\u015fand\u0131\u011f\u0131n\u0131 g\u00f6rd\u00fck. Bu \u00e7ocuklar sisteme kazand\u0131r\u0131lmad\u0131\u011f\u0131nda ba\u015fka \u00f6rg\u00fctlerin \u00e7\u0131kabilece\u011fini g\u00f6r\u00fcyoruz. O y\u00fczden biz al\u0131\u015f\u0131k oldu\u011fumuz y\u00f6ntemler haricinde \u00e7\u00f6z\u00fcmler \u00fcretmek zorunday\u0131z. Bu \u00e7\u00f6z\u00fcmler de sorunun kayna\u011f\u0131n\u0131 yerinde tespitle birebir onlar\u0131 dinleyerek, onlar\u0131n da insan olduklar\u0131n\u0131 asla unutmadan \u00f6n\u00fcm\u00fcze \u00e7\u0131kacak haritay\u0131 de\u011ferlendirmemiz gerekiyor&#8221; diye konu\u015ftu.<br \/>\nT\u00fcrkiye\u2019nin bu konuda ger\u00e7ekten bir eylem plan\u0131 olmad\u0131\u011f\u0131n\u0131 dile getiren Ayd\u0131n, yap\u0131lan yard\u0131mlar\u0131n ve harcanan 25 milyar dolar\u0131n \u00e7ok k\u0131sa vadeli \u00e7\u00f6z\u00fcmler oldu\u011funu s\u00f6yledi. Ayd\u0131n, &#8220;Bizim k\u0131sa, orta, uzun vadeli stratejik planlar yap\u0131p, bu ger\u00e7ekle nas\u0131l sistemimize kazand\u0131r\u0131r\u0131z ve onlar\u0131n da ya\u015fad\u0131klar\u0131 dramatik sonu\u00e7lar\u0131, k\u00fclt\u00fcrel, sosyal, ekonomik olarak hep birlikte devam ettirebilece\u011fimiz bir s\u00fcrece getirebilmek ve mutlaka \u00e7\u00f6z\u00fcmler bulmak zorunday\u0131z. Toptanc\u0131 bir bak\u0131\u015fla \u2018Suriyeliler geldi \u015fiddet ba\u015flad\u0131, \u00e7at\u0131\u015fma ba\u015flad\u0131\u2019 deyip reddedemeyiz ya da tam tersi \u2018her t\u00fcrl\u00fc ne istiyorlarsa verelim\u2019, bunu da yapamay\u0131z. Bunun y\u00f6ntemini bulmak zorunday\u0131z. Bunlar\u0131 e\u011fer k\u0131sa vadede bir \u00e7\u00f6z\u00fcme ula\u015ft\u0131ramazsak, \u00fclkenin k\u0131sa, orta ve uzun vadede en b\u00fcy\u00fck sorununun da Suriyeli m\u00fclteci sorunu olaca\u011f\u0131n\u0131 d\u00fc\u015f\u00fcn\u00fcyoruz&#8221; ifadelerini kulland\u0131.<br \/>\nMersin\u2019de 350 bin, Bursa\u2019da 100 bin Suriyeli oldu\u011funa ve sorunun t\u00fcm kentlerde ya\u015fand\u0131\u011f\u0131na i\u015faret eden Ayd\u0131n, &#8220;Hem k\u00fclt\u00fcrel anlamda \u00e7ok b\u00fcy\u00fck \u00e7at\u0131\u015fma oluyor hem yerel halk i\u015f bulamad\u0131k\u00e7a fatura gelen Suriyelilere kesiliyor. Fiziki \u00e7at\u0131\u015fmalar da ba\u015flad\u0131&#8221; \u015feklinde konu\u015ftu.<br \/>\nAyd\u0131n, Mersin\u2019den ba\u015flayarak b\u00f6lgede Adana, Gaziantep ve Hatay\u2019da yapacaklar\u0131 ara\u015ft\u0131rma ve incelemelerin ard\u0131ndan di\u011fer illeri de gezeceklerini ve sonucu bir rapor haline getireceklerini, Yazar G\u00fcler Bu\u011fday\u2019\u0131n da bir kitap haline getirece\u011fini, bunu da hem K\u0131l\u0131\u00e7daro\u011flu\u2019na hem de kamuoyuna sunacaklar\u0131n\u0131 s\u00f6zlerine ekledi.<\/p>\n","protected":false},"excerpt":{"rendered":"<p>CHP&#8217;nin ba\u015fta Suriyeli m\u00fclteciler olmak \u00fczere T\u00fcrkiye\u2019deki g\u00f6\u00e7 sorununu ara\u015ft\u0131rmak \u00fczere kurdu\u011fu komisyon, \u00e7al\u0131\u015fmalar\u0131na Mersin\u2019den ba\u015flad\u0131. Bursa Milletvekili Erkan Ayd\u0131n, Suriyeli m\u00fclteciler konusunda acil eylem plan\u0131 haz\u0131rlan\u0131p hayata ge\u00e7irilmezse, bu &hellip; <a href=\"https:\/\/akdenizolaygazetesi.com\/?p=1186\" class=\"more-link\">Devam\u0131n\u0131 Oku&#8230;<\/a><\/p>\n","protected":false},"author":1,"featured_media":0,"comment_status":"open","ping_status":"open","sticky":false,"template":"","format":"standard","meta":[],"categories":[],"tags":[],"_links":{"self":[{"href":"https:\/\/akdenizolaygazetesi.com\/index.php?rest_route=\/wp\/v2\/posts\/1186"}],"collection":[{"href":"https:\/\/akdenizolaygazetesi.com\/index.php?rest_route=\/wp\/v2\/posts"}],"about":[{"href":"https:\/\/akdenizolaygazetesi.com\/index.php?rest_route=\/wp\/v2\/types\/post"}],"author":[{"embeddable":true,"href":"https:\/\/akdenizolaygazetesi.com\/index.php?rest_route=\/wp\/v2\/users\/1"}],"replies":[{"embeddable":true,"href":"https:\/\/akdenizolaygazetesi.com\/index.php?rest_route=%2Fwp%2Fv2%2Fcomments&post=1186"}],"version-history":[{"count":0,"href":"https:\/\/akdenizolaygazetesi.com\/index.php?rest_route=\/wp\/v2\/posts\/1186\/revisions"}],"wp:attachment":[{"href":"https:\/\/akdenizolaygazetesi.com\/index.php?rest_route=%2Fwp%2Fv2%2Fmedia&parent=1186"}],"wp:term":[{"taxonomy":"category","embeddable":true,"href":"https:\/\/akdenizolaygazetesi.com\/index.php?rest_route=%2Fwp%2Fv2%2Fcategories&post=1186"},{"taxonomy":"post_tag","embeddable":true,"href":"https:\/\/akdenizolaygazetesi.com\/index.php?rest_route=%2Fwp%2Fv2%2Ftags&post=1186"}],"curies":[{"name":"wp","href":"https:\/\/api.w.org\/{rel}","templated":true}]}}