{"id":11873,"date":"2021-04-15T11:22:52","date_gmt":"2021-04-15T08:22:52","guid":{"rendered":"http:\/\/akdenizolaygazetesi.com\/?p=11873"},"modified":"2021-04-15T11:23:34","modified_gmt":"2021-04-15T08:23:34","slug":"park-ve-yesil-alanin-insa-calismalari-hizla-suruyor","status":"publish","type":"post","link":"https:\/\/akdenizolaygazetesi.com\/?p=11873","title":{"rendered":"Park ve ye\u015fil alan\u0131n in\u015fa \u00e7al\u0131\u015fmalar\u0131 h\u0131zla s\u00fcr\u00fcyor"},"content":{"rendered":"<p>Akdeniz Belediyesi\u2019nin, Erzurum B\u00fcy\u00fck\u015fehir Belediyesi\u2019nin katk\u0131lar\u0131yla, \u00d6zg\u00fcrl\u00fck Mahallesi\u2019nde in\u015fas\u0131na ba\u015flad\u0131\u011f\u0131 ve toplam 9 bu\u00e7uk d\u00f6n\u00fcm b\u00fcy\u00fckl\u00fc\u011f\u00fcnde bir araziye kurulacak park ve ye\u015fil alan \u00e7al\u0131\u015fmalar\u0131nda \u00f6nemli bir mesafe al\u0131nd\u0131.<br \/>\nAkdeniz Belediyesi\u2019nin; \u00d6zg\u00fcrl\u00fck Mahallesi\u2019nde, Devlet Demiryollar\u0131\u2019na (TCDD) ait 12 d\u00f6n\u00fcml\u00fck arazi \u00fczerinde yap\u0131m\u0131na ba\u015flad\u0131\u011f\u0131 ve bitti\u011finde toplam 9 bu\u00e7uk d\u00f6n\u00fcme sahip olacak park ve ye\u015fil alan\u0131n in\u015fa \u00e7al\u0131\u015fmalar\u0131 h\u0131zla s\u00fcr\u00fcyor. Akdeniz Belediyesi\u2019nin, TCDD\u2019den kiralad\u0131\u011f\u0131 devasa alanda, Erzurum B\u00fcy\u00fck\u015fehir Belediye Ba\u015fkan\u0131 Mehmet Sekmen\u2019in de katk\u0131 ve deste\u011fiyle yeni bir park ve ye\u015fil alan y\u00fckseliyor.<\/p>\n<p>Akdeniz Belediyesi ile Erzurum B\u00fcy\u00fck\u015fehir Belediyeleri\u2019ne ba\u011fl\u0131 Park ve Bah\u00e7eler M\u00fcd\u00fcrl\u00fc\u011f\u00fc ekiplerince ortakla\u015fa s\u00fcrd\u00fcr\u00fclen \u00e7al\u0131\u015fmalar kapsam\u0131nda, park alan\u0131na bir\u00e7ok kamelya ve banklar yerle\u015ftirildi. Alanda a\u011fa\u00e7land\u0131rma, bitki ve \u00e7imlendirme seferberli\u011fi h\u0131zlan\u0131rken, parka ayd\u0131nlatma direkleri de konulmaya ba\u015fland\u0131.<br \/>\n\u00d6zg\u00fcrl\u00fck Mahallesi\u2019nde, in\u015fas\u0131 h\u0131zla devam eden yeni parka, \u00e7ocuklar i\u00e7in bir tak\u0131m oyun gruplar\u0131 da yerle\u015ftirilirken, \u00e7al\u0131\u015fmalar\u0131 sevin\u00e7 i\u00e7inde izleyen ve bitmesini sab\u0131rs\u0131zl\u0131kla bekleyen mahalleli k\u00fc\u00e7\u00fckler, in\u015fa \u00e7al\u0131\u015fmalar\u0131 s\u00fcrerken, alana yerle\u015ftirilen kayd\u0131raklar\u0131 kullanarak g\u00f6n\u00fcllerince e\u011flenmeye ba\u015flad\u0131.<\/p>\n<p>\u00d6zg\u00fcrl\u00fck Mahallesi\u2019nde; TCDD\u2019ye ait alanda 12 d\u00f6n\u00fcml\u00fck bir araziyi kiralad\u0131klar\u0131n\u0131 hat\u0131rlatan Akdeniz Belediye Ba\u015fkan\u0131 M. Mustafa G\u00fcltak; \u201cErzurum B\u00fcy\u00fck\u015fehir Belediye Ba\u015fkan\u0131m\u0131z Say\u0131n Mehmet Sekmen\u2019in bize bir s\u00f6z\u00fc vard\u0131. Kendisi, bizleri ziyaretinde araziyi yerinde g\u00f6rd\u00fc ve park yap\u0131m\u0131 i\u00e7in destek verece\u011fini ifade etti.<br \/>\n\u0130\u015fte bug\u00fcn iki belediyemize ait ekipler, 9 bu\u00e7uk d\u00f6n\u00fcm \u00fczerine yeni bir park\u0131n in\u015fa \u00e7al\u0131\u015fmalar\u0131n\u0131 ger\u00e7ekle\u015ftiriyor. \u00d6zg\u00fcrl\u00fck Mahallesi\u2019nde ya\u015fayan kad\u0131nlar, gen\u00e7ler ve \u00e7ocuklar\u0131m\u0131z\u0131n \u00e7e\u015fitli sportif aktiviteler yapabilece\u011fi, bisiklet s\u00fcrebilece\u011fi g\u00fczel bir alan olacak. Parkta, insanlar\u0131m\u0131z\u0131n, \u00e7ay ve kahvelerini i\u00e7ip sohbet edebilecekleri mek\u00e2nlar da yer alacak. Spor da yap\u0131labilecek park\u0131m\u0131z\u0131 y\u0131lsonuna dek halk\u0131m\u0131za ve il\u00e7emize kazand\u0131rmay\u0131 hedefliyoruz\u201d diye konu\u015ftu.<\/p>\n","protected":false},"excerpt":{"rendered":"<p>Akdeniz Belediyesi\u2019nin, Erzurum B\u00fcy\u00fck\u015fehir Belediyesi\u2019nin katk\u0131lar\u0131yla, \u00d6zg\u00fcrl\u00fck Mahallesi\u2019nde in\u015fas\u0131na ba\u015flad\u0131\u011f\u0131 ve toplam 9 bu\u00e7uk d\u00f6n\u00fcm b\u00fcy\u00fckl\u00fc\u011f\u00fcnde bir araziye kurulacak park ve ye\u015fil alan \u00e7al\u0131\u015fmalar\u0131nda \u00f6nemli bir mesafe al\u0131nd\u0131. Akdeniz Belediyesi\u2019nin; &hellip; <a href=\"https:\/\/akdenizolaygazetesi.com\/?p=11873\" class=\"more-link\">Devam\u0131n\u0131 Oku&#8230;<\/a><\/p>\n","protected":false},"author":2,"featured_media":11875,"comment_status":"open","ping_status":"open","sticky":false,"template":"","format":"standard","meta":[],"categories":[34,1,2,3,5],"tags":[],"_links":{"self":[{"href":"https:\/\/akdenizolaygazetesi.com\/index.php?rest_route=\/wp\/v2\/posts\/11873"}],"collection":[{"href":"https:\/\/akdenizolaygazetesi.com\/index.php?rest_route=\/wp\/v2\/posts"}],"about":[{"href":"https:\/\/akdenizolaygazetesi.com\/index.php?rest_route=\/wp\/v2\/types\/post"}],"author":[{"embeddable":true,"href":"https:\/\/akdenizolaygazetesi.com\/index.php?rest_route=\/wp\/v2\/users\/2"}],"replies":[{"embeddable":true,"href":"https:\/\/akdenizolaygazetesi.com\/index.php?rest_route=%2Fwp%2Fv2%2Fcomments&post=11873"}],"version-history":[{"count":2,"href":"https:\/\/akdenizolaygazetesi.com\/index.php?rest_route=\/wp\/v2\/posts\/11873\/revisions"}],"predecessor-version":[{"id":11876,"href":"https:\/\/akdenizolaygazetesi.com\/index.php?rest_route=\/wp\/v2\/posts\/11873\/revisions\/11876"}],"wp:featuredmedia":[{"embeddable":true,"href":"https:\/\/akdenizolaygazetesi.com\/index.php?rest_route=\/wp\/v2\/media\/11875"}],"wp:attachment":[{"href":"https:\/\/akdenizolaygazetesi.com\/index.php?rest_route=%2Fwp%2Fv2%2Fmedia&parent=11873"}],"wp:term":[{"taxonomy":"category","embeddable":true,"href":"https:\/\/akdenizolaygazetesi.com\/index.php?rest_route=%2Fwp%2Fv2%2Fcategories&post=11873"},{"taxonomy":"post_tag","embeddable":true,"href":"https:\/\/akdenizolaygazetesi.com\/index.php?rest_route=%2Fwp%2Fv2%2Ftags&post=11873"}],"curies":[{"name":"wp","href":"https:\/\/api.w.org\/{rel}","templated":true}]}}