{"id":11877,"date":"2021-04-15T11:25:46","date_gmt":"2021-04-15T08:25:46","guid":{"rendered":"http:\/\/akdenizolaygazetesi.com\/?p=11877"},"modified":"2021-04-15T11:26:40","modified_gmt":"2021-04-15T08:26:40","slug":"potansiyelimizi-degerlendiremiyoruz","status":"publish","type":"post","link":"https:\/\/akdenizolaygazetesi.com\/?p=11877","title":{"rendered":"\u201cPotansiyelimizi de\u011ferlendiremiyoruz\u201d"},"content":{"rendered":"<p>Mersin Ticaret Borsas\u0131 Ba\u015fkan\u0131 Abdullah \u00d6zdemir, Mersin\u2019in ormanl\u0131k alan a\u00e7\u0131s\u0131ndan T\u00fcrkiye\u2019nin en b\u00fcy\u00fck 3\u2019\u00fcnc\u00fc ili olmas\u0131na kar\u015f\u0131n, orman \u00fcr\u00fcnleri ihracat\u0131nda 10\u2019uncu s\u0131rada yer ald\u0131\u011f\u0131n\u0131 belirterek, \u201cMersin, 74 milyon dolar ile bu pastadan sadece y\u00fczde 1,3 pay alabildi. Ayr\u0131ca, kentimizin 1,9 milyar dolarl\u0131k ihracat\u0131 i\u00e7erisinde mobilya, ka\u011f\u0131t ve orman \u00fcr\u00fcnlerinin pay\u0131 y\u00fczde 4 dahi de\u011fildir. Potansiyelimizi de\u011ferlendiremiyoruz\u201d dedi.<br \/>\nMersin Ticaret Borsas\u0131 Y\u00f6netim Kurulu Ba\u015fkan\u0131 Abdullah \u00d6zdemir, yapt\u0131\u011f\u0131 a\u00e7\u0131klamayla Mersin\u2019in orman \u00fcr\u00fcnleri potansiyeline dikkat \u00e7ekerek, bu potansiyelin de\u011ferlendirilememesinden yak\u0131nd\u0131. Korona vir\u00fcsle m\u00fccadele kapsam\u0131nda al\u0131nan \u00f6nlemlerin, ba\u015fta mobilya ve ka\u011f\u0131t olmak \u00fczere orman \u00fcr\u00fcnlerine dayal\u0131 \u00fcr\u00fcn sat\u0131\u015flar\u0131n\u0131 y\u00fckseltti\u011fini vurgulayan \u00d6zdemir, ka\u011f\u0131t ve suntan\u0131n ana maddesi olan kereste fiyatlar\u0131n\u0131n 2020\u2019nin \u015fubat ay\u0131 sonundan bug\u00fcne kadar d\u00fcnya genelinde 4 kat artt\u0131\u011f\u0131n\u0131n alt\u0131n\u0131 \u00e7izdi.<\/p>\n<p>\u201cPotansiyelimizi de\u011ferlendiremiyoruz\u201d<\/p>\n<p>Bu durumun, Mersin a\u00e7\u0131s\u0131ndan iyi analiz edilmesi gerekti\u011fini belirten \u00d6zdemir, Orman Genel M\u00fcd\u00fcrl\u00fc\u011f\u00fc istatistiklerine g\u00f6re Mersin\u2019in toplam alan\u0131n\u0131n y\u00fczde 54\u2019\u00fcn\u00fcn ormanl\u0131k alan oldu\u011funu kaydetti. Mersin\u2019in, 835 bin hektar ile \u2018ormanl\u0131k alan\u2019 a\u00e7\u0131s\u0131ndan Antalya ve Kastamonu\u2019nun ard\u0131ndan T\u00fcrkiye\u2019nin en b\u00fcy\u00fck \u00fc\u00e7\u00fcnc\u00fc ili olmas\u0131na kar\u015f\u0131n, bu potansiyelini de\u011ferlendiremedi\u011fini dile getiren \u00d6zdemir, \u201cAncak, bu alan\u0131n y\u00fczde 44\u2019l\u00fck b\u00f6l\u00fcm\u00fc \u2018bozuk orman alan\u0131\u2019 stat\u00fcs\u00fcndedir. T\u00fcrkiye \u0130hracat\u00e7\u0131lar Meclisi s\u0131n\u0131fland\u0131rmas\u0131na g\u00f6re 2020 y\u0131l\u0131nda T\u00fcrkiye\u2019nin bu sekt\u00f6rde 5,6 milyar dolar ihracat\u0131 bulunuyor. Bunun y\u00fczde 44\u2019l\u00fck b\u00f6l\u00fcm\u00fcn\u00fc ka\u011f\u0131t, karton ve matbu yay\u0131nlar, y\u00fczde 34\u2019l\u00fck k\u0131sm\u0131n\u0131 mobilyalar, y\u00fczde 14\u2019\u00fcn\u00fc kereste ve kalan y\u00fczde 8\u2019lik b\u00f6l\u00fcm\u00fcn\u00fc di\u011fer \u00fcr\u00fcnler olu\u015fturdu\u201d ifadelerini kulland\u0131.<\/p>\n<p>\u201cMersin, bu pastadan sadece y\u00fczde 1,3 pay alabildi\u201d<\/p>\n<p>Mersin\u2019in, b\u00f6yle bir potansiyele sahip olmas\u0131na kar\u015f\u0131n ihracattan ald\u0131\u011f\u0131 pay\u0131n \u00e7ok d\u00fc\u015f\u00fck oldu\u011funa dikkat \u00e7eken \u00d6zdemir, \u015funlar\u0131 kaydetti:<br \/>\n\u201cMersin, 74 milyon dolar ile bu pastadan sadece y\u00fczde 1,3 pay alabildi. Ayr\u0131ca, kentimizin 1,9 milyar dolarl\u0131k ihracat\u0131 i\u00e7erisinde mobilya, ka\u011f\u0131t ve orman \u00fcr\u00fcnlerinin pay\u0131 y\u00fczde 4 dahi de\u011fildir. Sonu\u00e7 olarak, toplam orman varl\u0131\u011f\u0131 a\u00e7\u0131s\u0131ndan \u00fclkemizin en b\u00fcy\u00fck 3\u2019nc\u00fc \u015fehri olan Mersin, ormanc\u0131l\u0131k \u00fcr\u00fcnleri ihracat\u0131nda 10\u2019uncu s\u0131rada bulunmaktad\u0131r. Kayseri, Gaziantep ve Adana gibi orman alan\u0131 a\u00e7\u0131s\u0131ndan Mersin\u2019den geride olan kom\u015fu iller kentimizi geride b\u0131rakmaktad\u0131rlar.\u201d<\/p>\n<p>\u201cBug\u00fcnden yeni bir eylem plan\u0131 yap\u0131lmal\u0131\u201d<br \/>\nSekt\u00f6rde hem yurt i\u00e7inde hem de ihracat f\u0131rsatlar\u0131 a\u00e7\u0131s\u0131ndan \u00f6nemli bir potansiyel bulundu\u011funu vurgulayan \u00d6zdemir, \u201c\u00d6rne\u011fin, T\u00fcrkiye \u0130statistik Kurumu verilerine g\u00f6re ka\u011f\u0131t, karton ve bunlardan yap\u0131lan e\u015fyalardan \u00fclke olarak ithalat\u0131m\u0131z 2,4 milyar dolar d\u00fczeyinde. Benzer \u015fekilde 748 milyon dolarl\u0131k odun hamuru, 430 milyon dolarl\u0131k da a\u011fa\u00e7 ve ah\u015fap e\u015fyay\u0131 yurt d\u0131\u015f\u0131ndan tedarik ediyoruz.<br \/>\nDolay\u0131s\u0131yla kent olarak sekt\u00f6rdeki artan talep yap\u0131s\u0131n\u0131n iyi incelenmesi ve gelece\u011fe y\u00f6nelik bir eylem plan\u0131n\u0131n bug\u00fcnden yap\u0131lmas\u0131 gerekti\u011fini d\u00fc\u015f\u00fcn\u00fcyorum. Nitekim bakanl\u0131\u011f\u0131m\u0131z da \u00dc\u00e7\u00fcnc\u00fc Tar\u0131m Orman \u015euras\u0131nda ormanc\u0131l\u0131k \u00fcr\u00fcnlerinde ihracat gelirlerini arzu edilen seviyelere \u00e7\u0131karmak i\u00e7in marka, kalite, standardizasyon, tan\u0131t\u0131m ve \u00f6zendirme \u00e7al\u0131\u015fmalar\u0131n\u0131n desteklenece\u011fini belirtmi\u015fti. Bunun yan\u0131nda orman k\u00f6yl\u00fclerinin gelir seviyelerinin art\u0131r\u0131lmas\u0131 i\u00e7in odun d\u0131\u015f\u0131 orman \u00fcr\u00fcnlerinin \u00e7e\u015fitlendirilmesi, tar\u0131msal ormanc\u0131l\u0131\u011f\u0131n te\u015fvik edilmesi, ah\u015fap kullan\u0131m\u0131n\u0131n yayg\u0131nla\u015ft\u0131r\u0131lmas\u0131, ulusal orman envanterinin tamamlanmas\u0131 gibi \u00f6nemli ba\u015fl\u0131klar belirlenmi\u015fti. Bu do\u011frultuda, mevcut orman alanlar\u0131n\u0131n art\u0131r\u0131lmas\u0131, bozuk stat\u00fcde bulunan alanlar\u0131n verimli hale d\u00f6n\u00fc\u015ft\u00fcr\u00fclmesi, talep g\u00f6ren \u00fcr\u00fcnlerin \u00fcretilmesine y\u00f6nelik dikim politikas\u0131n\u0131n uygulanmas\u0131 ve bu \u00fcr\u00fcnlerin i\u015flenmesine dayal\u0131 sanayinin geli\u015ftirilmesi halinde kentimiz a\u00e7\u0131s\u0131ndan yeni bir \u00fcretim, yat\u0131r\u0131m, istihdam ve ihracat kap\u0131s\u0131 a\u00e7\u0131laca\u011f\u0131 kan\u0131s\u0131nday\u0131m\u201d dedi.<\/p>\n","protected":false},"excerpt":{"rendered":"<p>Mersin Ticaret Borsas\u0131 Ba\u015fkan\u0131 Abdullah \u00d6zdemir, Mersin\u2019in ormanl\u0131k alan a\u00e7\u0131s\u0131ndan T\u00fcrkiye\u2019nin en b\u00fcy\u00fck 3\u2019\u00fcnc\u00fc ili olmas\u0131na kar\u015f\u0131n, orman \u00fcr\u00fcnleri ihracat\u0131nda 10\u2019uncu s\u0131rada yer ald\u0131\u011f\u0131n\u0131 belirterek, \u201cMersin, 74 milyon dolar ile &hellip; <a href=\"https:\/\/akdenizolaygazetesi.com\/?p=11877\" class=\"more-link\">Devam\u0131n\u0131 Oku&#8230;<\/a><\/p>\n","protected":false},"author":2,"featured_media":11879,"comment_status":"open","ping_status":"open","sticky":false,"template":"","format":"standard","meta":[],"categories":[8,1,3,5],"tags":[],"_links":{"self":[{"href":"https:\/\/akdenizolaygazetesi.com\/index.php?rest_route=\/wp\/v2\/posts\/11877"}],"collection":[{"href":"https:\/\/akdenizolaygazetesi.com\/index.php?rest_route=\/wp\/v2\/posts"}],"about":[{"href":"https:\/\/akdenizolaygazetesi.com\/index.php?rest_route=\/wp\/v2\/types\/post"}],"author":[{"embeddable":true,"href":"https:\/\/akdenizolaygazetesi.com\/index.php?rest_route=\/wp\/v2\/users\/2"}],"replies":[{"embeddable":true,"href":"https:\/\/akdenizolaygazetesi.com\/index.php?rest_route=%2Fwp%2Fv2%2Fcomments&post=11877"}],"version-history":[{"count":2,"href":"https:\/\/akdenizolaygazetesi.com\/index.php?rest_route=\/wp\/v2\/posts\/11877\/revisions"}],"predecessor-version":[{"id":11880,"href":"https:\/\/akdenizolaygazetesi.com\/index.php?rest_route=\/wp\/v2\/posts\/11877\/revisions\/11880"}],"wp:featuredmedia":[{"embeddable":true,"href":"https:\/\/akdenizolaygazetesi.com\/index.php?rest_route=\/wp\/v2\/media\/11879"}],"wp:attachment":[{"href":"https:\/\/akdenizolaygazetesi.com\/index.php?rest_route=%2Fwp%2Fv2%2Fmedia&parent=11877"}],"wp:term":[{"taxonomy":"category","embeddable":true,"href":"https:\/\/akdenizolaygazetesi.com\/index.php?rest_route=%2Fwp%2Fv2%2Fcategories&post=11877"},{"taxonomy":"post_tag","embeddable":true,"href":"https:\/\/akdenizolaygazetesi.com\/index.php?rest_route=%2Fwp%2Fv2%2Ftags&post=11877"}],"curies":[{"name":"wp","href":"https:\/\/api.w.org\/{rel}","templated":true}]}}