{"id":1189,"date":"2020-11-04T18:21:47","date_gmt":"2020-11-04T15:21:47","guid":{"rendered":"http:\/\/mersinekonomipolitikagazetesi.com\/?p=1189"},"modified":"2020-11-04T18:21:47","modified_gmt":"2020-11-04T15:21:47","slug":"emniyet-mudurlugunden-sehit-ailelerine-ziyaret","status":"publish","type":"post","link":"https:\/\/akdenizolaygazetesi.com\/?p=1189","title":{"rendered":"Emniyet M\u00fcd\u00fcrl\u00fc\u011f\u00fcnden \u015fehit ailelerine ziyaret"},"content":{"rendered":"<p>Mersin Emniyet M\u00fcd\u00fcrl\u00fc\u011f\u00fc, \u015fube m\u00fcd\u00fcrlerinden olu\u015fturdu\u011fu heyetlerle \u015fehit ailelerine ve gazilerine vefa ziyaretleri ger\u00e7ekle\u015ftiriyor.<\/p>\n<p>Emniyet M\u00fcd\u00fcrl\u00fc\u011f\u00fc\u2019nden yap\u0131lan yaz\u0131l\u0131 a\u00e7\u0131klamaya g\u00f6re, \u015fehit yak\u0131nlar\u0131n\u0131n ve gazilerin duygular\u0131na ortak olmak ve her zaman yanlar\u0131nda olduklar\u0131n\u0131 hissettirmek amac\u0131yla ger\u00e7ekle\u015ftirilen ev ziyaretlerinde, sorunlar ve talepler de dinleniyor.<br \/>\nBu kapsamda, Sosyal Hizmetler \u015eube M\u00fcd\u00fcr\u00fc Hac\u0131 Ahmet \u00d6nel ba\u015fkanl\u0131\u011f\u0131ndaki heyet, Mersin Emniyet M\u00fcd\u00fcrl\u00fc\u011f\u00fc kadrosunda g\u00f6revli iken, g\u00f6revi ba\u015f\u0131nda ge\u00e7irdi\u011fi trafik kazas\u0131nda \u015fehit olan Polis Memuru Haydar Arslan\u2019\u0131n e\u015fi G\u00fclderen Arslan\u2019\u0131 ziyaret etti.<br \/>\nAnkara Emniyet M\u00fcd\u00fcrl\u00fc\u011f\u00fc kadrosunda g\u00f6revli iken, g\u00f6revi ba\u015f\u0131nda ge\u00e7irdi\u011fi trafik kazas\u0131nda \u015fehit olan Polis Memuru H\u00fcseyin Keskin\u2019in e\u015fi Emine Keskin ise Silah ve Patlay\u0131c\u0131 Maddeler \u015eube M\u00fcd\u00fcr\u00fc O\u011fuz \u015eahin ba\u015fkanl\u0131\u011f\u0131ndaki heyet taraf\u0131ndan ziyaret edildi.<br \/>\nBelge Y\u00f6netimi \u015eube M\u00fcd\u00fcr\u00fc Dursun Demirci ba\u015fkanl\u0131\u011f\u0131ndaki heyet de Mersin Emniyet M\u00fcd\u00fcrl\u00fc\u011f\u00fc kadrosunda g\u00f6revli iken, u\u011frad\u0131\u011f\u0131 ter\u00f6r sald\u0131r\u0131s\u0131nda \u015fehit olan \u00e7ar\u015f\u0131 ve mahalle bek\u00e7isi Veli Kaplan\u2019\u0131n E\u015fi Ay\u015fe Kaplan ile evinde bir araya geldi.<br \/>\nEmniyet M\u00fcd\u00fcrl\u00fc\u011f\u00fc heyetlerinin \u015fehit aileleri ve gazileri ziyaretlerinin devam edece\u011fi bildirildi.<\/p>\n","protected":false},"excerpt":{"rendered":"<p>Mersin Emniyet M\u00fcd\u00fcrl\u00fc\u011f\u00fc, \u015fube m\u00fcd\u00fcrlerinden olu\u015fturdu\u011fu heyetlerle \u015fehit ailelerine ve gazilerine vefa ziyaretleri ger\u00e7ekle\u015ftiriyor. Emniyet M\u00fcd\u00fcrl\u00fc\u011f\u00fc\u2019nden yap\u0131lan yaz\u0131l\u0131 a\u00e7\u0131klamaya g\u00f6re, \u015fehit yak\u0131nlar\u0131n\u0131n ve gazilerin duygular\u0131na ortak olmak ve her zaman &hellip; <a href=\"https:\/\/akdenizolaygazetesi.com\/?p=1189\" class=\"more-link\">Devam\u0131n\u0131 Oku&#8230;<\/a><\/p>\n","protected":false},"author":1,"featured_media":0,"comment_status":"open","ping_status":"open","sticky":false,"template":"","format":"standard","meta":[],"categories":[],"tags":[],"_links":{"self":[{"href":"https:\/\/akdenizolaygazetesi.com\/index.php?rest_route=\/wp\/v2\/posts\/1189"}],"collection":[{"href":"https:\/\/akdenizolaygazetesi.com\/index.php?rest_route=\/wp\/v2\/posts"}],"about":[{"href":"https:\/\/akdenizolaygazetesi.com\/index.php?rest_route=\/wp\/v2\/types\/post"}],"author":[{"embeddable":true,"href":"https:\/\/akdenizolaygazetesi.com\/index.php?rest_route=\/wp\/v2\/users\/1"}],"replies":[{"embeddable":true,"href":"https:\/\/akdenizolaygazetesi.com\/index.php?rest_route=%2Fwp%2Fv2%2Fcomments&post=1189"}],"version-history":[{"count":0,"href":"https:\/\/akdenizolaygazetesi.com\/index.php?rest_route=\/wp\/v2\/posts\/1189\/revisions"}],"wp:attachment":[{"href":"https:\/\/akdenizolaygazetesi.com\/index.php?rest_route=%2Fwp%2Fv2%2Fmedia&parent=1189"}],"wp:term":[{"taxonomy":"category","embeddable":true,"href":"https:\/\/akdenizolaygazetesi.com\/index.php?rest_route=%2Fwp%2Fv2%2Fcategories&post=1189"},{"taxonomy":"post_tag","embeddable":true,"href":"https:\/\/akdenizolaygazetesi.com\/index.php?rest_route=%2Fwp%2Fv2%2Ftags&post=1189"}],"curies":[{"name":"wp","href":"https:\/\/api.w.org\/{rel}","templated":true}]}}