{"id":11896,"date":"2021-04-16T09:48:44","date_gmt":"2021-04-16T06:48:44","guid":{"rendered":"http:\/\/akdenizolaygazetesi.com\/?p=11896"},"modified":"2021-04-16T09:49:20","modified_gmt":"2021-04-16T06:49:20","slug":"maske-denetimi-yapildi","status":"publish","type":"post","link":"https:\/\/akdenizolaygazetesi.com\/?p=11896","title":{"rendered":"Maske denetimi yap\u0131ld\u0131"},"content":{"rendered":"<p>Akdeniz Belediyesi, Ramazan ay\u0131 ile birlikte, il\u00e7e s\u0131n\u0131rlar\u0131nda bulunan f\u0131r\u0131n ve patiserilerde gramaj, hijyen, fiyat ve maske denetimlerini artt\u0131rd\u0131.<br \/>\nAkdeniz Belediyesi Zab\u0131ta M\u00fcd\u00fcrl\u00fc\u011f\u00fc ekipleri; halk sa\u011fl\u0131\u011f\u0131n\u0131 korumak, vatanda\u015flar\u0131n sa\u011fl\u0131kl\u0131 ve g\u00fcvenilir \u00fcr\u00fcnler t\u00fcketmelerini sa\u011flamak amac\u0131yla; f\u0131r\u0131n, patiseri, g\u0131da \u00fcretimi ile sat\u0131\u015f\u0131 yapan firmalara y\u00f6nelik gramaj, hijyen ve Koronavir\u00fcs salg\u0131n\u0131na kar\u015f\u0131 tedbirler kapsam\u0131nda maske denetimi yapt\u0131.<br \/>\nTutanaklar tutuldu, i\u015fyeri sahipleri uyar\u0131ld\u0131<br \/>\n\u0130\u00e7i\u015fleri Bakanl\u0131\u011f\u0131&#8217;n\u0131n \u2018Ramazan Ay\u0131 Tedbirleri\u2019 konulu genelgesi kapsam\u0131nda f\u0131r\u0131n, pastane ve unlu mamul imalathanelerini her y\u00f6nden denetleyen ekipler, fahi\u015f fiyat kontrolleri de yapt\u0131, eksiklikleri g\u00f6r\u00fclen firmalar hakk\u0131nda tutanak tutularak i\u015fyeri sahipleri uyar\u0131ld\u0131.<br \/>\nDenetimleri esnas\u0131nda Akdeniz Zab\u0131ta ekipleri; Koronavir\u00fcs salg\u0131n\u0131 dolay\u0131s\u0131yla sosyal mesafe, temizlik ve hijyen kurallar\u0131na mutlaka uyulmas\u0131, \u00fcretim esnas\u0131nda mutlaka maske, eldiven ve bone tak\u0131lmas\u0131, \u00e7al\u0131\u015fma saatlerine uyulmas\u0131 konusunda \u00e7al\u0131\u015fanlar\u0131na uyar\u0131da bulundu.<br \/>\nAkdeniz Belediyesi Zab\u0131ta M\u00fcd\u00fcrl\u00fc\u011f\u00fc\u2019n\u00fcn, vatanda\u015flar\u0131n huzurunu, sa\u011fl\u0131k ve esenli\u011fini korumak ve s\u00fcrd\u00fcrmek amac\u0131yla, t\u00fcm il\u00e7e genelinde, \u00f6zellikle g\u0131da \u00fcretimi ve sat\u0131\u015f\u0131 yapan her t\u00fcrl\u00fc i\u015fyerlerine y\u00f6nelik denetim ve kontrolleri, Ramazan ay\u0131 boyunca aral\u0131ks\u0131z bir \u015fekilde devam edecek.<\/p>\n","protected":false},"excerpt":{"rendered":"<p>Akdeniz Belediyesi, Ramazan ay\u0131 ile birlikte, il\u00e7e s\u0131n\u0131rlar\u0131nda bulunan f\u0131r\u0131n ve patiserilerde gramaj, hijyen, fiyat ve maske denetimlerini artt\u0131rd\u0131. Akdeniz Belediyesi Zab\u0131ta M\u00fcd\u00fcrl\u00fc\u011f\u00fc ekipleri; halk sa\u011fl\u0131\u011f\u0131n\u0131 korumak, vatanda\u015flar\u0131n sa\u011fl\u0131kl\u0131 ve &hellip; <a href=\"https:\/\/akdenizolaygazetesi.com\/?p=11896\" class=\"more-link\">Devam\u0131n\u0131 Oku&#8230;<\/a><\/p>\n","protected":false},"author":2,"featured_media":11898,"comment_status":"open","ping_status":"open","sticky":false,"template":"","format":"standard","meta":[],"categories":[34,1,2,3],"tags":[],"_links":{"self":[{"href":"https:\/\/akdenizolaygazetesi.com\/index.php?rest_route=\/wp\/v2\/posts\/11896"}],"collection":[{"href":"https:\/\/akdenizolaygazetesi.com\/index.php?rest_route=\/wp\/v2\/posts"}],"about":[{"href":"https:\/\/akdenizolaygazetesi.com\/index.php?rest_route=\/wp\/v2\/types\/post"}],"author":[{"embeddable":true,"href":"https:\/\/akdenizolaygazetesi.com\/index.php?rest_route=\/wp\/v2\/users\/2"}],"replies":[{"embeddable":true,"href":"https:\/\/akdenizolaygazetesi.com\/index.php?rest_route=%2Fwp%2Fv2%2Fcomments&post=11896"}],"version-history":[{"count":2,"href":"https:\/\/akdenizolaygazetesi.com\/index.php?rest_route=\/wp\/v2\/posts\/11896\/revisions"}],"predecessor-version":[{"id":11899,"href":"https:\/\/akdenizolaygazetesi.com\/index.php?rest_route=\/wp\/v2\/posts\/11896\/revisions\/11899"}],"wp:featuredmedia":[{"embeddable":true,"href":"https:\/\/akdenizolaygazetesi.com\/index.php?rest_route=\/wp\/v2\/media\/11898"}],"wp:attachment":[{"href":"https:\/\/akdenizolaygazetesi.com\/index.php?rest_route=%2Fwp%2Fv2%2Fmedia&parent=11896"}],"wp:term":[{"taxonomy":"category","embeddable":true,"href":"https:\/\/akdenizolaygazetesi.com\/index.php?rest_route=%2Fwp%2Fv2%2Fcategories&post=11896"},{"taxonomy":"post_tag","embeddable":true,"href":"https:\/\/akdenizolaygazetesi.com\/index.php?rest_route=%2Fwp%2Fv2%2Ftags&post=11896"}],"curies":[{"name":"wp","href":"https:\/\/api.w.org\/{rel}","templated":true}]}}