{"id":1191,"date":"2020-11-04T18:21:47","date_gmt":"2020-11-04T15:21:47","guid":{"rendered":"http:\/\/mersinekonomipolitikagazetesi.com\/?p=1191"},"modified":"2020-11-04T18:21:47","modified_gmt":"2020-11-04T15:21:47","slug":"yikilan-tarihi-cankaya-cay-bahcesinin-yerine-park-yapildi","status":"publish","type":"post","link":"https:\/\/akdenizolaygazetesi.com\/?p=1191","title":{"rendered":"YIKILAN TAR\u0130H\u0130 \u00c7ANKAYA \u00c7AY BAH\u00c7ES\u0130N\u0130N YER\u0130NE PARK YAPILDI"},"content":{"rendered":"<p>Mersin&#8217;in en eski \u00e7ay bah\u00e7elerinden olan \u00c7ankaya \u00c7ay Bah\u00e7esi&#8217;nin yerine park ve dinlenme yeri in\u015fa edildi.<\/p>\n<p>2016 y\u0131l\u0131nda &#8221;Kentsel Tasar\u0131m Projesi&#8221; kapsam\u0131nda y\u0131k\u0131lan eski \u00c7ankaya \u00c7ay Bah\u00e7esinin yerine B\u00fcy\u00fck\u015fehir Belediyesi taraf\u0131ndan dinlenme ve park alan\u0131 olu\u015fturuldu. Uygulamaya ge\u00e7en projenin yayala\u015ft\u0131rma, ye\u015fil alanlar, sosyal alanlar olu\u015fturmak ama\u00e7lar\u0131n\u0131 kapsad\u0131\u011f\u0131n\u0131 belirten yetkililer, proje kapsam\u0131nda belediyeye ait olan ve \u015fimdilerde aktarlar\u0131n kulland\u0131\u011f\u0131 K\u00fc\u00e7\u00fck \u00c7ar\u015f\u0131&#8217;n\u0131n y\u0131k\u0131lmas\u0131, k\u00fc\u00e7\u00fck meydanlar\u0131n olu\u015fturulmas\u0131, bu do\u011frultuda kasaplar \u00e7ar\u015f\u0131s\u0131 ile bal\u0131k pazar\u0131n\u0131n da yenilenmesi \u00f6ng\u00f6r\u00fcl\u00fcyor.<\/p>\n<p>ATAT\u00dcRK EV\u0130 VE M\u00dcZES\u0130 \u00d6N PLANA \u00c7IKIYOR<\/p>\n<p>&#8221;Kentsel Tasar\u0131m Projesi&#8221; kapsam\u0131nda uygulanan \u00c7ankaya \u00c7ay Bah\u00e7esinin y\u0131k\u0131m\u0131ndan ve \u00e7evre d\u00fczenlemesinden sonra, ge\u00e7mi\u015fteki ad\u0131 ile &#8221;Kristman Kona\u011f\u0131&#8221; olarak bilinen ve 1992 y\u0131l\u0131ndan beri &#8221;Atat\u00fcrk Evi Ve M\u00fczesi&#8221; olarak hizmet veren yap\u0131n\u0131n \u00f6n plana \u00e7\u0131kt\u0131\u011f\u0131 g\u00f6r\u00fcl\u00fcyor. Mustafa Kemal Atat\u00fcrk&#8217;\u00fcn, e\u015fi Latife Han\u0131m&#8217;la 11 g\u00fcn boyunca konuk olarak kald\u0131klar\u0131 ve Atat\u00fcrk&#8217;\u00fcn \u015fahsi e\u015fyalar\u0131n\u0131n da bir k\u0131sm\u0131n\u0131n bulundu\u011fu yap\u0131n\u0131n \u00f6n plana \u00e7\u0131kmas\u0131 Mersin i\u00e7in hem tarihi hem de k\u00fclt\u00fcrel boyutta art\u0131 puan kazand\u0131r\u0131yor.<\/p>\n","protected":false},"excerpt":{"rendered":"<p>Mersin&#8217;in en eski \u00e7ay bah\u00e7elerinden olan \u00c7ankaya \u00c7ay Bah\u00e7esi&#8217;nin yerine park ve dinlenme yeri in\u015fa edildi. 2016 y\u0131l\u0131nda &#8221;Kentsel Tasar\u0131m Projesi&#8221; kapsam\u0131nda y\u0131k\u0131lan eski \u00c7ankaya \u00c7ay Bah\u00e7esinin yerine B\u00fcy\u00fck\u015fehir Belediyesi &hellip; <a href=\"https:\/\/akdenizolaygazetesi.com\/?p=1191\" class=\"more-link\">Devam\u0131n\u0131 Oku&#8230;<\/a><\/p>\n","protected":false},"author":1,"featured_media":0,"comment_status":"open","ping_status":"open","sticky":false,"template":"","format":"standard","meta":[],"categories":[],"tags":[],"_links":{"self":[{"href":"https:\/\/akdenizolaygazetesi.com\/index.php?rest_route=\/wp\/v2\/posts\/1191"}],"collection":[{"href":"https:\/\/akdenizolaygazetesi.com\/index.php?rest_route=\/wp\/v2\/posts"}],"about":[{"href":"https:\/\/akdenizolaygazetesi.com\/index.php?rest_route=\/wp\/v2\/types\/post"}],"author":[{"embeddable":true,"href":"https:\/\/akdenizolaygazetesi.com\/index.php?rest_route=\/wp\/v2\/users\/1"}],"replies":[{"embeddable":true,"href":"https:\/\/akdenizolaygazetesi.com\/index.php?rest_route=%2Fwp%2Fv2%2Fcomments&post=1191"}],"version-history":[{"count":0,"href":"https:\/\/akdenizolaygazetesi.com\/index.php?rest_route=\/wp\/v2\/posts\/1191\/revisions"}],"wp:attachment":[{"href":"https:\/\/akdenizolaygazetesi.com\/index.php?rest_route=%2Fwp%2Fv2%2Fmedia&parent=1191"}],"wp:term":[{"taxonomy":"category","embeddable":true,"href":"https:\/\/akdenizolaygazetesi.com\/index.php?rest_route=%2Fwp%2Fv2%2Fcategories&post=1191"},{"taxonomy":"post_tag","embeddable":true,"href":"https:\/\/akdenizolaygazetesi.com\/index.php?rest_route=%2Fwp%2Fv2%2Ftags&post=1191"}],"curies":[{"name":"wp","href":"https:\/\/api.w.org\/{rel}","templated":true}]}}