{"id":1192,"date":"2020-11-04T18:21:47","date_gmt":"2020-11-04T15:21:47","guid":{"rendered":"http:\/\/mersinekonomipolitikagazetesi.com\/?p=1192"},"modified":"2020-11-04T18:21:47","modified_gmt":"2020-11-04T15:21:47","slug":"engeliler-birlikteyiz-projesinin-etkinliginde-gonullerince-eglendiler","status":"publish","type":"post","link":"https:\/\/akdenizolaygazetesi.com\/?p=1192","title":{"rendered":"Engeliler, Birlikteyiz Projesi\u2019nin etkinli\u011finde g\u00f6n\u00fcllerince e\u011flendiler"},"content":{"rendered":"<p>Mersin B\u00fcy\u00fck\u015fehir Belediyesi\u2019nin katk\u0131lar\u0131yla Toroslar \u0130l\u00e7e Milli E\u011fitim M\u00fcd\u00fcrl\u00fc\u011f\u00fc himayesinde, Mersin genelinde engelli bireyler i\u00e7in e\u011fitim veren kurumlar\u0131n d\u00fczenledi\u011fi \u2018Birlikteyiz Projesi\u2019nin May\u0131s ay\u0131 etkinli\u011finde bir araya gelen engelliler ve aileleri keyifli bir g\u00fcn ge\u00e7irdiler.<\/p>\n<p>\u00d6zel e\u011fitime gereksinim duyan \u00f6\u011frencilerin sosyal etkinlikler ile bir araya getirilerek, sosyal ve sportif beceri geli\u015fimlerine katk\u0131 sunmak, uygun fiziksel ortamlarda spor ve sanat etkinlikleri ger\u00e7ekle\u015ftirebilmelerini sa\u011flamak amac\u0131yla hayata ge\u00e7irilen proje \u00e7er\u00e7evesinde Kongre ve Sergi Saray\u0131\u2019nda etkinlik d\u00fczenlendi. Engelli bireyler ve ailelerinin kat\u0131ld\u0131\u011f\u0131 etkinlik, Mersin B\u00fcy\u00fck\u015fehir Belediyesi \u00d6zel E\u011fitim ve \u0130\u015f Uygulama Merkezi\u2019nin koordinat\u00f6rl\u00fc\u011f\u00fcnde, Kuyuluk \u00d6zel E\u011fitim Mesleki E\u011fitim Merkezi, Akdeniz \u00d6zel E\u011fitim Uygulama ve \u0130\u015f Uygulama Merkezi, Mezitli \u00d6zel E\u011fitim Uygulama ve \u0130\u015f Uygulama Merkezi \u00f6\u011frencileri taraf\u0131ndan haz\u0131rland\u0131. Birlikteyiz Projesi kapsam\u0131nda y\u0131l boyu yap\u0131lan \u00e7al\u0131\u015fmalar\u0131n anlat\u0131ld\u0131\u011f\u0131 sunumla ba\u015flayan etkinlikte, Mezitli \u00d6zel E\u011fitim Uygulama ve \u0130\u015f Uygulama Okulu \u00f6\u011frencileri taraf\u0131ndan step g\u00f6sterisi, Mersin B\u00fcy\u00fck\u015fehir Belediyesi \u00d6zel E\u011fitim ve \u0130\u015f Uygulama Merkezi taraf\u0131ndan da Kafkas dans g\u00f6sterisi sergilendi. Mezitli \u00d6zel E\u011fitim Uygulama ve \u0130\u015f Uygulama Merkezi \u00f6\u011frencilerinin olu\u015fturdu\u011fu koro, seslendirdi\u011fi \u015fark\u0131larla ve ponpon g\u00f6sterileri ile izleyenleri e\u011flendirirken, Kuyuluk \u00d6zel E\u011fitim Mesleki E\u011fitim Merkezi ritim grubunun ger\u00e7ekle\u015ftirdi\u011fi dans g\u00f6sterisi ile salonda e\u011flenceli dakikalar ya\u015fand\u0131. Etkinli\u011fin sonunda payda\u015f okullar\u0131n \u00f6\u011frencileri sahneye \u00e7\u0131karak, ponpon grubu e\u015fli\u011finde \u201cHayat Bayram Olsa\u201d adl\u0131 \u015fark\u0131y\u0131 seslendirdi.<\/p>\n","protected":false},"excerpt":{"rendered":"<p>Mersin B\u00fcy\u00fck\u015fehir Belediyesi\u2019nin katk\u0131lar\u0131yla Toroslar \u0130l\u00e7e Milli E\u011fitim M\u00fcd\u00fcrl\u00fc\u011f\u00fc himayesinde, Mersin genelinde engelli bireyler i\u00e7in e\u011fitim veren kurumlar\u0131n d\u00fczenledi\u011fi \u2018Birlikteyiz Projesi\u2019nin May\u0131s ay\u0131 etkinli\u011finde bir araya gelen engelliler ve aileleri &hellip; <a href=\"https:\/\/akdenizolaygazetesi.com\/?p=1192\" class=\"more-link\">Devam\u0131n\u0131 Oku&#8230;<\/a><\/p>\n","protected":false},"author":1,"featured_media":0,"comment_status":"open","ping_status":"open","sticky":false,"template":"","format":"standard","meta":[],"categories":[],"tags":[],"_links":{"self":[{"href":"https:\/\/akdenizolaygazetesi.com\/index.php?rest_route=\/wp\/v2\/posts\/1192"}],"collection":[{"href":"https:\/\/akdenizolaygazetesi.com\/index.php?rest_route=\/wp\/v2\/posts"}],"about":[{"href":"https:\/\/akdenizolaygazetesi.com\/index.php?rest_route=\/wp\/v2\/types\/post"}],"author":[{"embeddable":true,"href":"https:\/\/akdenizolaygazetesi.com\/index.php?rest_route=\/wp\/v2\/users\/1"}],"replies":[{"embeddable":true,"href":"https:\/\/akdenizolaygazetesi.com\/index.php?rest_route=%2Fwp%2Fv2%2Fcomments&post=1192"}],"version-history":[{"count":0,"href":"https:\/\/akdenizolaygazetesi.com\/index.php?rest_route=\/wp\/v2\/posts\/1192\/revisions"}],"wp:attachment":[{"href":"https:\/\/akdenizolaygazetesi.com\/index.php?rest_route=%2Fwp%2Fv2%2Fmedia&parent=1192"}],"wp:term":[{"taxonomy":"category","embeddable":true,"href":"https:\/\/akdenizolaygazetesi.com\/index.php?rest_route=%2Fwp%2Fv2%2Fcategories&post=1192"},{"taxonomy":"post_tag","embeddable":true,"href":"https:\/\/akdenizolaygazetesi.com\/index.php?rest_route=%2Fwp%2Fv2%2Ftags&post=1192"}],"curies":[{"name":"wp","href":"https:\/\/api.w.org\/{rel}","templated":true}]}}