{"id":11928,"date":"2021-04-18T09:51:58","date_gmt":"2021-04-18T06:51:58","guid":{"rendered":"http:\/\/akdenizolaygazetesi.com\/?p=11928"},"modified":"2021-04-18T09:52:49","modified_gmt":"2021-04-18T06:52:49","slug":"buyuksehirden-708-ari-yetistiricisine-bal-gibi-destek","status":"publish","type":"post","link":"https:\/\/akdenizolaygazetesi.com\/?p=11928","title":{"rendered":"B\u00dcY\u00dcK\u015eEH\u0130R\u2019DEN 708 ARI YET\u0130\u015eT\u0130R\u0130C\u0130S\u0130NE \u2018BAL\u2019 G\u0130B\u0130 DESTEK"},"content":{"rendered":"<p>Mersin B\u00fcy\u00fck\u015fehir Belediyesi Tar\u0131msal ve Veteriner Hizmetleri Dairesi Ba\u015fkanl\u0131\u011f\u0131, \u2018Bal Gibi Destek, Her Petekte Gelecek!\u2019 slogan\u0131yla ba\u015flatt\u0131\u011f\u0131 proje kapsam\u0131nda kentin 13 il\u00e7esindeki 708 ar\u0131 yeti\u015ftiricine petek, ar\u0131c\u0131 k\u00f6r\u00fc\u011f\u00fc ve ar\u0131c\u0131 maskesinden olu\u015fan koliler ula\u015ft\u0131rd\u0131. Artan ekipman maliyetleri nedeniyle zor bir s\u00fcre\u00e7 ge\u00e7irdiklerini belirten ar\u0131 yeti\u015ftiricileri, piyasadaki sahte bal sat\u0131\u015flar\u0131n\u0131n da kazan\u00e7lar\u0131n\u0131 olumsuz etkiledi\u011fini vurgulad\u0131. Mesle\u011fi b\u0131rakma noktas\u0131na geldiklerini belirten baz\u0131 ar\u0131 yeti\u015ftiricileri, B\u00fcy\u00fck\u015fehir\u2019in sundu\u011fu deste\u011fin kendilerine can suyu oldu\u011funu s\u00f6yledi.<\/p>\n<p>Ar\u0131 yeti\u015ftiricilerinin \u015fu g\u00fcnlerde tek iste\u011fi mesleklerini s\u00fcrd\u00fcrebilmek<\/p>\n<p>\u0130lk etapta Silifke ve Erdemli\u2019de toplam 268 \u00fcreticiye ekipman deste\u011fi sa\u011flayan B\u00fcy\u00fck\u015fehir, bu da\u011f\u0131t\u0131mlar\u0131 11 il\u00e7ede daha s\u00fcrd\u00fcrd\u00fc. \u0130lkbaharla birlikte \u00fcretim \u00e7al\u0131\u015fmalar\u0131na ba\u015flayan \u00fcreticiler, sa\u011flanan destekten memnun kald\u0131klar\u0131n\u0131 vurgulad\u0131. Ar\u0131 yeti\u015ftiricilerinin \u015fu g\u00fcnlerde tek iste\u011fi, ekonomik zorluklar nedeniyle b\u0131rakma noktas\u0131na geldikleri mesleklerini s\u00fcrd\u00fcrebilmek. Kentin y\u00fcksek kesimlerindeki o \u00fcreticiler, daha verimli \u00fcretim yapabilmeleri i\u00e7in ar\u0131lar\u0131na g\u00f6z\u00fc gibi bak\u0131yor.<\/p>\n<p>\u201c100 kovan\u0131n alt\u0131nda \u00fcretim yapan 708 yeti\u015ftiricimize ekipman deste\u011fi sa\u011flad\u0131k\u201d<\/p>\n<p>Tar\u0131msal Hizmetler E\u011fitim ve Kooperatifler \u015eube M\u00fcd\u00fcr\u00fc Sel\u00e7uk \u015eahuto\u011flu, ar\u0131c\u0131l\u0131\u011f\u0131n do\u011faya ve \u00e7evreye zarar\u0131 olmadan yap\u0131labilen bir tar\u0131msal \u00fcretim \u015fekli oldu\u011funu, g\u00fcn\u00fcm\u00fczde ve gelecekte s\u00fcrd\u00fcr\u00fclebilir bir tar\u0131msal faaliyet niteli\u011finde bulundu\u011funu s\u00f6yledi. \u015eahuto\u011flu, \u201cBu bilin\u00e7le Mersin B\u00fcy\u00fck\u015fehir Belediyesi olarak Mersin \u0130li Ar\u0131 Yeti\u015ftiricileri Birli\u011fi\u2019ne kay\u0131tl\u0131 100 kovan\u0131n alt\u0131nda \u00fcretim yapan toplam 708 yeti\u015ftiricimize ar\u0131c\u0131l\u0131k maskesi, ar\u0131c\u0131l\u0131k k\u00f6r\u00fc\u011f\u00fc ve 3 kilogram petekten olu\u015fan bir ekipman deste\u011fi sa\u011flam\u0131\u015f bulunmaktay\u0131z. Ayr\u0131ca ar\u0131 yeti\u015ftiricilerimizin ya\u015fam\u0131\u015f oldu\u011fu pazar s\u0131k\u0131nt\u0131lar\u0131na kal\u0131c\u0131 bir \u00e7\u00f6z\u00fcm \u00fcretmek amac\u0131yla da Mezitli, Yeni\u015fehir ve Tarsus il\u00e7elerine toplam \u00fc\u00e7 adet \u2018Bal Evi\u2019ni konu\u015fland\u0131raca\u011f\u0131z. Bu \u015fekilde t\u00fcketicilerin sa\u011fl\u0131kl\u0131 bala ula\u015f\u0131m\u0131n\u0131, \u00fcreticilerin de pazar sorunlar\u0131n\u0131 ortadan kald\u0131rm\u0131\u015f olaca\u011f\u0131z. \u00dcrettikleri ballar\u0131 t\u00fcketiciye ula\u015ft\u0131rmadaki en k\u0131sa yolu sa\u011flam\u0131\u015f olaca\u011f\u0131z\u201d diye konu\u015ftu.<\/p>\n<p>\u201cBal fiyatlar\u0131nda %25, ekipman fiyatlar\u0131nda %50 civar\u0131nda art\u0131\u015f s\u00f6z konusu\u201d<\/p>\n<p>Mersin \u0130li Ar\u0131 Yeti\u015ftiricileri Birli\u011fi Y\u00f6netim Kurulu Ba\u015fkan\u0131 Adem Kurt, sofralarda en \u00e7ok t\u00fcketilen bal\u0131n yayla \u00e7i\u00e7ek bal\u0131 oldu\u011funu ifade ederek, 850 graml\u0131k bir kavanoz bal\u0131n \u015fu anda \u00fcretim maliyetinin 30-35 TL band\u0131nda oldu\u011fu s\u00f6yledi. Kurt,  baz\u0131 y\u0131llarda bal \u00fcretim azl\u0131\u011f\u0131 ve \u00e7oklu\u011funa g\u00f6re maliyetin d\u00fc\u015fme ya da y\u00fckselme g\u00f6sterdi\u011fini belirterek, \u201cBal fiyatlar\u0131nda ge\u00e7en y\u0131la oranla %25 civar\u0131nda bir art\u0131\u015f s\u00f6z konusu ama ekipman fiyatlar\u0131nda ne yaz\u0131k ki en az %50 civar\u0131nda art\u0131\u015f s\u00f6z konusu\u201d dedi.<\/p>\n<p>\u201cGelirde ciddi bir azalma var\u201d<\/p>\n<p>Mersin\u2019de yakla\u015f\u0131k 4 bine yak\u0131n kay\u0131tl\u0131, 1000 civar\u0131nda da kay\u0131ts\u0131z ar\u0131 yeti\u015ftiricisi bulundu\u011funu belirten Kurt, piyasadaki sahte ballar\u0131n \u00fcreticiyi olumsuz etkiledi\u011fini vurgulad\u0131. Kurt, \u015funlar\u0131 s\u00f6yledi:<\/p>\n<p>\u201cMersin ar\u0131 \u00fcretiminde her ge\u00e7en g\u00fcn sekt\u00f6r olarak ciddi b\u00fcy\u00fcme g\u00f6steren bir \u015fehrimiz. Do\u011fadan ne gelirse onu alan ve piyasaya s\u00fcren \u00fcretici kesime sahibiz. Tamamen do\u011faya ba\u011f\u0131ml\u0131y\u0131z. Do\u011fan\u0131n verdi\u011fi olumsuzluklardan dolay\u0131 elde etti\u011fi \u00fcr\u00fcn\u00fcn azl\u0131\u011f\u0131 neticesinde yeterli fiyata satamad\u0131\u011f\u0131 i\u00e7in gelirde ciddi bir azalma var. Bir de sahte bal aromal\u0131 \u015furuplarla piyasada rekabet edememesinden dolay\u0131 \u00fcretimde ciddi \u015fekilde s\u0131k\u0131nt\u0131lar ya\u015f\u0131yorlar. Ar\u0131c\u0131lar\u0131m\u0131z k\u0131t kanaat ge\u00e7inip hep \u00e7ok az destekle ayakta durmaya \u00e7al\u0131\u015fan insanlar. \u00c7ok fazla geliri olan insanlar de\u011fil. Azla \u00e7o\u011fu yapmaya \u00e7al\u0131\u015fan bir sekt\u00f6r. Ger\u00e7ekten zor ve s\u0131k\u0131nt\u0131l\u0131 bir d\u00f6nemden ge\u00e7iyoruz. B\u00fcy\u00fck\u015fehir Belediye Ba\u015fkan\u0131m\u0131z Say\u0131n Vahap Se\u00e7er ve ekibine \u00e7ok te\u015fekk\u00fcr ediyoruz. B\u00fcy\u00fck\u015fehir Belediyesi\u2019nin da\u011f\u0131tt\u0131\u011f\u0131 ekipmanlar ar\u0131c\u0131n\u0131n cebinden \u00e7\u0131kacak olan paray\u0131 bir \u015fekilde durdurma y\u00f6n\u00fcndedir. Bunun yan\u0131nda Bal Evleri, bal sat\u0131\u015f noktalar\u0131 hayalimiz ger\u00e7ekle\u015fiyor.\u201d<\/p>\n<p>\u201c\u00dcreten bir anneyim, \u00e7ocuklar\u0131ma bunu bir meslek olarak \u00f6\u011fretmek istiyorum\u201d<\/p>\n<p>Erdemli\u2019nin K\u00f6sbuca\u011f\u0131 Mahallesi\u2019nde 3\u2019\u00fc \u00fcniversitede 1\u2019i ilkokulda okuyan 4 \u00e7ocu\u011fu bulunan ve ar\u0131c\u0131l\u0131k yapan Rukiye Ayd\u0131n, \u00e7ift\u00e7ilikle ge\u00e7indiklerini ve masraflar\u0131n \u00e7o\u011fald\u0131\u011f\u0131n\u0131 ifade etti. Ar\u0131c\u0131l\u0131\u011fa bir kursa giderek ba\u015flad\u0131\u011f\u0131n\u0131 s\u00f6yleyen Ayd\u0131n, ar\u0131c\u0131l\u0131ktan sa\u011flad\u0131\u011f\u0131 kazanc\u0131 \u00e7ocuklar\u0131n\u0131n gelece\u011fi i\u00e7in kullanmak istedi\u011fini vurgulad\u0131. Ayd\u0131n, \u201cBen bir 10 y\u0131l yapar\u0131m, \u00e7ocuklar\u0131m\u0131n da bunu devam ettirmesini istiyorum. Her konuda hem ana ar\u0131, hem bal \u00fcretimi, organik bal her konuda \u00e7ocuklar\u0131ma bunu bir meslek olarak \u00f6\u011fretmek istiyorum\u201d diye konu\u015ftu. B\u00fcy\u00fck\u015fehir\u2019in ekipman deste\u011finden duydu\u011fu memnuniyeti ise, \u201cMemnunuz Ba\u015fkan\u0131m\u0131zdan. \u0130nsanlar\u0131, her kesimi d\u00fc\u015f\u00fcn\u00fcyor\u201d s\u00f6zleriyle ifade etti.<\/p>\n<p>\u201cBenim i\u015fim ar\u0131c\u0131l\u0131k, bal olmazsa ben a\u00e7 kal\u0131r\u0131m, ben a\u00e7sam \u00e7ocuklar\u0131m da a\u00e7t\u0131r\u201d<\/p>\n<p>Erdemli il\u00e7esinde krali\u00e7e ar\u0131 \u00fcretimi yapan Ahmet Ero\u011flu, \u201cBal \u00fcretiminde rekolte her ge\u00e7en g\u00fcn d\u00fc\u015f\u00fcyor. Sahte bal piyasaya girdi. \u0130nsanlar ma\u011fdur, ger\u00e7ek bala ula\u015fam\u0131yor, \u00e7i\u00e7ek bal\u0131 yemiyorlar yeseler de bize ula\u015fam\u0131yorlar. Birlik bu konuda bir\u00e7ok giri\u015fimde bulundu. \u00dcreticilerimizden bal\u0131 direkt al\u0131p t\u00fcketiciye ula\u015ft\u0131r\u0131yorlar, onun d\u0131\u015f\u0131nda b\u00fct\u00fcn ekipmanlar da % 100\u2019l\u00fck art\u0131\u015f var. \u00d6zellikle 2019-2021 y\u0131l\u0131 aras\u0131nda 18 TL\u2019lik kutu 40 TL\u2019ye y\u00fckseldi, basit bir k\u00f6p\u00fck krali\u00e7e ar\u0131 kutusu. B\u00fcy\u00fck\u015fehir Belediyesi\u2019ne \u00e7ok te\u015fekk\u00fcr ediyoruz. Ar\u0131c\u0131lar\u0131m\u0131za ekipman da\u011f\u0131tt\u0131lar. \u00d6zellikle yeni ba\u015flayan ar\u0131c\u0131lar\u0131m\u0131z bundan faydaland\u0131lar. Desteklerinin devam\u0131n\u0131 bekliyoruz, memnunuz sa\u011f olsunlar\u201d dedi.<\/p>\n<p>Ar\u0131c\u0131l\u0131ktan kazand\u0131\u011f\u0131 paray\u0131 i\u015fletmeyi b\u00fcy\u00fctmek ve ailesini ge\u00e7indirmek i\u00e7in kulland\u0131\u011f\u0131n\u0131 vurgulayan Ero\u011flu, \u201cBa\u015fka bir gelirim yok. Benim i\u015fim bu; ar\u0131c\u0131l\u0131k. Bu y\u0131l bal olmazsa ben a\u00e7 kal\u0131r\u0131m, ben a\u00e7sam \u00e7ocuklar\u0131m da a\u00e7t\u0131r\u201d diye konu\u015ftu.<\/p>\n<p>\u201cAr\u0131lar kendini katlayabiliyor lakin kovanlar kendili\u011finden artm\u0131yor\u201d<\/p>\n<p>Erdemli\u2019deki ar\u0131 yeti\u015ftiricisi kad\u0131nlar\u0131 cesaretlendirme noktas\u0131nda \u00f6nemli \u00e7abalar g\u00f6steren Y\u0131ld\u0131z Zeynep Mavi, 20 y\u0131ld\u0131r sekt\u00f6r\u00fcn i\u00e7erisinde hem ara\u015ft\u0131rma hem de \u00fcretim a\u015famalar\u0131nda \u00e7al\u0131\u015fma y\u00fcr\u00fctt\u00fc\u011f\u00fcn\u00fc s\u00f6yledi. \u00dcretim girdi ve bak\u0131m maliyetlerinin \u00fcreticinin belini b\u00fckt\u00fc\u011f\u00fcn\u00fc belirten Mavi, \u201cMaliyetlerinin artmas\u0131 insanlar\u0131 alternatif meslek aray\u0131\u015f\u0131na veya yan gelir sa\u011flamak \u00fczere farkl\u0131 mesleklere y\u00f6nlendirdi. Baz\u0131 sezonlar istedi\u011fimiz verimi yakalayam\u0131yoruz. 3 ton bal beklerken, 500-600 kilo bal anca alabiliyoruz. K\u00f6t\u00fc ge\u00e7irdi\u011fimiz sezonlar\u0131n ard\u0131ndan maddi ve manevi deste\u011fe ihtiyac\u0131m\u0131z oluyor. En b\u00fcy\u00fck girdimiz kovan olarak kar\u015f\u0131m\u0131za \u00e7\u0131k\u0131yor. Ar\u0131lar kendini katlayabiliyor, koloni adetini art\u0131rabiliyoruz. Lakin kovanlar kendili\u011finden artm\u0131yor. Mesela 4-5 y\u0131l \u00f6nce bir s\u0131f\u0131r kovan, langostrot tipi modern bir kovan 90-100 lira civar\u0131ndayken, son iki y\u0131lda bu kovan\u0131n maliyeti 250-300 liraya kadar vard\u0131\u201d diye konu\u015ftu.<\/p>\n<p>\u201cBu destekle petek alacak \u00fcreticinin maliyeti cebinde kald\u0131\u201d<\/p>\n<p>5-10 liral\u0131k bir ar\u0131c\u0131 k\u00f6r\u00fc\u011f\u00fcn\u00fcn birka\u00e7 y\u0131l i\u00e7erisinde 70-80 liral\u0131k bir maliyete ula\u015ft\u0131\u011f\u0131n\u0131 belirten Mavi, B\u00fcy\u00fck\u015fehir\u2019in i\u00e7erisinde ar\u0131c\u0131 k\u00f6r\u00fc\u011f\u00fc de bulunan ekipman deste\u011fine de\u011finerek, \u201cBu s\u00fcre\u00e7te zorland\u0131\u011f\u0131m\u0131z anlar oldu. B\u00fcy\u00fck\u015fehir Belediye Ba\u015fkan\u0131 Say\u0131n Vahap Se\u00e7er\u2019e ve proje ekibine bu anlamda te\u015fekk\u00fcr ederim. Daha ge\u00e7en hafta en az\u0131ndan k\u00f6r\u00fck, ar\u0131c\u0131 maskesi ve petek hediye ettiler k\u00fc\u00e7\u00fck ve orta \u00f6l\u00e7ekli arac\u0131lar\u0131m\u0131za, ihtiya\u00e7lar\u0131n\u0131 kar\u015f\u0131lad\u0131lar. Bu anlamda mesela bu hafta petek alacak olanlar petek almaktan vazge\u00e7ti, o maliyeti cebinde kald\u0131. K\u00f6r\u00fck alacak olan k\u00f6r\u00fc\u011f\u00fcn\u00fc yeniledi, bunun sevincini \u00e7evremizdeki ar\u0131c\u0131lardan g\u00f6rebiliyoruz. Biz yerelde ar\u0131c\u0131lar olarak yaln\u0131z olmad\u0131\u011f\u0131m\u0131z\u0131 hissediyoruz zaman zaman ama bunu her zaman hissetmek isteriz\u201d ifadelerine yer verdi.<\/p>\n<p>\u201cBeni bu sekt\u00f6re iten en b\u00fcy\u00fck sebep do\u011faya olan borcumuz\u201d<\/p>\n<p>29 ya\u015f\u0131ndaki Yusuf K\u00f6ktebe, Erdemli\u2019de ya\u015fad\u0131\u011f\u0131n\u0131 ve \u015fu anda Mu\u011fla S\u0131tk\u0131 Ko\u00e7man \u00dcniversitesi Ali Ko\u00e7man Meslek Y\u00fcksek Okulu Ar\u0131c\u0131l\u0131k B\u00f6l\u00fcm\u00fc\u2019nde okudu\u011funu s\u00f6yledi. Bal \u00fcreticisinin en b\u00fcy\u00fck sorunlar\u0131ndan birisinin piyasadaki sahte ballar oldu\u011funu belirten K\u00f6ktebe, \u201c\u00dclkemizde ger\u00e7ekten ar\u0131c\u0131l\u0131kla ge\u00e7inen \u00e7ok fazla aile var. \u00d6ncelikle en b\u00fcy\u00fck problemlerden birisi sahte bal. Sahte bal piyasada \u00e7ok fazla. Bunu do\u011fal olarak vatanda\u015f\u0131n bilmesi \u00e7ok zor. Bu anca laboratuvar ortamlar\u0131nda bilinen durum\u201d dedi.<\/p>\n<p>\u201c30 y\u0131ld\u0131r b\u00f6yle bir hizmet, b\u00f6yle bir destek almam\u0131\u015ft\u0131m\u201d<\/p>\n<p>Ar\u0131 yeti\u015ftiricilerinden Saim Korkmaz, \u201cBu destek bize ve di\u011fer ar\u0131c\u0131 arkada\u015flar\u0131m\u0131za \u00e7ok iyi geldi. Ar\u0131c\u0131l\u0131\u011f\u0131 b\u0131rakma karar\u0131 ald\u0131\u011f\u0131m\u0131z halde bu destekler bizi cesaretlendirdi. Mesle\u011fimize devam etme karar\u0131 ald\u0131k. 30 y\u0131ld\u0131r ar\u0131c\u0131l\u0131k yap\u0131yorum. 30 y\u0131ld\u0131r b\u00f6yle bir hizmet, b\u00f6yle bir yard\u0131m almam\u0131\u015ft\u0131m\u201d dedi.<\/p>\n<p>Emel \u00d6zdemir ise mesle\u011fe 3 y\u0131l \u00f6nce ba\u015flad\u0131\u011f\u0131n\u0131 belirterek, \u201cAr\u0131 ile ilgilenmeyi \u00e7ok seviyorum. Do\u011fdu\u011fum yerde doymak, kendi ayaklar\u0131m\u0131n \u00fczerinde durmak, ev ekonomisine faydal\u0131 olan bir kad\u0131n olmak bana g\u00fc\u00e7 veriyor\u201d diye konu\u015ftu.<\/p>\n","protected":false},"excerpt":{"rendered":"<p>Mersin B\u00fcy\u00fck\u015fehir Belediyesi Tar\u0131msal ve Veteriner Hizmetleri Dairesi Ba\u015fkanl\u0131\u011f\u0131, \u2018Bal Gibi Destek, Her Petekte Gelecek!\u2019 slogan\u0131yla ba\u015flatt\u0131\u011f\u0131 proje kapsam\u0131nda kentin 13 il\u00e7esindeki 708 ar\u0131 yeti\u015ftiricine petek, ar\u0131c\u0131 k\u00f6r\u00fc\u011f\u00fc ve ar\u0131c\u0131 &hellip; <a href=\"https:\/\/akdenizolaygazetesi.com\/?p=11928\" class=\"more-link\">Devam\u0131n\u0131 Oku&#8230;<\/a><\/p>\n","protected":false},"author":2,"featured_media":11930,"comment_status":"open","ping_status":"open","sticky":false,"template":"","format":"standard","meta":[],"categories":[1,2,3],"tags":[],"_links":{"self":[{"href":"https:\/\/akdenizolaygazetesi.com\/index.php?rest_route=\/wp\/v2\/posts\/11928"}],"collection":[{"href":"https:\/\/akdenizolaygazetesi.com\/index.php?rest_route=\/wp\/v2\/posts"}],"about":[{"href":"https:\/\/akdenizolaygazetesi.com\/index.php?rest_route=\/wp\/v2\/types\/post"}],"author":[{"embeddable":true,"href":"https:\/\/akdenizolaygazetesi.com\/index.php?rest_route=\/wp\/v2\/users\/2"}],"replies":[{"embeddable":true,"href":"https:\/\/akdenizolaygazetesi.com\/index.php?rest_route=%2Fwp%2Fv2%2Fcomments&post=11928"}],"version-history":[{"count":1,"href":"https:\/\/akdenizolaygazetesi.com\/index.php?rest_route=\/wp\/v2\/posts\/11928\/revisions"}],"predecessor-version":[{"id":11929,"href":"https:\/\/akdenizolaygazetesi.com\/index.php?rest_route=\/wp\/v2\/posts\/11928\/revisions\/11929"}],"wp:featuredmedia":[{"embeddable":true,"href":"https:\/\/akdenizolaygazetesi.com\/index.php?rest_route=\/wp\/v2\/media\/11930"}],"wp:attachment":[{"href":"https:\/\/akdenizolaygazetesi.com\/index.php?rest_route=%2Fwp%2Fv2%2Fmedia&parent=11928"}],"wp:term":[{"taxonomy":"category","embeddable":true,"href":"https:\/\/akdenizolaygazetesi.com\/index.php?rest_route=%2Fwp%2Fv2%2Fcategories&post=11928"},{"taxonomy":"post_tag","embeddable":true,"href":"https:\/\/akdenizolaygazetesi.com\/index.php?rest_route=%2Fwp%2Fv2%2Ftags&post=11928"}],"curies":[{"name":"wp","href":"https:\/\/api.w.org\/{rel}","templated":true}]}}