{"id":1193,"date":"2020-11-04T18:21:47","date_gmt":"2020-11-04T15:21:47","guid":{"rendered":"http:\/\/mersinekonomipolitikagazetesi.com\/?p=1193"},"modified":"2020-11-04T18:21:47","modified_gmt":"2020-11-04T15:21:47","slug":"silifkede-3-cocuk-kayiplara-karisti","status":"publish","type":"post","link":"https:\/\/akdenizolaygazetesi.com\/?p=1193","title":{"rendered":"Silifke\u2019de 3 \u00e7ocuk kay\u0131plara kar\u0131\u015ft\u0131"},"content":{"rendered":"<p>Mersin\u2019in Silifke il\u00e7esinde ortaokul ve lise \u00f6\u011frencisi 3 \u00e7ocuk, sabah okula gittikten sonra bir daha evlerine d\u00f6nmedi.<\/p>\n<p>Al\u0131nan bilgiye g\u00f6re, Silifke\u2019de sabah okula gitmek \u00fczere evden \u00e7\u0131kan \u0130mam Hatip Ortaokulunda okuyan 7&#8217;nci s\u0131n\u0131f \u00f6\u011frencisi Fahri Yi\u011fit Y\u0131ld\u0131z (14), End\u00fcstri Meslek Lisesi 8&#8217;inci s\u0131n\u0131f \u00f6\u011frencisi 15 ya\u015f\u0131ndaki Kadir K\u0131rm\u0131z\u0131g\u00f6l ve End\u00fcstri Meslek Lisesi 9&#8217;uncu s\u0131n\u0131f \u00f6\u011frencisi 16 ya\u015f\u0131ndaki Kadir \u0130bri\u015fim geri d\u00f6nmedi.<br \/>\nOkullar\u0131n tatile girmesine yak\u0131n bir zaman kala devams\u0131zl\u0131klar\u0131 olan \u00f6\u011frencilerin en son sahilde g\u00f6r\u00fcld\u00fckleri \u00f6\u011frenilirken g\u00f6z\u00fc ya\u015fl\u0131 aileler \u00e7ocuklar\u0131n\u0131n ba\u015f\u0131na herhangi bir olumsuz durumun gelmesinden korkuyor. Fahri Yi\u011fit Y\u0131ld\u0131z\u2019\u0131n babas\u0131 Muhammed U\u011fur Y\u0131ld\u0131z (39), Kadir K\u0131rm\u0131z\u0131g\u00f6l\u2019\u00fcn babas\u0131 Celal K\u0131rm\u0131z\u0131g\u00f6l (40) ve Kadir \u0130bri\u015fim\u2019in babas\u0131 Hanifi \u0130bri\u015fim (38) her yerde \u00e7ocuklar\u0131n\u0131 ararken, herhangi bir haber al\u0131namad\u0131\u011f\u0131n\u0131 belirtti.<br \/>\nPolis ve jandarmaya giden aileler, \u00e7ocuklar\u0131n\u0131n hayat\u0131ndan endi\u015fe ettiklerini belirtirken, g\u00f6ren ve duyanlar\u0131n kendilerine haber verilmesini istedi. Elleri telefonda g\u00f6zleri kap\u0131da \u00e7ocuklar\u0131ndan gelecek olan iyi haberleri bekleyen aileler peri\u015fan durumda olduklar\u0131n\u0131 s\u00f6yledi.<br \/>\nFahri Yi\u011fit Y\u0131ld\u0131z\u2019\u0131n babas\u0131 Muhammed U\u011fur Y\u0131ld\u0131z \u00e7ocu\u011fundan gelecek iyi bir haberi beklediklerini belirterek, &#8220;O\u011flumun b\u00f6yle bir olay\u0131 ger\u00e7ekle\u015ftirece\u011fini tahmin etmedik. Sabah okula gider ak\u015fam gelirdi. \u0130\u015fe gittim. Ak\u015fam geldi\u011fimizde \u00e7ocu\u011fumuzun eve gelmedi\u011fini g\u00f6r\u00fcnce tedirgin olduk. Arad\u0131k sorduk. Ama o\u011flumuzdan bir haber alamad\u0131k. Bulanlar\u0131n veya g\u00f6renlerin bizlere haber vermesini istiyoruz&#8221; dedi.<br \/>\nKadir K\u0131rm\u0131z\u0131g\u00f6l\u2019\u00fcn babas\u0131 Celal K\u0131rm\u0131z\u0131g\u00f6l, &#8220;\u00c7ocu\u011fumdan gelecek iyi bir haberi bekliyoruz. Kendisine k\u0131zmayaca\u011f\u0131z. Yeter ki sa\u011f salim evine gelsin&#8221; diye konu\u015ftu.<br \/>\nKadir \u0130bri\u015fim\u2019in babas\u0131 Hanifi \u0130bri\u015fim, &#8220;Her yerde o\u011flumuzu ar\u0131yoruz. 2 g\u00fcn oldu. Ama ses seda yok. Peri\u015fan haldeyiz&#8221; ifadelerini kaydetti.<br \/>\nKadir \u0130bri\u015fim\u2019in annesi Emine \u0130bri\u015fim (42) ise &#8220;\u00c7ocu\u011fumu g\u00f6ren duyan olursa bizlere haber versinler. Eve gelmesini bekliyoruz. Korkmas\u0131nlar kendilerine k\u0131zmayaca\u011f\u0131z. Yeter ki \u00e7ocuklar\u0131m\u0131z bulunsun&#8221; dedi.<\/p>\n","protected":false},"excerpt":{"rendered":"<p>Mersin\u2019in Silifke il\u00e7esinde ortaokul ve lise \u00f6\u011frencisi 3 \u00e7ocuk, sabah okula gittikten sonra bir daha evlerine d\u00f6nmedi. Al\u0131nan bilgiye g\u00f6re, Silifke\u2019de sabah okula gitmek \u00fczere evden \u00e7\u0131kan \u0130mam Hatip Ortaokulunda &hellip; <a href=\"https:\/\/akdenizolaygazetesi.com\/?p=1193\" class=\"more-link\">Devam\u0131n\u0131 Oku&#8230;<\/a><\/p>\n","protected":false},"author":1,"featured_media":0,"comment_status":"open","ping_status":"open","sticky":false,"template":"","format":"standard","meta":[],"categories":[],"tags":[],"_links":{"self":[{"href":"https:\/\/akdenizolaygazetesi.com\/index.php?rest_route=\/wp\/v2\/posts\/1193"}],"collection":[{"href":"https:\/\/akdenizolaygazetesi.com\/index.php?rest_route=\/wp\/v2\/posts"}],"about":[{"href":"https:\/\/akdenizolaygazetesi.com\/index.php?rest_route=\/wp\/v2\/types\/post"}],"author":[{"embeddable":true,"href":"https:\/\/akdenizolaygazetesi.com\/index.php?rest_route=\/wp\/v2\/users\/1"}],"replies":[{"embeddable":true,"href":"https:\/\/akdenizolaygazetesi.com\/index.php?rest_route=%2Fwp%2Fv2%2Fcomments&post=1193"}],"version-history":[{"count":0,"href":"https:\/\/akdenizolaygazetesi.com\/index.php?rest_route=\/wp\/v2\/posts\/1193\/revisions"}],"wp:attachment":[{"href":"https:\/\/akdenizolaygazetesi.com\/index.php?rest_route=%2Fwp%2Fv2%2Fmedia&parent=1193"}],"wp:term":[{"taxonomy":"category","embeddable":true,"href":"https:\/\/akdenizolaygazetesi.com\/index.php?rest_route=%2Fwp%2Fv2%2Fcategories&post=1193"},{"taxonomy":"post_tag","embeddable":true,"href":"https:\/\/akdenizolaygazetesi.com\/index.php?rest_route=%2Fwp%2Fv2%2Ftags&post=1193"}],"curies":[{"name":"wp","href":"https:\/\/api.w.org\/{rel}","templated":true}]}}