{"id":1194,"date":"2020-11-04T18:21:47","date_gmt":"2020-11-04T15:21:47","guid":{"rendered":"http:\/\/mersinekonomipolitikagazetesi.com\/?p=1194"},"modified":"2020-11-04T18:21:47","modified_gmt":"2020-11-04T15:21:47","slug":"bilincsiz-avcilar-yine-leylek-vurdu","status":"publish","type":"post","link":"https:\/\/akdenizolaygazetesi.com\/?p=1194","title":{"rendered":"Bilin\u00e7siz avc\u0131lar yine leylek vurdu"},"content":{"rendered":"<p>Mersin&#8217;in merkez il\u00e7e Toroslar Belediyesi ekipleri, De\u011firmendere Mahallesi\u2019nde saha \u00e7al\u0131\u015fmalar\u0131 yapt\u0131klar\u0131 s\u0131rada kanad\u0131ndan yaral\u0131 leylek buldu. Ekipler taraf\u0131ndan koruma alt\u0131na al\u0131nan leylek, Mersin B\u00fcy\u00fck\u015fehir Belediyesi Veteriner Hizmetleri Dairesi Ba\u015fkanl\u0131\u011f\u0131&#8217;na teslim edilerek, tedavisine ba\u015fland\u0131.<\/p>\n<p>Edinilen bilgiye g\u00f6re, Toroslar Belediyesi ekipleri De\u011firmendere Mahallesi&#8217;nde saha \u00e7al\u0131\u015fmas\u0131 yapt\u0131\u011f\u0131 s\u0131rada yerde kanad\u0131ndan yaral\u0131 leylek buldu. B\u00f6lgede gezen avc\u0131lar taraf\u0131ndan vuruldu\u011fu tahmin edilen leylek, belediye ekipleri taraf\u0131ndan koruma alt\u0131na al\u0131narak Mersin B\u00fcy\u00fck\u015fehir Belediyesi Veteriner Hizmetleri Dairesi Ba\u015fkanl\u0131\u011f\u0131\u2019na teslim edildi. Leyle\u011fin tedavisinin ard\u0131ndan yeniden do\u011faya b\u0131rak\u0131laca\u011f\u0131 bildirildi. Ge\u00e7ti\u011fimiz y\u0131l yine bilin\u00e7siz avc\u0131lar taraf\u0131ndan Slovakya ve Macaristanl\u0131 ku\u015f bilim uzmanlar\u0131nca takip cihaz\u0131 tak\u0131larak inceleme alt\u0131na al\u0131nan bir leylek vurulmu\u015f, yaral\u0131 leylek yap\u0131lan b\u00fct\u00fcn tedavilere ra\u011fmen kurtar\u0131lamam\u0131\u015ft\u0131.<br \/>\nToroslar Belediye Ba\u015fkan\u0131 Hamit Tuna&#8217;da yaral\u0131 leyle\u011fin bulundu\u011fu b\u00f6lgeye gelerek, yetkililerden bilgi ald\u0131. Hayvanlara her zaman sahip \u00e7\u0131k\u0131lmas\u0131 gerekti\u011finin belirten Tuna, &#8220;Avc\u0131lar taraf\u0131ndan vurulan bu leylek, s\u00fcr\u00fcn\u00fcn en \u00f6nde gideni olan siyah \u00f6nder leylek olarak bilinmektedir. Do\u011fan\u0131n g\u00fczelli\u011fine katk\u0131 sunan bu leyle\u011fin vurulmas\u0131n\u0131 k\u0131n\u0131yoruz. Bu hayvanlara sahip \u00e7\u0131k\u0131lmas\u0131 gerekiyor. Do\u011fan\u0131n dengesi de bu. Bu hayvanlar\u0131 vuranlar\u0131 da caniler olarak nitelendiriyoruz. Toplumumuzda bu ki\u015filerin de\u015fifre edilmesi gerekiyor. Bu hayvanlardan ne istediniz diye sormak laz\u0131m. Bu canili\u011fi yapanlar\u0131 da bulabilirsek gerekli cezan\u0131n verilmesi y\u00f6n\u00fcnde \u00fczerimize d\u00fc\u015feni de yapaca\u011f\u0131z. Ekip arkada\u015flar\u0131m\u0131z sahada gezerken kanad\u0131ndan vurulmu\u015f olan bu leyle\u011fimizi koruma alt\u0131na alarak sahip \u00e7\u0131kt\u0131lar. Ve leyle\u011fimizi Mersin B\u00fcy\u00fck\u015fehir Belediyesi Veteriner Hizmetleri Dairesi Ba\u015fkanl\u0131\u011f\u0131\u2019na teslim ettik. Leyle\u011fimiz, platin tak\u0131l\u0131p tedavisinin ard\u0131ndan do\u011fayla bulu\u015facak. Amac\u0131m\u0131z, do\u011fal ya\u015fam\u0131 korumakt\u0131r\u201d dedi.<\/p>\n","protected":false},"excerpt":{"rendered":"<p>Mersin&#8217;in merkez il\u00e7e Toroslar Belediyesi ekipleri, De\u011firmendere Mahallesi\u2019nde saha \u00e7al\u0131\u015fmalar\u0131 yapt\u0131klar\u0131 s\u0131rada kanad\u0131ndan yaral\u0131 leylek buldu. Ekipler taraf\u0131ndan koruma alt\u0131na al\u0131nan leylek, Mersin B\u00fcy\u00fck\u015fehir Belediyesi Veteriner Hizmetleri Dairesi Ba\u015fkanl\u0131\u011f\u0131&#8217;na teslim &hellip; <a href=\"https:\/\/akdenizolaygazetesi.com\/?p=1194\" class=\"more-link\">Devam\u0131n\u0131 Oku&#8230;<\/a><\/p>\n","protected":false},"author":1,"featured_media":0,"comment_status":"open","ping_status":"open","sticky":false,"template":"","format":"standard","meta":[],"categories":[],"tags":[],"_links":{"self":[{"href":"https:\/\/akdenizolaygazetesi.com\/index.php?rest_route=\/wp\/v2\/posts\/1194"}],"collection":[{"href":"https:\/\/akdenizolaygazetesi.com\/index.php?rest_route=\/wp\/v2\/posts"}],"about":[{"href":"https:\/\/akdenizolaygazetesi.com\/index.php?rest_route=\/wp\/v2\/types\/post"}],"author":[{"embeddable":true,"href":"https:\/\/akdenizolaygazetesi.com\/index.php?rest_route=\/wp\/v2\/users\/1"}],"replies":[{"embeddable":true,"href":"https:\/\/akdenizolaygazetesi.com\/index.php?rest_route=%2Fwp%2Fv2%2Fcomments&post=1194"}],"version-history":[{"count":0,"href":"https:\/\/akdenizolaygazetesi.com\/index.php?rest_route=\/wp\/v2\/posts\/1194\/revisions"}],"wp:attachment":[{"href":"https:\/\/akdenizolaygazetesi.com\/index.php?rest_route=%2Fwp%2Fv2%2Fmedia&parent=1194"}],"wp:term":[{"taxonomy":"category","embeddable":true,"href":"https:\/\/akdenizolaygazetesi.com\/index.php?rest_route=%2Fwp%2Fv2%2Fcategories&post=1194"},{"taxonomy":"post_tag","embeddable":true,"href":"https:\/\/akdenizolaygazetesi.com\/index.php?rest_route=%2Fwp%2Fv2%2Ftags&post=1194"}],"curies":[{"name":"wp","href":"https:\/\/api.w.org\/{rel}","templated":true}]}}