{"id":11940,"date":"2021-04-19T12:26:20","date_gmt":"2021-04-19T09:26:20","guid":{"rendered":"http:\/\/akdenizolaygazetesi.com\/?p=11940"},"modified":"2021-04-19T12:26:57","modified_gmt":"2021-04-19T09:26:57","slug":"en-yuksek-gramajli-ve-en-ucuz-pide-vatandasin-sofrasinda","status":"publish","type":"post","link":"https:\/\/akdenizolaygazetesi.com\/?p=11940","title":{"rendered":"EN Y\u00dcKSEK GRAMAJLI VE EN UCUZ P\u0130DE VATANDA\u015eIN SOFRASINDA"},"content":{"rendered":"<p>Mersin B\u00fcy\u00fck\u015fehir Belediyesi MER-EK Halk Ekmek Fabrikas\u0131, \u00e7o\u011funlu\u011fu kad\u0131nlardan olu\u015fan \u00fcretim a\u011f\u0131 ile T\u00fcrkiye\u2019nin en y\u00fcksek gramajl\u0131 ve en ucuz Ramazan pidelerini \u00fcretiyor. Hijyenik ko\u015fullarda titizlikle \u00fcretilen pideler, yine kad\u0131nlar taraf\u0131ndan i\u015fletilen MER-EK Halk Ekmek B\u00fcfeleri\u2019nden vatanda\u015flara ula\u015ft\u0131r\u0131l\u0131yor. Halk\u00e7\u0131 belediyecilik anlay\u0131\u015f\u0131 ile sunulan bu hizmet, pandemi s\u00fcrecinde ekonomik s\u0131k\u0131nt\u0131lar ya\u015fayan vatanda\u015flardan takdir topluyor.<\/p>\n<p>Bu hizmetin hamurunda kad\u0131n eme\u011fi var<\/p>\n<p>Ramazan Ay\u0131\u2019nda vatanda\u015flara sunulan lezzetli ve ucuz pidelerin \u00fcretiminden sat\u0131\u015f\u0131na kadar t\u00fcm s\u00fcre\u00e7lerinde kad\u0131nlar b\u00fcy\u00fck bir emek ve \u00f6zveriyle \u00e7al\u0131\u015f\u0131yor. MER-EK\u2019te g\u00f6revli g\u0131da m\u00fchendisi Dilara Aytuttu, \u201cHamurun yo\u011frulmas\u0131ndan, gramajlanmas\u0131na, \u015fekil verilmesine ve susamlanmas\u0131na kadar her a\u015famas\u0131nda kad\u0131n \u00e7al\u0131\u015fanlar\u0131m\u0131z mevcut. Tamamen hijyenik ko\u015fullarda \u00fcretilen pidelerimiz fabrikam\u0131zdan \u00e7\u0131k\u0131p yine bizim kontrollerimizle kad\u0131nlar taraf\u0131ndan i\u015fletilen Halk Ekmek b\u00fcfelerimizde sat\u0131\u015fa sunuluyor. Pidelerimiz buradan da vatanda\u015flar\u0131m\u0131z\u0131n sofralar\u0131na geliyor. Ramazan Ay\u0131 boyunca T\u00fcrkiye\u2019nin en y\u00fcksek gramajl\u0131 ve en uygun pidelerini vatanda\u015flar\u0131m\u0131z\u0131n sofras\u0131na ula\u015ft\u0131rd\u0131\u011f\u0131m\u0131z i\u00e7in gurur duyuyoruz\u201d diye konu\u015ftu.<\/p>\n<p>\u201c\u00dcniversitedeki iki \u00e7ocu\u011fumu i\u015fim sayesinde rahat\u00e7a okutuyorum\u201d<\/p>\n<p>MER-EK Halk Ekmek Fabrikas\u0131\u2019nda \u00e7al\u0131\u015fan ve pide \u00fcretiminde yo\u011fun emek sarf eden Teslime Sert, evli ve 2 \u00e7ocuk annesi oldu\u011funu belirterek, \u015funlar\u0131 s\u00f6yledi:<\/p>\n<p>\u201cKad\u0131nlara b\u00f6yle bir istihdam olana\u011f\u0131 sundu\u011fu i\u00e7in \u00f6ncelikle Ba\u015fkan\u0131m\u0131z\u2019a te\u015fekk\u00fcr ediyorum. Ger\u00e7ekten \u015fahs\u0131m ad\u0131na s\u00f6yleyebilirim ki hem vatanda\u015f olarak hem bir \u00e7al\u0131\u015fan olarak \u00e7ok memnunum. Ramazan pideleri hem ucuz hem \u00e7ok hijyenik ko\u015fullarda \u00fcretiliyor hem de kad\u0131nlar\u0131n katk\u0131s\u0131 b\u00fcy\u00fck. Ba\u015fkan\u0131m\u0131z sundu\u011fu olanaklarla sadece bizlere b\u00fcy\u00fck bir iyilik yapm\u0131yor, \u00fcniversitedeki iki \u00e7ocu\u011fumu i\u015fim sayesinde rahat\u00e7a okutuyorum. Bir vatanda\u015f olarak fakirin sofras\u0131na b\u00f6yle ucuz ve g\u00fczel ekmek girdi\u011fi i\u00e7in te\u015fekk\u00fcr ediyorum. \u00c7al\u0131\u015fan olarak da bizleri b\u00f6yle g\u00f6zetip kollad\u0131\u011f\u0131 i\u00e7in ayr\u0131ca te\u015fekk\u00fcr ediyorum. \u00dcretim a\u015famas\u0131nda bulunmak \u00e7ok g\u00fczel. Bir \u015feyler kat\u0131yoruz, insanlar\u0131n sofras\u0131nda oluyoruz. \u0130\u015fimi seviyorum, buray\u0131 seviyorum, ger\u00e7ekten \u00e7ok g\u00fczel bir \u00e7al\u0131\u015fma ortam\u0131m\u0131z var. Evimde gibiyim.\u201d<\/p>\n<p>\u201c\u00dcretti\u011fimiz ekmekler ak\u015fam vatanda\u015flar\u0131n sofras\u0131na gitti\u011finde mutlu oluyoruz\u201d<\/p>\n<p>\u201cHep bir araday\u0131z, bir aile gibiyiz\u201d diyerek s\u00f6zlerine ba\u015flayan MER-EK Halk Ekmek Fabrikas\u0131\u2019nda \u00e7al\u0131\u015fan Dilek Zenbilci, B\u00fcy\u00fck\u015fehir Belediyesi\u2019nde kad\u0131nlar\u0131n bu denli istihdam edilmesini b\u00fcy\u00fck bir ba\u015far\u0131 olarak yorumlad\u0131. Zenbilci, \u201cBu i\u015fin hamurunda kad\u0131nlar var. Bu i\u015fte \u00e7al\u0131\u015fmaktan mutluyuz. \u00dcretti\u011fimiz ekmekler ak\u015fam vatanda\u015flar\u0131n sofras\u0131na gitti\u011finde mutlu oluyoruz\u201d diye konu\u015ftu.<\/p>\n<p>\u201cVatanda\u015flar\u0131m\u0131z pidelerimizi g\u00f6n\u00fcl r\u0131zas\u0131yla yiyebilirler\u201d<\/p>\n<p>MER-EK Halk Ekmek Fabrikas\u0131\u2019nda \u00e7al\u0131\u015fan evli ve 1 \u00e7ocuk annesi Sinem Akarsu, \u201cBurada \u00e7o\u011funlu\u011fumuz kad\u0131n. Halk\u0131n sofralar\u0131na ekmeklerimizin gitti\u011fini g\u00f6rd\u00fc\u011f\u00fcm\u00fcz zaman daha \u00e7ok mutlu oluyoruz. Daha \u00f6nceleri i\u015fsizdim. 1 y\u0131ld\u0131r b\u00f6yle bir d\u00fczenin i\u00e7erisinde \u00e7al\u0131\u015f\u0131yorum. \u015eu anda aileme katk\u0131m fazla. \u015eu an bir kad\u0131n olarak katk\u0131m\u0131n olmas\u0131 daha g\u00fczel. Burada aile gibiyiz. Eme\u011fimizin kar\u015f\u0131l\u0131\u011f\u0131n\u0131 g\u00f6r\u00fcyoruz. Burada t\u00fcm \u00fcretim a\u015famalar\u0131 hijyen ortam\u0131nda ger\u00e7ekle\u015fiyor. Vatanda\u015flar\u0131m\u0131z pidelerimizi g\u00f6n\u00fcl r\u0131zas\u0131yla yiyebilirler. Biz de evimize g\u00f6t\u00fcr\u00fcyoruz\u201d ifadelerini kulland\u0131.<\/p>\n<p>\u201cEkme\u011fin kalitesi \u00e7ok g\u00fczel, ben s\u00fcrekli al\u0131yorum\u201d<\/p>\n<p>Halk Ekmek b\u00fcfesinden Ramazan pidesi alan vatanda\u015flardan Birden G\u00fcne\u015f, \u201cEkme\u011fin kalitesi \u00e7ok g\u00fczel. Ben tercih ediyorum, s\u00fcrekli al\u0131yorum. F\u0131r\u0131nlarda 2,5 liradan a\u015fa\u011f\u0131 ekmek yok. Hatta 4 liraya, 5 liraya ekmek sat\u0131l\u0131yor. Burada 1,5 lira. \u00c7ok g\u00fczel, memnun kal\u0131yoruz. Vatanda\u015fa faydas\u0131 oluyor, cebine katk\u0131 sunmu\u015f oluyor. Hem de evine g\u00fczel taze ve kaliteli ekmek g\u00f6t\u00fcrm\u00fc\u015f oluyor\u201d dedi.<\/p>\n<p>\u201cAllah raz\u0131 olsun belediyemizden, \u00e7ok g\u00fczel \u00e7al\u0131\u015f\u0131yor\u201d<\/p>\n<p>Ramazan pidelerinden olduk\u00e7a memnun kald\u0131klar\u0131n\u0131 s\u00f6yleyen Suzan U\u00e7ar, \u201c\u00c7ok lezzetli, \u00e7ok da iyi. Ramazan harici di\u011fer g\u00fcnlerde de buradan al\u0131yoruz. Allah raz\u0131 olsun belediyemizden, \u00e7ok g\u00fczel \u00e7al\u0131\u015f\u0131yor. Ekmek kaliteli ve fiyat\u0131 uygun\u201d dedi.<\/p>\n<p>Vatanda\u015flardan Sinan Akdo\u011fan ise, \u201cD\u00fcn f\u0131r\u0131na gittim, 4 tane ekmek alacakt\u0131m. Bakt\u0131m ufac\u0131k ekmeklere 2,5 lira diyorlar. Bak\u0131n buradan al\u0131yoruz, 1,5 liraya. G\u00fcc\u00fcm\u00fcz ancak buna yetiyor. Yap\u0131lan hizmetten memnunuz\u201d diye konu\u015ftu.<\/p>\n<p>\u201cRamazan pidelerinin y\u00fcksek gramajl\u0131, ucuz ve kaliteli olmas\u0131 vatanda\u015flara iyi geliyor\u201d<\/p>\n<p>MER-EK Halk Ekmek B\u00fcfesi i\u015fleten evli ve 6 \u00e7ocuk annesi G\u00fclizar Korkmaz, daha \u00f6nce i\u015fsiz oldu\u011funu dile getirerek, \u201c\u00c7ocuklara bak\u0131yordum. Allah raz\u0131 olsun belediyemizden, bu imkanlar\u0131 bize verdi\u011fi i\u00e7in. Biz kad\u0131nlar i\u015fletiyoruz, \u00e7al\u0131\u015f\u0131yoruz. \u00c7ok g\u00fczel gidiyor. Allah herkesten raz\u0131 olsun. Vatanda\u015flar\u0131n Ramazan pidelerine ilgisi y\u00fcksek. Y\u00fcksek gramajl\u0131, ucuz ve kaliteli olmas\u0131 vatanda\u015flara iyi geliyor ve gelip al\u0131yorlar\u201d dedi.<\/p>\n","protected":false},"excerpt":{"rendered":"<p>Mersin B\u00fcy\u00fck\u015fehir Belediyesi MER-EK Halk Ekmek Fabrikas\u0131, \u00e7o\u011funlu\u011fu kad\u0131nlardan olu\u015fan \u00fcretim a\u011f\u0131 ile T\u00fcrkiye\u2019nin en y\u00fcksek gramajl\u0131 ve en ucuz Ramazan pidelerini \u00fcretiyor. Hijyenik ko\u015fullarda titizlikle \u00fcretilen pideler, yine kad\u0131nlar &hellip; <a href=\"https:\/\/akdenizolaygazetesi.com\/?p=11940\" class=\"more-link\">Devam\u0131n\u0131 Oku&#8230;<\/a><\/p>\n","protected":false},"author":2,"featured_media":11942,"comment_status":"open","ping_status":"open","sticky":false,"template":"","format":"standard","meta":[],"categories":[8,1,3,5],"tags":[],"_links":{"self":[{"href":"https:\/\/akdenizolaygazetesi.com\/index.php?rest_route=\/wp\/v2\/posts\/11940"}],"collection":[{"href":"https:\/\/akdenizolaygazetesi.com\/index.php?rest_route=\/wp\/v2\/posts"}],"about":[{"href":"https:\/\/akdenizolaygazetesi.com\/index.php?rest_route=\/wp\/v2\/types\/post"}],"author":[{"embeddable":true,"href":"https:\/\/akdenizolaygazetesi.com\/index.php?rest_route=\/wp\/v2\/users\/2"}],"replies":[{"embeddable":true,"href":"https:\/\/akdenizolaygazetesi.com\/index.php?rest_route=%2Fwp%2Fv2%2Fcomments&post=11940"}],"version-history":[{"count":1,"href":"https:\/\/akdenizolaygazetesi.com\/index.php?rest_route=\/wp\/v2\/posts\/11940\/revisions"}],"predecessor-version":[{"id":11941,"href":"https:\/\/akdenizolaygazetesi.com\/index.php?rest_route=\/wp\/v2\/posts\/11940\/revisions\/11941"}],"wp:featuredmedia":[{"embeddable":true,"href":"https:\/\/akdenizolaygazetesi.com\/index.php?rest_route=\/wp\/v2\/media\/11942"}],"wp:attachment":[{"href":"https:\/\/akdenizolaygazetesi.com\/index.php?rest_route=%2Fwp%2Fv2%2Fmedia&parent=11940"}],"wp:term":[{"taxonomy":"category","embeddable":true,"href":"https:\/\/akdenizolaygazetesi.com\/index.php?rest_route=%2Fwp%2Fv2%2Fcategories&post=11940"},{"taxonomy":"post_tag","embeddable":true,"href":"https:\/\/akdenizolaygazetesi.com\/index.php?rest_route=%2Fwp%2Fv2%2Ftags&post=11940"}],"curies":[{"name":"wp","href":"https:\/\/api.w.org\/{rel}","templated":true}]}}