{"id":11947,"date":"2021-04-19T12:31:12","date_gmt":"2021-04-19T09:31:12","guid":{"rendered":"http:\/\/akdenizolaygazetesi.com\/?p=11947"},"modified":"2021-04-19T12:31:45","modified_gmt":"2021-04-19T09:31:45","slug":"baskan-gultaktan-mesiada-ziyaret","status":"publish","type":"post","link":"https:\/\/akdenizolaygazetesi.com\/?p=11947","title":{"rendered":"BA\u015eKAN G\u00dcLTAK&#8217;TAN, MES\u0130AD\u2019A Z\u0130YARET"},"content":{"rendered":"<p>MES\u0130AD\u2019\u0131 ziyaret eden Akdeniz Belediye Ba\u015fkan\u0131 Mustafa G\u00fcltak, MES\u0130AD Y\u00f6netim Kurulu Ba\u015fkan\u0131 Hasan Engin ve Y\u00f6netim Kurulu \u00dcyelerine yeni d\u00f6nemde ba\u015far\u0131 diledi.<\/p>\n<p>Mersin Sanayicileri ve \u0130\u015f \u0130nsanlar\u0131 Derne\u011fi (MES\u0130AD) Y\u00f6netim Kurulu\u2019nu ziyaret eden Akdeniz Belediye Ba\u015fkan\u0131 Mustafa G\u00fcltak \u00e7al\u0131\u015fmalar\u0131 hakk\u0131nda bilgiler aktard\u0131. Ziyaretten duydu\u011fu memnuniyeti dile getirerek konu\u015fmas\u0131na ba\u015flayan MES\u0130AD Y\u00f6netim Kurulu Ba\u015fkan\u0131 Hasan Engin, kentimizde ya\u015fayan vatanda\u015flar\u0131n birliktelik istediklerini kaydederek, \u201cKentimiz i\u00e7in al\u0131nan her kararda birlik olunmas\u0131 kentimizin yarar\u0131na olacakt\u0131r\u201d dedi.<\/p>\n<p>Akdeniz il\u00e7esinin g\u00fcnd\u00fczleri Mersin n\u00fcfusunun \u00f6nemli bir k\u0131sm\u0131n\u0131 a\u011f\u0131rlad\u0131\u011f\u0131n\u0131 ifade eden Engin, \u201cG\u00fcnd\u00fczleri kentin y\u00fck\u00fcn\u00fc Akdeniz il\u00e7esi \u00e7ekiyor. En \u00f6nemli tesisler burada yer al\u0131yor. Mersin\u2019in kalbi burada at\u0131yor. S\u00fcrekli dinamik olan say\u0131n Mustafa G\u00fcltak Ba\u015fkanl\u0131\u011f\u0131nda g\u00fczel \u00e7al\u0131\u015fmalar\u0131n devam etmesini bekliyoruz\u201d ifadelerini kulland\u0131.<\/p>\n<p>Ard\u0131ndan s\u00f6z alan Akdeniz Belediye Ba\u015fkan\u0131 Mustafa G\u00fcltak, MES\u0130AD\u2019\u0131n kentimize ve b\u00f6lgemize yapt\u0131\u011f\u0131 katk\u0131lara de\u011finerek, \u201cBir\u00e7ok ba\u015far\u0131l\u0131 \u00e7al\u0131\u015fma yapan MES\u0130AD, kentimize \u00f6nc\u00fcl\u00fck eden ender bir kurulu\u015ftur\u201d dedi.<\/p>\n<p>\u00c7al\u0131\u015fmalar\u0131 hakk\u0131nda da bilgi veren Ba\u015fkan G\u00fcltak, \u201cMersin\u2019in ve Akdeniz il\u00e7esinin lay\u0131k yere gelmesi i\u00e7in \u00e7al\u0131\u015fmalar\u0131m\u0131z\u0131 s\u00fcrd\u00fcr\u00fcyoruz. \u00d6zellikle il\u00e7emizde bulunan eski yap\u0131lar\u0131n d\u00f6n\u00fc\u015f\u00fcm\u00fc i\u00e7in kararl\u0131y\u0131z. Bu konuda t\u00fcm siyasi parti ve kent dinamiklerinden destek bekliyoruz. Kentimizin kalk\u0131nmas\u0131 ve arzu edilen g\u00fczelliklere kavu\u015fmas\u0131 i\u00e7in birliktelikle y\u00fcr\u00fcmemizde fayda vard\u0131r. Liman, lojistik, sanayi, tar\u0131m firmalar\u0131n\u0131n ve Mersin esnaf\u0131n\u0131n b\u00fcy\u00fck \u00e7o\u011funlu\u011funun yer ald\u0131\u011f\u0131 Akdeniz\u2019de \u00f6nemli i\u015flere imza atmak ve her vatanda\u015f\u0131m\u0131za e\u015fit hizmet etmek i\u00e7in \u00e7al\u0131\u015fmalar\u0131m\u0131za devam edece\u011fiz\u201d \u015feklinde konu\u015ftu.<\/p>\n","protected":false},"excerpt":{"rendered":"<p>MES\u0130AD\u2019\u0131 ziyaret eden Akdeniz Belediye Ba\u015fkan\u0131 Mustafa G\u00fcltak, MES\u0130AD Y\u00f6netim Kurulu Ba\u015fkan\u0131 Hasan Engin ve Y\u00f6netim Kurulu \u00dcyelerine yeni d\u00f6nemde ba\u015far\u0131 diledi. Mersin Sanayicileri ve \u0130\u015f \u0130nsanlar\u0131 Derne\u011fi (MES\u0130AD) Y\u00f6netim &hellip; <a href=\"https:\/\/akdenizolaygazetesi.com\/?p=11947\" class=\"more-link\">Devam\u0131n\u0131 Oku&#8230;<\/a><\/p>\n","protected":false},"author":2,"featured_media":11949,"comment_status":"open","ping_status":"open","sticky":false,"template":"","format":"standard","meta":[],"categories":[34,1,3,5,6],"tags":[],"_links":{"self":[{"href":"https:\/\/akdenizolaygazetesi.com\/index.php?rest_route=\/wp\/v2\/posts\/11947"}],"collection":[{"href":"https:\/\/akdenizolaygazetesi.com\/index.php?rest_route=\/wp\/v2\/posts"}],"about":[{"href":"https:\/\/akdenizolaygazetesi.com\/index.php?rest_route=\/wp\/v2\/types\/post"}],"author":[{"embeddable":true,"href":"https:\/\/akdenizolaygazetesi.com\/index.php?rest_route=\/wp\/v2\/users\/2"}],"replies":[{"embeddable":true,"href":"https:\/\/akdenizolaygazetesi.com\/index.php?rest_route=%2Fwp%2Fv2%2Fcomments&post=11947"}],"version-history":[{"count":1,"href":"https:\/\/akdenizolaygazetesi.com\/index.php?rest_route=\/wp\/v2\/posts\/11947\/revisions"}],"predecessor-version":[{"id":11948,"href":"https:\/\/akdenizolaygazetesi.com\/index.php?rest_route=\/wp\/v2\/posts\/11947\/revisions\/11948"}],"wp:featuredmedia":[{"embeddable":true,"href":"https:\/\/akdenizolaygazetesi.com\/index.php?rest_route=\/wp\/v2\/media\/11949"}],"wp:attachment":[{"href":"https:\/\/akdenizolaygazetesi.com\/index.php?rest_route=%2Fwp%2Fv2%2Fmedia&parent=11947"}],"wp:term":[{"taxonomy":"category","embeddable":true,"href":"https:\/\/akdenizolaygazetesi.com\/index.php?rest_route=%2Fwp%2Fv2%2Fcategories&post=11947"},{"taxonomy":"post_tag","embeddable":true,"href":"https:\/\/akdenizolaygazetesi.com\/index.php?rest_route=%2Fwp%2Fv2%2Ftags&post=11947"}],"curies":[{"name":"wp","href":"https:\/\/api.w.org\/{rel}","templated":true}]}}