{"id":1195,"date":"2020-11-04T18:21:47","date_gmt":"2020-11-04T15:21:47","guid":{"rendered":"http:\/\/mersinekonomipolitikagazetesi.com\/?p=1195"},"modified":"2020-11-04T18:21:47","modified_gmt":"2020-11-04T15:21:47","slug":"21-donumluk-turk-bayraginin-yeniden-boyanmasina-baslandi","status":"publish","type":"post","link":"https:\/\/akdenizolaygazetesi.com\/?p=1195","title":{"rendered":"21 d\u00f6n\u00fcml\u00fck T\u00fcrk bayra\u011f\u0131n\u0131n yeniden boyanmas\u0131na ba\u015fland\u0131"},"content":{"rendered":"<p>Mersin&#8217;in Mut il\u00e7esinde ge\u00e7en y\u0131l 21 d\u00f6n\u00fcm 600 metrekare arazi \u00fczerinde yap\u0131m\u0131 ger\u00e7ekle\u015ftirilen T\u00fcrkiye&#8217;nin zemindeki en b\u00fcy\u00fck T\u00fcrk bayra\u011f\u0131n\u0131n yeniden boyanmas\u0131na ba\u015fland\u0131.<\/p>\n<p>May\u0131s 2012 tarihinde Mut Kaymakaml\u0131\u011f\u0131 ile Mut Belediyesi&#8217;nin ortak \u00e7al\u0131\u015fmas\u0131yla Kelcek\u00f6y Mahallesi Sar\u0131ta\u015f mevkiinde 180&#215;120 metre ebad\u0131nda 21 d\u00f6n\u00fcm 600 metrekarelik arazi \u00fczerine yap\u0131lan T\u00fcrkiye\u2019nin en b\u00fcy\u00fck T\u00fcrk bayra\u011f\u0131n\u0131n rengi a\u015f\u0131r\u0131 s\u0131caklar nedeniyle soldu. Bunun \u00fczerine Mut Belediyesi, bayra\u011f\u0131n yeniden boyanmas\u0131 i\u00e7in harekete ge\u00e7ti. Boyama i\u015fleminde kullan\u0131lacak. 3.5 ton boyay\u0131 Mersin B\u00fcy\u00fck\u015fehir Belediyesi kar\u015f\u0131larken i\u015f\u00e7ilik \u00fccretini de Mut Belediyesi kar\u015f\u0131layacak.<\/p>\n<p>\u201cBayra\u011f\u0131m\u0131z bizim onurumuz\u201d<br \/>\nBayra\u011f\u0131n boyanmas\u0131 i\u00e7in \u00e7al\u0131\u015fmalar\u0131 yerinde inceleyen Belediye Ba\u015fkan\u0131 Nebi y\u0131lmaz, &#8220;Bizim onurumuz olan ay y\u0131ld\u0131zl\u0131 bayra\u011f\u0131m\u0131z \u015fehitlerimizin kan\u0131yla rengini alm\u0131\u015ft\u0131r. \u0130l\u00e7emdeki her insan\u0131m\u0131z\u0131, bu vatan\u0131n bir neferi, bir hizmetkar\u0131 olarak g\u00f6r\u00fcyorum. \u0130l\u00e7emdeki her insan, bu vatan i\u00e7in fedakarca y\u00fcre\u011fini ortaya koyan bir yap\u0131dad\u0131r. Milliyet\u00e7ili\u011fin, \u00fclkene, insan\u0131na hizmet etmeyle belli oldu\u011funu biliyoruz. Buna g\u00f6re de\u011ferlendirme yap\u0131yoruz. Biz bayra\u011f\u0131m\u0131z\u0131 a\u011f\u0131zlara sak\u0131z de\u011fil, ba\u015f\u0131m\u0131z\u0131n tac\u0131 yap\u0131yoruz. \u00dclkemize, insan\u0131m\u0131za a\u015fkla hizmet etti\u011fimiz gibi T\u00fcrkiye&#8217;nin en b\u00fcy\u00fck bayra\u011f\u0131n\u0131n da bak\u0131mlar\u0131n\u0131 yapar\u0131z, yapmaya da devam edece\u011fiz. Her y\u0131l 30\u201340 bin lira harcanarak bak\u0131m\u0131 ve boyas\u0131 yap\u0131lan bayra\u011f\u0131m\u0131za bu y\u0131l 7 bin liral\u0131k bir masrafla bak\u0131m\u0131n\u0131 yapt\u0131rm\u0131\u015f olaca\u011f\u0131z. Allah\u0131n izniyle en k\u0131sa zamanda \u00e7al\u0131\u015fmalar bitirilecek\u201d dedi.<br \/>\nSar\u0131ta\u015f mevkiinde yama\u00e7 arazideki T\u00fcrk bayra\u011f\u0131n\u0131n oldu\u011fu alanda \u00f6nce otlar\u0131n temizli\u011fi ger\u00e7ekle\u015ftirildi. Daha sonra ise makine yard\u0131m\u0131yla boyanmas\u0131na ba\u015fland\u0131.<\/p>\n","protected":false},"excerpt":{"rendered":"<p>Mersin&#8217;in Mut il\u00e7esinde ge\u00e7en y\u0131l 21 d\u00f6n\u00fcm 600 metrekare arazi \u00fczerinde yap\u0131m\u0131 ger\u00e7ekle\u015ftirilen T\u00fcrkiye&#8217;nin zemindeki en b\u00fcy\u00fck T\u00fcrk bayra\u011f\u0131n\u0131n yeniden boyanmas\u0131na ba\u015fland\u0131. May\u0131s 2012 tarihinde Mut Kaymakaml\u0131\u011f\u0131 ile Mut Belediyesi&#8217;nin &hellip; <a href=\"https:\/\/akdenizolaygazetesi.com\/?p=1195\" class=\"more-link\">Devam\u0131n\u0131 Oku&#8230;<\/a><\/p>\n","protected":false},"author":1,"featured_media":0,"comment_status":"open","ping_status":"open","sticky":false,"template":"","format":"standard","meta":[],"categories":[],"tags":[],"_links":{"self":[{"href":"https:\/\/akdenizolaygazetesi.com\/index.php?rest_route=\/wp\/v2\/posts\/1195"}],"collection":[{"href":"https:\/\/akdenizolaygazetesi.com\/index.php?rest_route=\/wp\/v2\/posts"}],"about":[{"href":"https:\/\/akdenizolaygazetesi.com\/index.php?rest_route=\/wp\/v2\/types\/post"}],"author":[{"embeddable":true,"href":"https:\/\/akdenizolaygazetesi.com\/index.php?rest_route=\/wp\/v2\/users\/1"}],"replies":[{"embeddable":true,"href":"https:\/\/akdenizolaygazetesi.com\/index.php?rest_route=%2Fwp%2Fv2%2Fcomments&post=1195"}],"version-history":[{"count":0,"href":"https:\/\/akdenizolaygazetesi.com\/index.php?rest_route=\/wp\/v2\/posts\/1195\/revisions"}],"wp:attachment":[{"href":"https:\/\/akdenizolaygazetesi.com\/index.php?rest_route=%2Fwp%2Fv2%2Fmedia&parent=1195"}],"wp:term":[{"taxonomy":"category","embeddable":true,"href":"https:\/\/akdenizolaygazetesi.com\/index.php?rest_route=%2Fwp%2Fv2%2Fcategories&post=1195"},{"taxonomy":"post_tag","embeddable":true,"href":"https:\/\/akdenizolaygazetesi.com\/index.php?rest_route=%2Fwp%2Fv2%2Ftags&post=1195"}],"curies":[{"name":"wp","href":"https:\/\/api.w.org\/{rel}","templated":true}]}}