{"id":11950,"date":"2021-04-19T12:33:04","date_gmt":"2021-04-19T09:33:04","guid":{"rendered":"http:\/\/akdenizolaygazetesi.com\/?p=11950"},"modified":"2021-04-19T12:33:34","modified_gmt":"2021-04-19T09:33:34","slug":"secer-once-insanlarin-derdine-derman-olalim-dedik","status":"publish","type":"post","link":"https:\/\/akdenizolaygazetesi.com\/?p=11950","title":{"rendered":"SE\u00c7ER: \u201c\u2018\u00d6NCE \u0130NSANLARIN DERD\u0130NE DERMAN OLALIM\u2019 DED\u0130K\u201d"},"content":{"rendered":"<p>Mersin B\u00fcy\u00fck\u015fehir Belediye Ba\u015fkan\u0131 Vahap Se\u00e7er ve Adana B\u00fcy\u00fck\u015fehir Belediye Ba\u015fkan\u0131 Zeydan Karalar, Hatay B\u00fcy\u00fck\u015fehir Belediye Ba\u015fkan\u0131 L\u00fctf\u00fc Sava\u015f\u2019\u0131n ev sahipli\u011finde medeniyetler \u015fehri Hatay\u2019da bulu\u015ftu. 5 televizyon ve 52 yerel radyonun ortak canl\u0131 yay\u0131n\u0131na kat\u0131lan ba\u015fkanlar; belediye hizmetlerinden pandemi s\u00fcrecine, b\u00f6lgesel istihdamdan Suriyeli g\u00f6\u00e7\u00fcne kadar bir\u00e7ok konuyu de\u011ferlendirdi. CHP\u2019li ba\u015fkanlar, i\u015f birli\u011fi i\u00e7erisinde birlikte hareket ettiklerini ve ba\u015far\u0131 yakalad\u0131klar\u0131n\u0131 vurgulad\u0131.<\/p>\n<p>\u201cBiz ortak kaderi payla\u015fan 3 B\u00fcy\u00fck\u015fehiriz\u201d<\/p>\n<p>Hatay B\u00fcy\u00fck\u015fehir Belediye Ba\u015fkan\u0131 L\u00fctf\u00fc Sava\u015f, Mersin, Adana ve Hatay B\u00fcy\u00fck\u015fehir Belediye Ba\u015fkanlar\u0131 olarak her zaman i\u015f birli\u011fi i\u00e7erisinde olduklar\u0131n\u0131 belirtti. Sava\u015f, \u201cBiz ortak kaderi payla\u015fan 3 B\u00fcy\u00fck\u015fehiriz. Belki de t\u00fcm T\u00fcrkiye\u2019nin en jeopolitik, en stratejik b\u00fcy\u00fck\u015fehirlerinde belediye ba\u015fkanl\u0131\u011f\u0131 yap\u0131yoruz. Bereketli topraklar, ortak tarih, ortak k\u00fclt\u00fcr b\u00fct\u00fcn bunlarla birlikte ortak amac\u0131m\u0131z var. Bu \u015fehirlerde ya\u015fayan insanlar daha mutlu, daha huzurlu hissetsinler. Kendilerine ve hayata \u00e7ok daha s\u0131k\u0131 s\u0131k\u0131ya sar\u0131lma imkanlar\u0131 olsun. Bu nedenle biz \u00fc\u00e7\u00fcm\u00fcz birlikte d\u00fc\u015f\u00fcn\u00fcyoruz, birlikte \u00e7al\u0131\u015f\u0131yoruz, tecr\u00fcbelerimizi, s\u0131k\u0131nt\u0131lar\u0131m\u0131z\u0131, arzular\u0131m\u0131z\u0131, eksiklerimizi birlikte payla\u015f\u0131yoruz\u201d dedi.<\/p>\n<p>Karalar: \u201cCHP\u2019li belediyeler yap\u0131lmas\u0131 gereken her \u015feyi yapt\u0131\u201d<\/p>\n<p>Adana B\u00fcy\u00fck\u015fehir Belediye Ba\u015fkan\u0131 Zeydan Karalar, CHP\u2019li belediyelerin pandemi s\u00fcrecinde insan odakl\u0131 \u00e7al\u0131\u015fmalar\u0131n\u0131 s\u00fcrd\u00fcrd\u00fc\u011f\u00fcn\u00fc belirterek, \u201c\u0130nsanlar\u0131n bu d\u00f6nemden en az etkilenmesi i\u00e7in CHP\u2019li belediyeler yap\u0131lmas\u0131 gereken her \u015feyi yapt\u0131. Pandemide topyek\u00fbn m\u00fccadele gerekliydi ancak devletimiz bunu iyi y\u00f6netemedi. Bir\u00e7ok engelle kar\u015f\u0131la\u015ft\u0131k. Anayasa\u2019n\u0131n verdi\u011fi \u015fartl\u0131 ba\u011f\u0131\u015f hakk\u0131m\u0131z bile engellendi. Buna ra\u011fmen biz bunu polemik etmedik. Enerjimizi bo\u015fa harcamad\u0131k. Ola\u011fan\u00fcst\u00fc k\u00f6t\u00fc ko\u015fullar\u0131 en az hasarla nas\u0131l atlat\u0131r\u0131z diye milletimiz i\u00e7in \u00e7al\u0131\u015ft\u0131k\u201d dedi. Karalar, yapt\u0131klar\u0131 hizmetler ve \u00e7al\u0131\u015fmalarla CHP\u2019li her belediye ba\u015fkan\u0131n\u0131n oyunu y\u00fczde 60\u2019a ula\u015ft\u0131\u011f\u0131n\u0131 vurgulad\u0131.<\/p>\n<p>Se\u00e7er: \u201cKaderimiz bir\u201d<\/p>\n<p>Mersin B\u00fcy\u00fck\u015fehir Belediye Ba\u015fkan\u0131 Vahap Se\u00e7er, Hatay\u2019\u0131n sadece T\u00fcrkiye\u2019de de\u011fil, d\u00fcnyada da \u00e7ok \u00f6nemli bir yeri oldu\u011funu ve Mersin\u2019le Adana\u2019n\u0131n da ayn\u0131 \u00f6nemi ta\u015f\u0131d\u0131\u011f\u0131n\u0131 belirterek, 3 B\u00fcy\u00fck\u015fehir Belediyesi\u2019nin i\u015f birli\u011fine dair \u015funlar\u0131 s\u00f6yledi:<\/p>\n<p>\u201cAsl\u0131nda ge\u00e7mi\u015fimiz, g\u00fcn\u00fcm\u00fcz, gelece\u011fimiz her \u015feyimiz ortak. Kaderimiz bir. \u015eartlar, b\u00f6lgedeki geli\u015fmeler, hem \u00fclkemizde hem de kom\u015fu co\u011frafyadaki geli\u015fmeler \u00f6ncelikli olarak bizleri etkiliyor. Birbirimizden tabi ki ufak tefek farkl\u0131l\u0131k g\u00f6steren konular var. Mersin liman kenti. \u0130skenderun Liman\u0131 \u00f6nemli bir ticaret kap\u0131s\u0131. Mersin\u2019in belki de en b\u00fcy\u00fck avantaj\u0131 bu. Bakt\u0131\u011f\u0131n\u0131z zaman 3 kentin de sosyolojik yap\u0131s\u0131 birbirine benziyor. N\u00fcfus olarak Adana en y\u00fcksek n\u00fcfusa sahip, sonra Mersin, sonra Hatay geliyor. Bizim b\u00f6lgemizde ya\u015fayan toplam yerli n\u00fcfus 6 milyon, kay\u0131tl\u0131 1 milyon da Suriyeli ve kay\u0131t d\u0131\u015f\u0131 1 milyon da m\u00fclteci, Suriyeli misafir var. Bakt\u0131\u011f\u0131n\u0131z zaman 7,5-8 milyon gibi bir n\u00fcfusa hizmet g\u00f6t\u00fcr\u00fcyorsunuz. Bunlar\u0131n sorumluluklar\u0131 sizlerin s\u0131rt\u0131nda. Birlikte bu sorunlar\u0131n \u00fcstesinden gelmek anlay\u0131\u015f\u0131 bence en ak\u0131lc\u0131 olan\u0131, en do\u011fru olan\u0131. Biz bunu yapmaya gayret ediyoruz. Hem lokasyon olarak ayn\u0131 yerdeyiz, mesafe olarak birbirimize ula\u015fmam\u0131z son derece kolay. Bu bizi yak\u0131nla\u015ft\u0131r\u0131yor, ili\u015fkilerimizi daha s\u0131k\u0131 tutuyor ama 11 B\u00fcy\u00fck\u015fehir Belediye Ba\u015fkan\u0131m\u0131z\u2019la en son \u0130zmir\u2019de oldu\u011fu gibi \u0130l Belediye Ba\u015fkanlar\u0131m\u0131z\u2019la ve di\u011fer belediye ba\u015fkanlar\u0131m\u0131zla da bir araya geliyoruz. \u2018Fikir fikirden \u00fcst\u00fcnd\u00fcr\u2019 diyoruz.\u201d<\/p>\n<p>\u201c3 kentin de i\u015fsizlik oran\u0131 T\u00fcrkiye ortalamas\u0131n\u0131n biraz \u00fczerinde seyrediyor\u201d<\/p>\n<p>\u201cBizim \u00f6zellikle b\u00f6lgesel sorunlar\u0131m\u0131z\u0131n ba\u015f\u0131nda i\u015fsizlik geliyor\u201d vurgusuyla konu\u015fmas\u0131n\u0131 s\u00fcrd\u00fcren Ba\u015fkan Se\u00e7er, \u00fc\u00e7 kentte de i\u015fsizlik oran\u0131n\u0131n T\u00fcrkiye ortalamas\u0131n\u0131n biraz \u00fczerinde oldu\u011funu ve 3 ilin de g\u00f6\u00e7e maruz kald\u0131\u011f\u0131n\u0131 ifade etti Se\u00e7er, \u201cAdana ile bizim gelirimiz birbirine biraz yak\u0131n. Bakt\u0131\u011f\u0131n\u0131z zaman gayri safi yurt i\u00e7i has\u0131lada 80 milyar TL bir pay\u0131m\u0131z var. Ama Hatay bize g\u00f6re biraz daha gerilerde seyrediyor. Ki\u015fi ba\u015f\u0131 gayri safi yurt i\u00e7i has\u0131lan\u0131n ki\u015fi ba\u015f\u0131na d\u00fc\u015fen miktar\u0131na bak\u0131yorsunuz, yine 3 il de T\u00fcrkiye ortalamas\u0131n\u0131n gerisinde kal\u0131yor. \u0130\u015fte bu ger\u00e7ekler, bu reel bak\u0131\u015f a\u00e7\u0131s\u0131 asl\u0131nda bizi birbirimize de yakla\u015ft\u0131r\u0131yor. Demek ki ortak sorunlar\u0131m\u0131z var ve bunlar\u0131 \u00e7\u00f6zelim istiyoruz. \u0130\u015fbirliklerimiz oluyor, \u2018Temiz Akdeniz\u2019 protokol\u00fcn\u00fc imzalad\u0131k. Daha sonra yine Expo 2021 ile ilgili bizim de i\u00e7inde olaca\u011f\u0131m\u0131z, Adana\u2019n\u0131n da i\u00e7inde olaca\u011f\u0131 in\u015fallah g\u00fczel bir etkinlik olacak. Bize de burada bir yer tahsis edildi. Bir dekar civar\u0131nda, orada temaya uygun olarak bir proje \u00e7al\u0131\u015f\u0131yoruz. \u2018Medeniyetler Bah\u00e7esi\u2019 temas\u0131na uygun olarak bir proje ba\u015flat\u0131yoruz\u201d diye konu\u015ftu.<\/p>\n<p>\u201cCanh\u0131ra\u015f bir \u015fekilde birbirimize katk\u0131 sunmaya \u00e7al\u0131\u015f\u0131yoruz\u201d<\/p>\n<p>Ba\u015fkan Se\u00e7er, 20 Nisan\u2019da \u0130stanbul B\u00fcy\u00fck\u015fehir Belediyesi\u2019nde Ekrem \u0130mamo\u011flu ile \u00f6zellikle metro konusunun ele al\u0131naca\u011f\u0131 bir toplant\u0131 yap\u0131laca\u011f\u0131n\u0131 belirterek, \u015funlar\u0131 s\u00f6yledi:<\/p>\n<p>\u201cBizim de Mersin\u2019de \u00f6nemli bir rayl\u0131 sistem projesi var, yeralt\u0131 rayl\u0131 sistem. Bu ay sonunda ihalesi var. Mersin i\u00e7in de \u00e7ok \u00f6nemli bir yat\u0131r\u0131m. Belki de Cumhuriyet tarihinin yerel y\u00f6netimlerin yapt\u0131\u011f\u0131 en b\u00fcy\u00fck montanl\u0131 yat\u0131r\u0131m olacak. Bununla ilgili \u0130stanbul\u2019da, \u0130stanbul B\u00fcy\u00fck\u015fehir Belediyesi\u2019yle Say\u0131n Ba\u015fkan\u2019\u0131n da kat\u0131laca\u011f\u0131, benim de, b\u00fcrokratlar\u0131m\u0131z\u0131n da kat\u0131laca\u011f\u0131 bir toplant\u0131 yap\u0131lacak. Bu muazzam bir \u015fey asl\u0131nda. \u0130stanbul B\u00fcy\u00fck\u015fehir Belediye Ba\u015fkan\u0131\u2019n\u0131n da burayla ilgili dertlendi\u011finin ya da Adana Belediye Ba\u015fkan\u0131\u2019n\u0131n Hatay ile ilgili dertlendi\u011finin, tam tersine bizim di\u011fer belediyeler i\u00e7in dertlendi\u011fimizin bir g\u00f6stergesi. Ger\u00e7ekten son derece canh\u0131ra\u015f bir \u015fekilde birbirimize katk\u0131 sunmaya \u00e7al\u0131\u015f\u0131yoruz. Tabii ki bizim 2 y\u0131ll\u0131k bir s\u00fcrecimiz var. Umut ediyorum \u00e7ok daha g\u00fczel i\u015fler olacak. \u00c7\u00fcnk\u00fc bug\u00fcne kadar ger\u00e7ekten \u00e7ok iyi i\u015fler oldu. Pandemi s\u00fcrecinde de bizim ortakla\u015ft\u0131\u011f\u0131m\u0131z bir\u00e7ok konu oldu ve pandemi s\u00fcrecini de belki de T\u00fcrkiye&#8217;de en ba\u015far\u0131l\u0131 ge\u00e7iren belediye ba\u015fkanlar\u0131 CHP\u2019li belediye ba\u015fkanlar\u0131 oldu. Bu da \u00e7ok g\u00f6zle g\u00f6r\u00fcl\u00fcr bir durumdur.\u201d<\/p>\n<p>\u2018\u00d6nce insanlar\u0131n derdine derman olal\u0131m\u2019 dedik<\/p>\n<p>Pandemi s\u00fcrecinde insanlar\u0131n i\u015fsiz ve a\u015fs\u0131z kald\u0131\u011f\u0131n\u0131 s\u00f6yleyen Ba\u015fkan Se\u00e7er, pandemi s\u00fcrecini de \u015fu s\u00f6zlerle de\u011ferlendirdi:<\/p>\n<p>\u201cO g\u00fcne kadar hi\u00e7bir ihtiyac\u0131 olmayan, kimseye muhta\u00e7 olmayan aileler bile maalesef ihtiya\u00e7 sahibi oldu. B\u00fct\u00fcn belediyeler, olanaklar\u0131 \u00f6l\u00e7\u00fcs\u00fcnde yard\u0131mlar yapt\u0131. Mersin B\u00fcy\u00fck\u015fehir Belediyesi de do\u011fal olarak yapt\u0131. Ortam\u0131n hijyen olmas\u0131na katk\u0131 yap\u0131ld\u0131, dezenfeksiyon i\u015flemleri yap\u0131ld\u0131. \u00d6zellikle insanlar\u0131n toplu ya\u015fad\u0131\u011f\u0131 mekanlarda. Bunu il\u00e7e belediyeleri de yapt\u0131. Sadece B\u00fcy\u00fck\u015fehir Belediyesi i\u00e7in konu\u015fmuyorum. Belki de bu anlatt\u0131klar\u0131m\u0131n bir\u00e7o\u011funu il\u00e7e belediyelerimiz de imkanlar\u0131 \u00f6l\u00e7\u00fcs\u00fcnde yapt\u0131. Tabi B\u00fcy\u00fck\u015fehir\u2019in imkanlar\u0131, hem mali hem insan kayna\u011f\u0131 \u00e7ok daha farkl\u0131. Esnaf\u0131n, \u00f6zellikle bu s\u00fcrede kapal\u0131 kalan esnaf\u0131n \u00e7ok \u00f6nemli sorun ya\u015fad\u0131\u011f\u0131n\u0131 biliyoruz. Bizler de \u00f6zellikle bizim kirac\u0131m\u0131z olan esnaf\u0131m\u0131zdan kiralar\u0131n\u0131n belirli bir s\u00fcre al\u0131nmamas\u0131 gibi ya da \u00f6telenmesi gibi \u00e7al\u0131\u015fmalar yapt\u0131k. Ya da yine \u015fof\u00f6r esnaf\u0131, servis\u00e7i, minib\u00fcs, dolmu\u015f, halk otob\u00fcsleri esnaf\u0131 olsun \u00e7ok b\u00fcy\u00fck ma\u011fduriyet ya\u015fad\u0131lar. Onlara y\u00f6nelik baz\u0131 \u00e7al\u0131\u015fmalar ger\u00e7ekle\u015ftirildi. Bu s\u00fcrecin a\u015f\u0131lmas\u0131nda merkezi h\u00fck\u00fcmetin elbette katk\u0131s\u0131 var ama yerel y\u00f6netimlerin de katk\u0131s\u0131n\u0131 g\u00f6rmemezlikten gelmek ger\u00e7ekten \u00e7ok b\u00fcy\u00fck insafs\u0131zl\u0131k olur. Biz o d\u00f6nemde Belediye Ba\u015fkanlar\u0131 olarak karar ald\u0131k. Dedik ki: \u2018\u00d6ncelikle insan\u0131n ya\u015fam\u0131 \u00f6nemli. Beton, bina, yol, metro bunlardan \u015fimdilik vazge\u00e7elim. \u00d6nce bu insanlar\u0131n derdine derman olal\u0131m. Ac\u0131lar\u0131n dinmesini sa\u011flayal\u0131m. Kar\u0131nlar\u0131n\u0131n doymas\u0131n\u0131 sa\u011flayal\u0131m. Bu hastal\u0131k belas\u0131n\u0131 bir an \u00f6nce bertaraf etmesi i\u00e7in onlara katk\u0131 sunal\u0131m\u2019. Hijyen paketi da\u011f\u0131t\u0131lmas\u0131ndan evde hasta bak\u0131m\u0131na, engelli bak\u0131m\u0131ndan ya\u015fl\u0131lar\u0131n evine s\u0131cak yemek g\u00f6nderilmesine kadar b\u00fct\u00fcn belediyelerimiz ger\u00e7ekten \u00e7ok \u00f6nemli \u00f6zverili \u00e7al\u0131\u015fmalarda bulundular. B\u00fct\u00e7emizi de bu konuda ger\u00e7ekten bonk\u00f6r kulland\u0131k. Herhangi bir k\u0131s\u0131tlamaya da gitmedik. Farkl\u0131 alanlarda k\u0131s\u0131tlamalar\u0131 yapt\u0131k ama pandemi d\u00f6neminde halka ula\u015fmada, halk\u0131n derdine derman olmada kesinlikle \u00e7ok bonk\u00f6r davrand\u0131k ve iyi i\u015fler yapt\u0131\u011f\u0131m\u0131z\u0131 da d\u00fc\u015f\u00fcn\u00fcyorum.\u201d<\/p>\n<p>\u201cMeclisleri zehirleyen Ankara siyaseti\u201d<\/p>\n<p>Ba\u015fkan Se\u00e7er, bir soru \u00fczerine, Meclis \u00e7o\u011funlu\u011funun belli kararlarda diren\u00e7 g\u00f6stermesi sebebiyle s\u0131k\u0131nt\u0131lar ya\u015fand\u0131\u011f\u0131na de\u011finerek, vatanda\u015flar\u0131n yap\u0131lan engellemeleri g\u00f6rd\u00fc\u011f\u00fcn\u00fc vurgulad\u0131. Se\u00e7er, \u201cBiz zor ko\u015fullarda da kenti ya da bu \u00fclkeyi y\u00f6netebilece\u011fimizi g\u00f6sterdik\u201d dedi.  Bire bir Meclis \u00fcyelerini inceledikleri zaman asl\u0131nda onlar\u0131n da kendileri gibi d\u00fc\u015f\u00fcnd\u00fcklerini dile getiren Se\u00e7er, \u201cNeticede hepimiz o kentin \u00e7ocuklar\u0131y\u0131z, orada do\u011fmu\u015fuz, b\u00fcy\u00fcm\u00fc\u015f\u00fcz, birbirimizi tan\u0131yoruz. Siyaseten T\u00fcrkiye\u2019ye farkl\u0131 g\u00f6zl\u00fcklerle de baksak asl\u0131nda hepimizin kalbi T\u00fcrkiye i\u00e7in at\u0131yor, bunu g\u00f6rmek laz\u0131m ama n\u00fcans var. Burada Meclisleri zehirleyen Ankara siyaseti\u201d diye konu\u015ftu.<\/p>\n<p>Mersin, Adana ve Hatay B\u00fcy\u00fck\u015fehir Belediye Meclislerine Ankara\u2019dan m\u00fcdahale yap\u0131ld\u0131\u011f\u0131n\u0131 s\u00f6yleyen Se\u00e7er, bu m\u00fcdahalelerin Meclis \u00fcyelerinin istemeden de olsa yanl\u0131\u015f karar almalar\u0131na ya da yanl\u0131\u015f oy kullanmalar\u0131na sebebiyet verdi\u011fini belirterek, \u201cZaman zaman ortakla\u015ft\u0131\u011f\u0131m\u0131z konular da oluyor ama daha \u00e7ok bizi \u00f6ne \u00e7\u0131karacak konular ya da tam tersi bizi s\u0131k\u0131nt\u0131ya sokacak konularda muhalefet g\u00f6r\u00fcyoruz\u201d dedi.<\/p>\n<p>Kaynaklar\u0131n\u0131n s\u0131n\u0131rl\u0131 oldu\u011funu, gerek duydu\u011fu zaman devletin kurumlar\u0131ndan destek alamad\u0131klar\u0131n\u0131, adil olmayan durumlar\u0131n ya\u015fand\u0131\u011f\u0131n\u0131 ifade eden Se\u00e7er, \u201cMilli Emlak ya da Bakanl\u0131k Ak Partili belediyelere ya da Cumhur \u0130ttifak\u0131\u2019na mensup belediyelere g\u00f6sterdi\u011fi yak\u0131n ilgiyi bize g\u00f6stermiyor. Adeta deveye hendek atlatmak, herhalde bu i\u015flerden daha kolay geliyor\u201d diye konu\u015ftu.<\/p>\n<p>\u201cBen yak\u0131nda iktidar olaca\u011f\u0131m\u0131z\u0131 \u00e7ok net g\u00f6r\u00fcyorum\u201d<\/p>\n<p>Ya\u015fan\u0131lan s\u0131k\u0131nt\u0131lar\u0131n halka anlat\u0131lmas\u0131 gerekti\u011fini, bunlar\u0131n serzeni\u015f de\u011fil ger\u00e7ekler oldu\u011funu s\u00f6yleyen Se\u00e7er, iktidar olduklar\u0131nda \u2018Sizden, bizden olanlar\u2019 zihniyetiyle hareket etmeyeceklerini s\u00f6yledi. Se\u00e7er, s\u00f6zlerine \u015f\u00f6yle devam etti:<\/p>\n<p>\u201cBen yak\u0131nda iktidar olaca\u011f\u0131m\u0131z\u0131 \u00e7ok net g\u00f6r\u00fcyorum, bunun da alt\u0131n\u0131 \u00e7iziyorum. \u00c7\u00fcnk\u00fc \u00e7ok azmediyoruz. \u015eurada g\u00f6rd\u00fc\u011f\u00fcn\u00fcz \u00fc\u00e7 de\u011ferli Ba\u015fkan da 7\/24 \u00e7al\u0131\u015fan Ba\u015fkanlar. Burada g\u00f6rmedi\u011finiz il\u00e7e, belde, il belediye ba\u015fkanlar\u0131, B\u00fcy\u00fck\u015fehir Belediye Ba\u015fkanlar\u0131m\u0131z 7\/24 \u00e7al\u0131\u015fan belediye ba\u015fkanlar\u0131. Bunun sonucunda halk\u0131n bizi bu g\u00f6reve uygun g\u00f6rmemesi m\u00fcmk\u00fcn de\u011fil. Neden? \u00c7\u00fcnk\u00fc y\u0131pranm\u0131\u015f, uzun y\u0131llard\u0131r T\u00fcrkiye\u2019yi y\u00f6netmi\u015f, iyi y\u00f6netmi\u015f, k\u00f6t\u00fc y\u00f6netmi\u015f ama bug\u00fcn geldi\u011fimiz noktada T\u00fcrkiye\u2019nin sorunlar\u0131 birikmi\u015f, \u00e7\u00f6z\u00fcm yollar\u0131 t\u0131kanm\u0131\u015f ve bunlarda zorlanan bir iktidar var. E\u011fer demokratik bir toplumda ya\u015f\u0131yorsak gayet do\u011fald\u0131r; ge\u00e7mi\u015f se\u00e7imlerde bir ba\u015fka partiye oy vermi\u015f, mevcut iktidara oy vermi\u015f bir vatanda\u015f\u0131m\u0131z bu se\u00e7imlerde bizlere, Millet \u0130ttifak\u0131\u2019na mensup siyasi partilere, ideolojik olarak kendini yak\u0131n g\u00f6rd\u00fc\u011f\u00fc bir partiye pek\u00e2l\u00e2 oy verebilir. Biz de bu \u00fclkenin insan\u0131y\u0131z. Biz de bu \u00fclkeyi onlar kadar seviyoruz, biz de bu \u00fclkenin b\u00fct\u00fcnl\u00fc\u011f\u00fcn\u00fc en az onlar kadar d\u00fc\u015f\u00fcn\u00fcyoruz.\u201d<\/p>\n<p>\u201c\u0130\u015fsizlik oran\u0131n\u0131n y\u00fcksek oldu\u011fu toplumlarda y\u00f6netici olmak \u00e7ok kolay bir \u015fey de\u011fil\u201d<\/p>\n<p>\u0130\u015fsizlik oranlar\u0131n\u0131n iyiye veya k\u00f6t\u00fcye giden ekonomik tabloyla ayn\u0131 orant\u0131da ilerledi\u011fini belirten Ba\u015fkan Se\u00e7er, b\u00f6lgede i\u015fsizlik oranlar\u0131n\u0131n g\u00f6rece olarak fazla oldu\u011funu belirtti. \u201c\u0130\u015fsizlik oran\u0131n\u0131n y\u00fcksek oldu\u011fu toplumlarda y\u00f6netici olmak \u00e7ok kolay bir \u015fey de\u011fil\u201d ifadelerine yer veren Ba\u015fkan Se\u00e7er, b\u00f6lgede bu anlamda \u00f6nemli ad\u0131mlar att\u0131klar\u0131n\u0131 vurgulad\u0131. Se\u00e7er, belediyelerin hizmet \u00fcretti\u011fini, bu a\u00e7\u0131dan da kalifiye i\u015f g\u00fcc\u00fcne ihtiya\u00e7 duyduklar\u0131na dikkat \u00e7ekti.<\/p>\n<p>Kariyer Merkezi\u2019ne 1,5 y\u0131lda 18 bin m\u00fcracaat<\/p>\n<p>Y\u00f6netime gelir gelmez kurduklar\u0131 Kariyer Merkezi\u2019ni anlatan Ba\u015fkan Se\u00e7er, \u201cYakla\u015f\u0131k 1,5 y\u0131l\u0131 ge\u00e7ti. 18 bin m\u00fcracaat olmu\u015f. Bu sadece belediyemize ihtiya\u00e7 olan alanlarda personel almak i\u00e7in de\u011fil. Biz \u2018Kariyer G\u00fcnleri\u2019 d\u00fczenliyoruz. 6-7 May\u0131s\u2019ta yine Mersin\u2019de var. \u00c7ok aktif \u00e7al\u0131\u015f\u0131yoruz. Biz bununla ilgili bir \u0130\u015fg\u00fcc\u00fc Piyasas\u0131 Koordinasyonu Kurulu\u2019nu olu\u015fturduk. Bizim tabii ki \u00f6nderli\u011fimizde \u2018\u00dcniversiteler, ticaret odas\u0131, ESOB, di\u011fer odalar, sivil toplum bir arada ne yap\u0131labilir? Mersin\u2019de istihdama katk\u0131 sunabilecek hangi atraksiyonlar yap\u0131labilir?\u2019 bu konuda \u00e7al\u0131\u015f\u0131yoruz. Bu tabii ki y\u0131llara sarih bir konu. T\u00fcrkiye\u2019nin bug\u00fcne kadar ki s\u00fcre\u00e7 i\u00e7erisinde makroekonomik politikalar\u0131 ile ilgili bir konu\u201d dedi.<\/p>\n<p>\u201c\u0130\u015fimiz \u00e7ok ama \u015fevkimiz var, azmimiz var\u201d<\/p>\n<p>3 Ba\u015fkan, kendilerine ayr\u0131lan son birka\u00e7 dakikada en \u00f6nemli \u00e7al\u0131\u015fmalar\u0131ndan bahsetti. Ba\u015fkan Se\u00e7er de se\u00e7imlere haz\u0131rlan\u0131rken ekonomik, sosyal ve yenilik\u00e7i politikalar uygulayacaklar\u0131n\u0131n s\u00f6z\u00fcn\u00fc verdiklerini belirterek, \u201cBiz i\u015fe sosyal politikalarla ba\u015flad\u0131k Mersin olarak\u201d dedi.  Se\u00e7er, bunlar\u0131n yan\u0131nda Metro projesi gibi, yol, asfalt gibi \u00e7al\u0131\u015fmalara da \u00f6nem verdiklerini s\u00f6yleyerek, \u201c\u015eu anda 30 noktada asfalt \u00e7al\u0131\u015fmam\u0131z var bizim. \u0130\u015fimiz \u00e7ok ama \u015fevkimiz var, azmimiz var, Allah hepimizin yolunu a\u00e7\u0131k etsin\u201d diye konu\u015ftu.<\/p>\n","protected":false},"excerpt":{"rendered":"<p>Mersin B\u00fcy\u00fck\u015fehir Belediye Ba\u015fkan\u0131 Vahap Se\u00e7er ve Adana B\u00fcy\u00fck\u015fehir Belediye Ba\u015fkan\u0131 Zeydan Karalar, Hatay B\u00fcy\u00fck\u015fehir Belediye Ba\u015fkan\u0131 L\u00fctf\u00fc Sava\u015f\u2019\u0131n ev sahipli\u011finde medeniyetler \u015fehri Hatay\u2019da bulu\u015ftu. 5 televizyon ve 52 yerel &hellip; <a href=\"https:\/\/akdenizolaygazetesi.com\/?p=11950\" class=\"more-link\">Devam\u0131n\u0131 Oku&#8230;<\/a><\/p>\n","protected":false},"author":2,"featured_media":11952,"comment_status":"open","ping_status":"open","sticky":false,"template":"","format":"standard","meta":[],"categories":[8,1,2,3,5,6],"tags":[],"_links":{"self":[{"href":"https:\/\/akdenizolaygazetesi.com\/index.php?rest_route=\/wp\/v2\/posts\/11950"}],"collection":[{"href":"https:\/\/akdenizolaygazetesi.com\/index.php?rest_route=\/wp\/v2\/posts"}],"about":[{"href":"https:\/\/akdenizolaygazetesi.com\/index.php?rest_route=\/wp\/v2\/types\/post"}],"author":[{"embeddable":true,"href":"https:\/\/akdenizolaygazetesi.com\/index.php?rest_route=\/wp\/v2\/users\/2"}],"replies":[{"embeddable":true,"href":"https:\/\/akdenizolaygazetesi.com\/index.php?rest_route=%2Fwp%2Fv2%2Fcomments&post=11950"}],"version-history":[{"count":2,"href":"https:\/\/akdenizolaygazetesi.com\/index.php?rest_route=\/wp\/v2\/posts\/11950\/revisions"}],"predecessor-version":[{"id":11953,"href":"https:\/\/akdenizolaygazetesi.com\/index.php?rest_route=\/wp\/v2\/posts\/11950\/revisions\/11953"}],"wp:featuredmedia":[{"embeddable":true,"href":"https:\/\/akdenizolaygazetesi.com\/index.php?rest_route=\/wp\/v2\/media\/11952"}],"wp:attachment":[{"href":"https:\/\/akdenizolaygazetesi.com\/index.php?rest_route=%2Fwp%2Fv2%2Fmedia&parent=11950"}],"wp:term":[{"taxonomy":"category","embeddable":true,"href":"https:\/\/akdenizolaygazetesi.com\/index.php?rest_route=%2Fwp%2Fv2%2Fcategories&post=11950"},{"taxonomy":"post_tag","embeddable":true,"href":"https:\/\/akdenizolaygazetesi.com\/index.php?rest_route=%2Fwp%2Fv2%2Ftags&post=11950"}],"curies":[{"name":"wp","href":"https:\/\/api.w.org\/{rel}","templated":true}]}}