{"id":11954,"date":"2021-04-20T12:52:20","date_gmt":"2021-04-20T09:52:20","guid":{"rendered":"http:\/\/akdenizolaygazetesi.com\/?p=11954"},"modified":"2021-04-20T12:52:58","modified_gmt":"2021-04-20T09:52:58","slug":"toroslar-belediyesinden-sehit-ailelerine-anlamli-hediye","status":"publish","type":"post","link":"https:\/\/akdenizolaygazetesi.com\/?p=11954","title":{"rendered":"TOROSLAR BELED\u0130YES\u0130\u2019NDEN \u015eEH\u0130T A\u0130LELER\u0130NE ANLAMLI HED\u0130YE"},"content":{"rendered":"<p>Toroslar Belediye Ba\u015fkan\u0131 Ats\u0131z Af\u015f\u0131n Y\u0131lmaz\u2019\u0131n \u015fehit ailelerine verdi\u011fi de\u011fer ve \u00f6nemle ortaya \u00e7\u0131kan \u201cCennet Kokulum\u201d Projesi, il\u00e7edeki \u015fehit ailelerini duyguland\u0131rd\u0131.<\/p>\n<p>Proje ile \u015fehit anneleri ile babalar\u0131n\u0131n aljinat tekni\u011fi ile al\u0131nan ellerinin kal\u0131b\u0131, T\u00fcrk Bayra\u011f\u0131 motifi ile boyand\u0131, i\u00e7ine fesle\u011fen \u00e7i\u00e7e\u011fi ekilerek \u015fehit evlatlar\u0131n\u0131n isimleriyle birlikte kendilerine hediye edildi.<\/p>\n<p>Geride evlatlar\u0131n\u0131, e\u015flerini, annelerini, babalar\u0131n\u0131 ve hayallerini b\u0131rakarak vatan u\u011fruna topra\u011fa d\u00fc\u015fen fidanlar\u0131n aileleri, Toroslar Belediyesi\u2019nin \u015eehitler Haftas\u0131 kapsam\u0131nda d\u00fczenledi\u011fi  &#8220;Cennet Kokulum&#8221; projesiyle bir araya geldi<\/p>\n<p>Toroslar Belediyesi Sosyal \u0130\u015fler M\u00fcd\u00fcrl\u00fc\u011f\u00fc b\u00fcnyesinde bulunan \u015eehit ve Gazi Aileleri Hizmetleri \u015eefli\u011fi ile Toroslar Teknik ve Mesleki E\u011fitim Kurslar\u0131 (TORTEK) Merkezi i\u015fbirli\u011finde ger\u00e7ekle\u015ftirilen projenin workshop \u00e7al\u0131\u015fmas\u0131, Alsancak Mahallesi&#8217;ndeki TORTEK merkezinin bah\u00e7esinde yap\u0131ld\u0131.<\/p>\n<p>T\u00fcrk Bayra\u011f\u0131 ile Bezenen \u015eehit Annelerinin ve Babalar\u0131n\u0131n El Kal\u0131plar\u0131, G\u00f6rsel Bir \u015e\u00f6len Olu\u015fturdu<\/p>\n<p>\u015eehit anneleri ve babalar\u0131ndan daha \u00f6nce al\u0131nan ve T\u00fcrk Bayra\u011f\u0131 motifi ile boyanan el kal\u0131plar\u0131, etkinlik alan\u0131nda g\u00f6rsel bir \u015f\u00f6len olu\u015fturdu. Programa davet edilen \u015fehit aileleri el kal\u0131plar\u0131n\u0131n T\u00fcrk Bayra\u011f\u0131 motifi ile bezendi\u011fini g\u00f6r\u00fcnce duygular\u0131n\u0131 gizleyemedi.<\/p>\n<p>Toroslar Belediye Ba\u015fkan\u0131 Ats\u0131z Af\u015f\u0131n Y\u0131lmaz&#8217;\u0131n e\u015fi Meltem Y\u0131lmaz da programda \u015fehit ailelerini yaln\u0131z b\u0131rakmad\u0131. T\u00fcm \u015fehitlerin an\u0131s\u0131na okunan Kuran-\u0131 Kerim tilaveti ve dualar\u0131n ard\u0131ndan  ba\u015flayan programa, Toroslar \u0130l\u00e7e Emniyet M\u00fcd\u00fcr\u00fc Zeki Av\u015far ve belediye meclis \u00fcyeleri de kat\u0131ld\u0131.<\/p>\n<p>Pandemi kurallar\u0131 \u00e7er\u00e7evesinde yap\u0131lan programda aljinat tekni\u011fi ile al\u0131nan el kal\u0131b\u0131n\u0131n boyama \u00e7al\u0131\u015fmas\u0131 da kat\u0131l\u0131mc\u0131lara g\u00f6sterildi.<\/p>\n<p>Daha sonra Ba\u015fkan Y\u0131lmaz&#8217;\u0131n e\u015fi Meltem Y\u0131lmaz, \u015fehit ailelerinin masalar\u0131n\u0131 tek tek gezerek el kal\u0131plar\u0131n\u0131n i\u00e7erisine birlikte fesle\u011fen \u00e7i\u00e7e\u011fi ekti ve can suyunu verdi.  Y\u0131lmaz, \u015fehitlere Allah&#8217;tan rahmet, ailelerine ise sab\u0131r diledi.<\/p>\n<p>\u015eehit Annesi \u015eahin: \u201cBa\u015fkan\u0131m\u0131z Ats\u0131z Af\u015f\u0131n Y\u0131lmaz, \u015eehit Ailelerine G\u00f6n\u00fclden Ba\u011fl\u0131\u201d<\/p>\n<p>\u015eehit Jandarma \u00dcste\u011fmen Emrah \u015eahin&#8217;in annesi G\u00fclay \u015eahin, Toroslar Belediye Ba\u015fkan\u0131 Ats\u0131z Af\u015f\u0131n Y\u0131lmaz&#8217;\u0131n \u015fehit ailelerine g\u00f6n\u00fclden ba\u011fl\u0131 oldu\u011funu belirterek; &#8220;Ba\u015fkan\u0131m\u0131z bizlere sevgiyle yakla\u015f\u0131yor. Her an yan\u0131m\u0131zda ve ilgisi her zaman \u00fcst\u00fcm\u00fczde. Kendisine ve de\u011ferli ekibine te\u015fekk\u00fcr ederiz. B\u00f6yle etkinlikler bizleri \u00e7ok memnun ediyor ve \u015fehit aileleriyle bir araya gelmemize de vesile oluyor&#8221; dedi.<\/p>\n<p>&#8220;Bu Eller B\u00fcy\u00fctt\u00fc \u015eehitlerimizi&#8221;<\/p>\n<p>&#8220;Bu eller b\u00fcy\u00fctt\u00fc \u015fehitlerimizi. Toroslar Belediyemiz bu projeyle bunu d\u00fc\u015f\u00fcnm\u00fc\u015f ve \u00e7ok g\u00fczel anlatm\u0131\u015f. Manevi de\u011feri \u00e7ok b\u00fcy\u00fck. Ba\u015fkan\u0131m\u0131z bizleri onurland\u0131rd\u0131&#8221; diyen \u015eahin; &#8220;\u015eehitlerimiz, o ellerin aras\u0131nda. Bug\u00fcn, en g\u00fczel hediyeyi ald\u0131k. Ba\u015fkan\u0131m\u0131zdan Allah raz\u0131 olsun&#8221; \u015feklinde konu\u015ftu.<\/p>\n<p>\u015eehit Annesi Akay: &#8220;Aslan\u0131m, Sanki Yan\u0131m\u0131zda&#8221;<\/p>\n<p>\u015eehit Astsubay \u00c7avu\u015f Mehmet Muhammet Akay\u2019\u0131n annesi Kezban Akay da el kal\u0131plar\u0131n\u0131n al\u0131nd\u0131\u011f\u0131 s\u0131rada \u015fa\u015f\u0131rd\u0131klar\u0131n\u0131, \u00e7al\u0131\u015fman\u0131n tamamland\u0131\u011f\u0131n\u0131 g\u00f6r\u00fcnce ise duyguland\u0131klar\u0131n\u0131 dile getirerek; &#8220;Aslan\u0131m sanki yan\u0131m\u0131zda. Ba\u015fkan\u0131m\u0131za b\u00f6yle bir projeyi hayata ge\u00e7irdi\u011fi i\u00e7in te\u015fekk\u00fcr ederiz&#8221; diye konu\u015ftu.<\/p>\n<p>3 Boyutlu El Kal\u0131b\u0131 Nas\u0131l Yap\u0131ld\u0131<\/p>\n<p>TORTEK Heykel Seramik Hocas\u0131 Fatma Y\u0131lmaz Botella Lucas da projede kulland\u0131klar\u0131 aljinat tekni\u011fi ile ilgili bilgiler vererek; &#8220;\u015eehitler Haftas\u0131 i\u00e7in \u00f6zel haz\u0131rlad\u0131\u011f\u0131m\u0131z proje kapsam\u0131nda \u015fehit ailelerimizi evlerinde ziyaret ederek anne ve babalar\u0131m\u0131z\u0131n aljinat tekni\u011fi ile 3 boyutlu el kal\u0131plar\u0131n\u0131 ald\u0131k. Kuruduktan sonra T\u00fcrk Bayra\u011f\u0131 motifi ile boyad\u0131k. \u015eehit ailelerimizle bir araya geldi\u011fimiz etkinlikte de birlikte el kal\u0131plar\u0131na \u00e7i\u00e7ek ekimini ger\u00e7ekle\u015ftirdik ve bu \u00e7al\u0131\u015fmay\u0131 \u015fehitlerimizin isimleriyle \u00f6l\u00fcms\u00fczle\u015ftirdik&#8221; ifadelerini kulland\u0131.<\/p>\n","protected":false},"excerpt":{"rendered":"<p>Toroslar Belediye Ba\u015fkan\u0131 Ats\u0131z Af\u015f\u0131n Y\u0131lmaz\u2019\u0131n \u015fehit ailelerine verdi\u011fi de\u011fer ve \u00f6nemle ortaya \u00e7\u0131kan \u201cCennet Kokulum\u201d Projesi, il\u00e7edeki \u015fehit ailelerini duyguland\u0131rd\u0131. Proje ile \u015fehit anneleri ile babalar\u0131n\u0131n aljinat tekni\u011fi ile &hellip; <a href=\"https:\/\/akdenizolaygazetesi.com\/?p=11954\" class=\"more-link\">Devam\u0131n\u0131 Oku&#8230;<\/a><\/p>\n","protected":false},"author":2,"featured_media":11956,"comment_status":"open","ping_status":"open","sticky":false,"template":"","format":"standard","meta":[],"categories":[8,1,2,3,5],"tags":[],"_links":{"self":[{"href":"https:\/\/akdenizolaygazetesi.com\/index.php?rest_route=\/wp\/v2\/posts\/11954"}],"collection":[{"href":"https:\/\/akdenizolaygazetesi.com\/index.php?rest_route=\/wp\/v2\/posts"}],"about":[{"href":"https:\/\/akdenizolaygazetesi.com\/index.php?rest_route=\/wp\/v2\/types\/post"}],"author":[{"embeddable":true,"href":"https:\/\/akdenizolaygazetesi.com\/index.php?rest_route=\/wp\/v2\/users\/2"}],"replies":[{"embeddable":true,"href":"https:\/\/akdenizolaygazetesi.com\/index.php?rest_route=%2Fwp%2Fv2%2Fcomments&post=11954"}],"version-history":[{"count":2,"href":"https:\/\/akdenizolaygazetesi.com\/index.php?rest_route=\/wp\/v2\/posts\/11954\/revisions"}],"predecessor-version":[{"id":11957,"href":"https:\/\/akdenizolaygazetesi.com\/index.php?rest_route=\/wp\/v2\/posts\/11954\/revisions\/11957"}],"wp:featuredmedia":[{"embeddable":true,"href":"https:\/\/akdenizolaygazetesi.com\/index.php?rest_route=\/wp\/v2\/media\/11956"}],"wp:attachment":[{"href":"https:\/\/akdenizolaygazetesi.com\/index.php?rest_route=%2Fwp%2Fv2%2Fmedia&parent=11954"}],"wp:term":[{"taxonomy":"category","embeddable":true,"href":"https:\/\/akdenizolaygazetesi.com\/index.php?rest_route=%2Fwp%2Fv2%2Fcategories&post=11954"},{"taxonomy":"post_tag","embeddable":true,"href":"https:\/\/akdenizolaygazetesi.com\/index.php?rest_route=%2Fwp%2Fv2%2Ftags&post=11954"}],"curies":[{"name":"wp","href":"https:\/\/api.w.org\/{rel}","templated":true}]}}