{"id":1196,"date":"2020-11-04T18:21:47","date_gmt":"2020-11-04T15:21:47","guid":{"rendered":"http:\/\/mersinekonomipolitikagazetesi.com\/?p=1196"},"modified":"2020-11-04T18:21:47","modified_gmt":"2020-11-04T15:21:47","slug":"mersinde-trafik-kazasi-1-olu-1-yarali","status":"publish","type":"post","link":"https:\/\/akdenizolaygazetesi.com\/?p=1196","title":{"rendered":"Mersin&#8217;de trafik kazas\u0131: 1 \u00f6l\u00fc, 1 yaral\u0131"},"content":{"rendered":"<p>Mersin&#8217;de motosiklet s\u00fcr\u00fcc\u00fcs\u00fcn\u00fcn yolun kar\u015f\u0131s\u0131na ge\u00e7meye \u00e7al\u0131\u015fan yayaya \u00e7arpmas\u0131 sonucu 1 ki\u015fi \u00f6ld\u00fc, 1 ki\u015fi yaraland\u0131.<\/p>\n<p>Edinilen bilgiye g\u00f6re, Mezitli istikametinden \u015fehir merkezine seyreden M.A. y\u00f6netimindeki 33 DOL 84 plakal\u0131 motosiklet, Adnan Menderes Bulvar\u0131 \u00fczerinde yolun kar\u015f\u0131s\u0131na ge\u00e7meye \u00e7al\u0131\u015fan Mehmet \u00c7avu\u015f&#8217;a (51) \u00e7arpt\u0131. Kazada \u00c7avu\u015f olay yerinde hayat\u0131n\u0131 kaybederken, a\u011f\u0131r yaralanan motosiklet s\u00fcr\u00fcc\u00fcs\u00fc hastaneye kald\u0131r\u0131ld\u0131.<br \/>\nKazayla ilgili soru\u015fturman\u0131n s\u00fcrd\u00fc\u011f\u00fc bildirildi.<\/p>\n","protected":false},"excerpt":{"rendered":"<p>Mersin&#8217;de motosiklet s\u00fcr\u00fcc\u00fcs\u00fcn\u00fcn yolun kar\u015f\u0131s\u0131na ge\u00e7meye \u00e7al\u0131\u015fan yayaya \u00e7arpmas\u0131 sonucu 1 ki\u015fi \u00f6ld\u00fc, 1 ki\u015fi yaraland\u0131. Edinilen bilgiye g\u00f6re, Mezitli istikametinden \u015fehir merkezine seyreden M.A. y\u00f6netimindeki 33 DOL 84 plakal\u0131 &hellip; <a href=\"https:\/\/akdenizolaygazetesi.com\/?p=1196\" class=\"more-link\">Devam\u0131n\u0131 Oku&#8230;<\/a><\/p>\n","protected":false},"author":1,"featured_media":0,"comment_status":"open","ping_status":"open","sticky":false,"template":"","format":"standard","meta":[],"categories":[],"tags":[],"_links":{"self":[{"href":"https:\/\/akdenizolaygazetesi.com\/index.php?rest_route=\/wp\/v2\/posts\/1196"}],"collection":[{"href":"https:\/\/akdenizolaygazetesi.com\/index.php?rest_route=\/wp\/v2\/posts"}],"about":[{"href":"https:\/\/akdenizolaygazetesi.com\/index.php?rest_route=\/wp\/v2\/types\/post"}],"author":[{"embeddable":true,"href":"https:\/\/akdenizolaygazetesi.com\/index.php?rest_route=\/wp\/v2\/users\/1"}],"replies":[{"embeddable":true,"href":"https:\/\/akdenizolaygazetesi.com\/index.php?rest_route=%2Fwp%2Fv2%2Fcomments&post=1196"}],"version-history":[{"count":0,"href":"https:\/\/akdenizolaygazetesi.com\/index.php?rest_route=\/wp\/v2\/posts\/1196\/revisions"}],"wp:attachment":[{"href":"https:\/\/akdenizolaygazetesi.com\/index.php?rest_route=%2Fwp%2Fv2%2Fmedia&parent=1196"}],"wp:term":[{"taxonomy":"category","embeddable":true,"href":"https:\/\/akdenizolaygazetesi.com\/index.php?rest_route=%2Fwp%2Fv2%2Fcategories&post=1196"},{"taxonomy":"post_tag","embeddable":true,"href":"https:\/\/akdenizolaygazetesi.com\/index.php?rest_route=%2Fwp%2Fv2%2Ftags&post=1196"}],"curies":[{"name":"wp","href":"https:\/\/api.w.org\/{rel}","templated":true}]}}