{"id":1197,"date":"2020-11-04T18:21:47","date_gmt":"2020-11-04T15:21:47","guid":{"rendered":"http:\/\/mersinekonomipolitikagazetesi.com\/?p=1197"},"modified":"2020-11-04T18:21:47","modified_gmt":"2020-11-04T15:21:47","slug":"vali-cakacak-halk-toplantisinda-sorun-ve-talepleri-dinledi","status":"publish","type":"post","link":"https:\/\/akdenizolaygazetesi.com\/?p=1197","title":{"rendered":"Vali \u00c7akacak, halk toplant\u0131s\u0131nda sorun ve talepleri dinledi"},"content":{"rendered":"<p>Mersin Valisi \u00d6zdemir \u00c7akacak, \u0130l \u0130dare \u015eube Ba\u015fkanlar\u0131 ve Halk Toplant\u0131s\u0131nda vatanda\u015flarla bir araya gelerek, sorun ve taleplerini dinledi.<\/p>\n<p>Valilik konferans salonunda d\u00fczenlenen halk toplant\u0131s\u0131na vali yard\u0131mc\u0131lar\u0131, merkez il\u00e7elerin kaymakamlar\u0131, kamu kurum ve kurulu\u015flar\u0131n\u0131n b\u00f6lge ve il m\u00fcd\u00fcrleri ile \u00e7ok say\u0131da vatanda\u015f kat\u0131ld\u0131. Toplant\u0131da konu\u015fan \u00c7akacak, halk toplant\u0131lar\u0131nda vatanda\u015flar\u0131n daire m\u00fcd\u00fcrleriyle bir araya gelerek, istek, talep ve beklentilerinin konu\u015fulaca\u011f\u0131n\u0131 belirterek, bu sayede vatanda\u015flar\u0131n taleplerini ilgili kurum m\u00fcd\u00fcrlerine ilk elden ileterek, sorunlar\u0131n en k\u0131sa s\u00fcrede \u00e7\u00f6z\u00fclmesinin sa\u011flanaca\u011f\u0131n\u0131 s\u00f6yledi.<br \/>\n\u00c7akacak\u2019\u0131n konu\u015fmas\u0131n\u0131n ard\u0131ndan vatanda\u015flar\u0131n tek tek s\u00f6z alarak sorun ve taleplerini do\u011frudan kamu kurum ve kurulu\u015f amirlerine iletmeleri ile devam eden toplant\u0131, Vali \u00c7akacak\u2019\u0131n, il ve b\u00f6lge m\u00fcd\u00fcrlerinden ilimizde devam eden yat\u0131r\u0131mlar, y\u00fcr\u00fct\u00fclen \u00e7al\u0131\u015fmalar hakk\u0131nda bilgi almas\u0131yla sona erdi.<\/p>\n","protected":false},"excerpt":{"rendered":"<p>Mersin Valisi \u00d6zdemir \u00c7akacak, \u0130l \u0130dare \u015eube Ba\u015fkanlar\u0131 ve Halk Toplant\u0131s\u0131nda vatanda\u015flarla bir araya gelerek, sorun ve taleplerini dinledi. Valilik konferans salonunda d\u00fczenlenen halk toplant\u0131s\u0131na vali yard\u0131mc\u0131lar\u0131, merkez il\u00e7elerin kaymakamlar\u0131, &hellip; <a href=\"https:\/\/akdenizolaygazetesi.com\/?p=1197\" class=\"more-link\">Devam\u0131n\u0131 Oku&#8230;<\/a><\/p>\n","protected":false},"author":1,"featured_media":0,"comment_status":"open","ping_status":"open","sticky":false,"template":"","format":"standard","meta":[],"categories":[],"tags":[],"_links":{"self":[{"href":"https:\/\/akdenizolaygazetesi.com\/index.php?rest_route=\/wp\/v2\/posts\/1197"}],"collection":[{"href":"https:\/\/akdenizolaygazetesi.com\/index.php?rest_route=\/wp\/v2\/posts"}],"about":[{"href":"https:\/\/akdenizolaygazetesi.com\/index.php?rest_route=\/wp\/v2\/types\/post"}],"author":[{"embeddable":true,"href":"https:\/\/akdenizolaygazetesi.com\/index.php?rest_route=\/wp\/v2\/users\/1"}],"replies":[{"embeddable":true,"href":"https:\/\/akdenizolaygazetesi.com\/index.php?rest_route=%2Fwp%2Fv2%2Fcomments&post=1197"}],"version-history":[{"count":0,"href":"https:\/\/akdenizolaygazetesi.com\/index.php?rest_route=\/wp\/v2\/posts\/1197\/revisions"}],"wp:attachment":[{"href":"https:\/\/akdenizolaygazetesi.com\/index.php?rest_route=%2Fwp%2Fv2%2Fmedia&parent=1197"}],"wp:term":[{"taxonomy":"category","embeddable":true,"href":"https:\/\/akdenizolaygazetesi.com\/index.php?rest_route=%2Fwp%2Fv2%2Fcategories&post=1197"},{"taxonomy":"post_tag","embeddable":true,"href":"https:\/\/akdenizolaygazetesi.com\/index.php?rest_route=%2Fwp%2Fv2%2Ftags&post=1197"}],"curies":[{"name":"wp","href":"https:\/\/api.w.org\/{rel}","templated":true}]}}