{"id":11972,"date":"2021-04-21T11:41:01","date_gmt":"2021-04-21T08:41:01","guid":{"rendered":"http:\/\/akdenizolaygazetesi.com\/?p=11972"},"modified":"2021-04-21T11:41:57","modified_gmt":"2021-04-21T08:41:57","slug":"tarikat-seyhlerine-serbest-ataturke-yasak","status":"publish","type":"post","link":"https:\/\/akdenizolaygazetesi.com\/?p=11972","title":{"rendered":"&#8216;Tarikat \u015eeyhlerine Serbest Atat\u00fcrk\u2019e Yasak&#8217;"},"content":{"rendered":"<p>CHP Mersin Milletvekili ve Parti Meclisi \u00dcyesi Ali Mahir Ba\u015far\u0131r, Mersin \u0130li \u00c7aml\u0131yayla \u0130l\u00e7e Milli E\u011fitim M\u00fcd\u00fcrl\u00fc\u011f\u00fc taraf\u0131ndan, okullara da\u011f\u0131t\u0131lmak istenen \u201cMustafa Kemal Atat\u00fcrk ve Gen\u00e7ler \u0130\u00e7in Nutuk\u201d adl\u0131 kitab\u0131n da\u011f\u0131t\u0131lmas\u0131na izin verilmemesini Meclis g\u00fcndemine ta\u015f\u0131d\u0131.<\/p>\n<p>Tarikat \u015eeyhlerine Serbest Atat\u00fcrk\u2019e Yasak<\/p>\n<p>Her \u00f6\u011frencinin ba\u015fucu kitab\u0131 olmas\u0131 gereken NUTUK\u2019un \u00f6\u011frencilere da\u011f\u0131t\u0131lmas\u0131n\u0131 yasaklayan zihniyeti ele\u015ftiren CHP\u2019li Ba\u015far\u0131r, \u201c\u00dclkemizin kurtar\u0131c\u0131s\u0131 Gazi Mustafa Kemal Atat\u00fcrk\u2019\u00fcn eseri olan, Gazi Mustafa Kemal Atat\u00fcrk\u2019\u00fcn Samsun\u2019a ilk \u00e7\u0131k\u0131\u015f\u0131yla ba\u015flayan ve zaferle sonu\u00e7lanan Kurtulu\u015f Sava\u015f\u0131 Destan\u0131m\u0131z\u0131n anlat\u0131ld\u0131\u011f\u0131 b\u00f6ylesine \u00f6nemli bir eserin \u00f6\u011frencilere da\u011f\u0131t\u0131lmas\u0131nda sak\u0131nca g\u00f6ren zihniyeti anlamak m\u00fcmk\u00fcn de\u011fil. Bu zihniyeti ta\u015f\u0131yan hangi il, il\u00e7e milli e\u011fitim m\u00fcd\u00fcrleri varsa g\u00f6revden el \u00e7ektirilmelidir. Bu \u00f6yle bir zihniyet ki tarikat liderlerinin sapk\u0131n d\u00fc\u015f\u00fcncelerinin anlat\u0131ld\u0131\u011f\u0131 kitaplar\u0131n okullarda da\u011f\u0131t\u0131lmas\u0131nda sak\u0131nca g\u00f6rm\u00fcyor ancak t\u00fcm d\u00fcnyan\u0131n \u00f6vg\u00fcyle bahsetti\u011fi, vatan\u0131m\u0131z\u0131n kurtar\u0131c\u0131s\u0131 Gazi Mustafa Kemal Atat\u00fcrk\u2019e ait \u201cNUTUK\u201d eserinin da\u011f\u0131t\u0131lmas\u0131na izin vermiyor\u201d dedi.<\/p>\n<p>Halk\u0131m\u0131z\u0131n Haf\u0131zas\u0131ndan Mustafa Kemal Atat\u00fcrk\u2019\u00fc Silmek \u0130steyenler Her Zaman Kaybedecektir<\/p>\n<p>\u00dclkemizin kurtar\u0131c\u0131s\u0131, Kurtulu\u015f Sava\u015f\u0131 Zaferimizin ba\u015f mimar\u0131 Ulu \u00d6nder Gazi Mustafa Kemal Atat\u00fcrk\u2019\u00fc i\u00e7ine sindirememi\u015f ki\u015filerin Mill\u00ee E\u011fitim Bakanl\u0131\u011f\u0131 gibi \u00f6nemli bir kurumda yerinin olmad\u0131\u011f\u0131n\u0131 ifade eden CHP\u2019li Ba\u015far\u0131r, \u201c\u00dcz\u00fclerek belirtmeliyim ki bu ve benzeri uygulamalar, mevcut siyasi iktidar\u0131n Ba\u015fkomutan Mustafa Kemal Atat\u00fcrk\u2019e olan bak\u0131\u015f a\u00e7\u0131s\u0131ndan kaynaklanmaktad\u0131r. Ne yaz\u0131k ki bu iktidar d\u00f6neminde ders kitaplar\u0131ndan Atat\u00fcrk \u00fcnitelerinin kald\u0131r\u0131ld\u0131\u011f\u0131n\u0131 g\u00f6rd\u00fck. Milli E\u011fitim\u2019in amac\u0131 Atat\u00fcrk kar\u015f\u0131t\u0131, tutucu ve kindar bir nesil yeti\u015ftirmek midir? \u015eunu kimse unutmas\u0131n ki; halk\u0131m\u0131z\u0131n haf\u0131zalar\u0131ndan Gazi Mustafa Kemal Atat\u00fcrk\u2019\u00fc silmek isteyenler asla ama\u00e7lar\u0131na ula\u015famayacaklar ve daima kaybedeceklerdir\u201d s\u00f6zlerini ifade etti.<\/p>\n<p>CHP Mersin Milletvekili Ali Mahir Ba\u015far\u0131r, Milli E\u011fitim Bakan\u0131 Ziya Sel\u00e7uk\u2019un yan\u0131tlamas\u0131 istemi ile vermi\u015f oldu\u011fu yaz\u0131l\u0131 soru \u00f6nergesinde;<\/p>\n<p>\u201cMersin \u0130li \u00c7aml\u0131yayla \u0130l\u00e7e Milli E\u011fitim M\u00fcd\u00fcrl\u00fc\u011f\u00fc; \u00c7aml\u0131yayla \u00dclk\u00fc Ocaklar\u0131 E\u011fitim ve K\u00fclt\u00fcr Vakf\u0131\u2019n\u0131n okullardaki \u00f6\u011frencilere da\u011f\u0131tmak \u00fczere, Mavi \u00c7at\u0131 Yay\u0131nlar\u0131na ait \u201cMustafa Kemal Atat\u00fcrk Gen\u00e7ler \u0130\u00e7in Nutuk\u201d adl\u0131 kitap i\u00e7in izin iste\u011fine, \u201cOsmanl\u0131 Padi\u015fah\u0131 Vahdettin\u2019e y\u00f6nelik \u2018soysuzla\u015fm\u0131\u015f, al\u00e7ak\u2019 ve d\u00f6nemin Osmanl\u0131 H\u00fck\u00fcmeti\u2019ne y\u00f6nelik \u2018aciz, haysiyetsiz ve korkak\u2019 ifadeleri kullan\u0131ld\u0131\u011f\u0131\u2026 \u2018Ulu \u00d6nder Gazi Mustafa Kemal Atat\u00fcrk\u2019\u00fcn elinde sigara g\u00f6sterilerek\u2019 \u00f6\u011frencilere olumsuz \u00f6rnek te\u015fkil edecek \u00f6\u011felere yer verildi\u011fi\u201d gerek\u00e7esiyle 19.04.2021 tarihli yaz\u0131s\u0131yla olumsuz yan\u0131t vermi\u015ftir.<\/p>\n<p>Bunun yan\u0131 s\u0131ra tarikatlara ait ve \u00f6\u011frencilere sapk\u0131n d\u00fc\u015f\u00fcnceleri a\u015f\u0131layacak kitaplara ise baz\u0131 okullarda izin verildi\u011fi yaz\u0131l\u0131 ve g\u00f6rsel bas\u0131nda yer alm\u0131\u015ft\u0131r\u201d a\u00e7\u0131klamalar\u0131na yer vererek \u015fu sorular\u0131n yan\u0131tlanmas\u0131n\u0131 istedi:<\/p>\n<p>Kurtulu\u015f Sava\u015f\u0131 Destan\u0131\u2019n\u0131n yaz\u0131ld\u0131\u011f\u0131 Gazi Mustafa Kemal Atat\u00fcrk\u2019e ait \u201cNUTUK\u201d eserinin \u00f6\u011frencilere da\u011f\u0131t\u0131lma izninin verilmemesinin gerek\u00e7eleri nelerdir? B\u00f6ylesine \u00f6nemli ve de\u011ferli bir eseri \u00f6\u011frencilerin okumas\u0131nda, bilgi sahibi olmas\u0131nda ne gibi sak\u0131ncalar vard\u0131r?<br \/>\nTarikatlar\u0131n, Milli E\u011fitime ba\u011fl\u0131 okullarda kitaplar\u0131n\u0131n da\u011f\u0131t\u0131m\u0131na izin verilirken, her \u00f6\u011frencinin ba\u015fucu kitab\u0131 olmas\u0131 gereken NUTUK adl\u0131 eserin okullarda da\u011f\u0131t\u0131lmas\u0131na izin verilmemesi hangi mant\u0131k \u00e7er\u00e7evesinde yasaklanm\u0131\u015ft\u0131r?<br \/>\nMill\u00ee E\u011fitim Bakanl\u0131\u011f\u0131\u2019n\u0131n ama\u00e7lar\u0131ndan biri yurdumuzun kurtar\u0131c\u0131s\u0131, Ulu \u00d6nder Gazi Mustafa Kemal Atat\u00fcrk\u2019\u00fc \u00f6\u011frencilere anlatmak de\u011fil midir? Bakanl\u0131\u011f\u0131n amac\u0131 tarikat \u015feyhlerinin hayatlar\u0131n\u0131n ve sapk\u0131n d\u00fc\u015f\u00fcncelerinin \u00f6\u011frencilere a\u015f\u0131lanmas\u0131 m\u0131d\u0131r?<br \/>\nNUTUK\u2019ta ge\u00e7en Mustafa Kemal Atat\u00fcrk\u2019\u00fcn s\u00f6zlerine gerek\u00e7e g\u00f6stererek da\u011f\u0131t\u0131m\u0131na izin vermeyen \u00c7aml\u0131yayla \u0130l\u00e7e Milli E\u011fitim M\u00fcd\u00fcr\u00fc g\u00f6revden al\u0131nacak m\u0131d\u0131r? Al\u0131nmayacaksa gerek\u00e7eleri nelerdir?<\/p>\n","protected":false},"excerpt":{"rendered":"<p>CHP Mersin Milletvekili ve Parti Meclisi \u00dcyesi Ali Mahir Ba\u015far\u0131r, Mersin \u0130li \u00c7aml\u0131yayla \u0130l\u00e7e Milli E\u011fitim M\u00fcd\u00fcrl\u00fc\u011f\u00fc taraf\u0131ndan, okullara da\u011f\u0131t\u0131lmak istenen \u201cMustafa Kemal Atat\u00fcrk ve Gen\u00e7ler \u0130\u00e7in Nutuk\u201d adl\u0131 kitab\u0131n &hellip; <a href=\"https:\/\/akdenizolaygazetesi.com\/?p=11972\" class=\"more-link\">Devam\u0131n\u0131 Oku&#8230;<\/a><\/p>\n","protected":false},"author":2,"featured_media":11974,"comment_status":"open","ping_status":"open","sticky":false,"template":"","format":"standard","meta":[],"categories":[1,2,3,5,6],"tags":[],"_links":{"self":[{"href":"https:\/\/akdenizolaygazetesi.com\/index.php?rest_route=\/wp\/v2\/posts\/11972"}],"collection":[{"href":"https:\/\/akdenizolaygazetesi.com\/index.php?rest_route=\/wp\/v2\/posts"}],"about":[{"href":"https:\/\/akdenizolaygazetesi.com\/index.php?rest_route=\/wp\/v2\/types\/post"}],"author":[{"embeddable":true,"href":"https:\/\/akdenizolaygazetesi.com\/index.php?rest_route=\/wp\/v2\/users\/2"}],"replies":[{"embeddable":true,"href":"https:\/\/akdenizolaygazetesi.com\/index.php?rest_route=%2Fwp%2Fv2%2Fcomments&post=11972"}],"version-history":[{"count":2,"href":"https:\/\/akdenizolaygazetesi.com\/index.php?rest_route=\/wp\/v2\/posts\/11972\/revisions"}],"predecessor-version":[{"id":11975,"href":"https:\/\/akdenizolaygazetesi.com\/index.php?rest_route=\/wp\/v2\/posts\/11972\/revisions\/11975"}],"wp:featuredmedia":[{"embeddable":true,"href":"https:\/\/akdenizolaygazetesi.com\/index.php?rest_route=\/wp\/v2\/media\/11974"}],"wp:attachment":[{"href":"https:\/\/akdenizolaygazetesi.com\/index.php?rest_route=%2Fwp%2Fv2%2Fmedia&parent=11972"}],"wp:term":[{"taxonomy":"category","embeddable":true,"href":"https:\/\/akdenizolaygazetesi.com\/index.php?rest_route=%2Fwp%2Fv2%2Fcategories&post=11972"},{"taxonomy":"post_tag","embeddable":true,"href":"https:\/\/akdenizolaygazetesi.com\/index.php?rest_route=%2Fwp%2Fv2%2Ftags&post=11972"}],"curies":[{"name":"wp","href":"https:\/\/api.w.org\/{rel}","templated":true}]}}