{"id":1198,"date":"2020-11-04T18:21:47","date_gmt":"2020-11-04T15:21:47","guid":{"rendered":"http:\/\/mersinekonomipolitikagazetesi.com\/?p=1198"},"modified":"2020-11-04T18:21:47","modified_gmt":"2020-11-04T15:21:47","slug":"erdemli-belediyesinden-ogrencilere-temizlik-seti","status":"publish","type":"post","link":"https:\/\/akdenizolaygazetesi.com\/?p=1198","title":{"rendered":"Erdemli Belediyesi&#8217;nden \u00f6\u011frencilere temizlik seti"},"content":{"rendered":"<p>Erdemli Belediyesi, k\u0131rsal mahallelerde \u00f6\u011frenim g\u00f6ren 6 bin \u00f6\u011frenciye ki\u015fisel temizlik \u00fcr\u00fcnleri da\u011f\u0131tt\u0131.<\/p>\n<p>Erdemli Belediyesi sosyal belediyecilik anlay\u0131\u015f\u0131 \u00e7er\u00e7evesinde k\u0131rsal kesimde okuyan \u00f6\u011frencilere temizlik seti arma\u011fan etti. Yakla\u015f\u0131k 6 bin \u00f6\u011frenciye temizlik \u00fcr\u00fcnleri da\u011f\u0131tt\u0131klar\u0131n\u0131 s\u00f6yleyen Erdemli Belediye Ba\u015fkan\u0131 M\u00fckerrem Tollu, &#8216;Sa\u011flam kafa sa\u011flam v\u00fccutta bulunur&#8217; s\u00f6z\u00fcnden hareketle gen\u00e7lere ve \u00e7ocuklara sa\u011fl\u0131kl\u0131 bir ya\u015fam i\u00e7in temizlik ruhunu a\u015f\u0131lamay\u0131 ama\u00e7lad\u0131klar\u0131n\u0131 dile getirdi. Temizlik paketi i\u00e7inde di\u015f macunu, di\u015f f\u0131r\u00e7as\u0131, sa\u00e7 tara\u011f\u0131, banyo sabunu ve el sabunu bulundu\u011funu belirten Tollu, \u201cGelece\u011fimizin teminat\u0131 olan \u00e7ocuklar\u0131m\u0131za Erdemli Belediyesi olarak bir k\u00fc\u00e7\u00fck arma\u011fan vermek istedik. Biliyorsunuz Peygamber Efendimiz bir hadisi \u015ferifinde &#8216;Temizlik imandand\u0131r&#8217; buyuruyor. Bu d\u00fc\u015f\u00fcnceden hareketle gen\u00e7lerimize ve \u00e7ocuklar\u0131m\u0131za temizlik al\u0131\u015fkanl\u0131\u011f\u0131 kazand\u0131rmak ad\u0131na, kendi v\u00fccut sa\u011fl\u0131klar\u0131n\u0131 korumalar\u0131 ad\u0131na bu ki\u015fisel bak\u0131m setini arma\u011fan ediyoruz\u201d dedi.<br \/>\nDaha sa\u011fl\u0131kl\u0131 ve daha ba\u015far\u0131l\u0131 bireyler olabilmek i\u00e7in \u00e7ocuklardan da bu konuda s\u00f6z alan Ba\u015fkan Tollu, hediye paketlerini tek tek \u00f6\u011frencilere da\u011f\u0131tt\u0131.<\/p>\n","protected":false},"excerpt":{"rendered":"<p>Erdemli Belediyesi, k\u0131rsal mahallelerde \u00f6\u011frenim g\u00f6ren 6 bin \u00f6\u011frenciye ki\u015fisel temizlik \u00fcr\u00fcnleri da\u011f\u0131tt\u0131. Erdemli Belediyesi sosyal belediyecilik anlay\u0131\u015f\u0131 \u00e7er\u00e7evesinde k\u0131rsal kesimde okuyan \u00f6\u011frencilere temizlik seti arma\u011fan etti. Yakla\u015f\u0131k 6 bin &hellip; <a href=\"https:\/\/akdenizolaygazetesi.com\/?p=1198\" class=\"more-link\">Devam\u0131n\u0131 Oku&#8230;<\/a><\/p>\n","protected":false},"author":1,"featured_media":0,"comment_status":"open","ping_status":"open","sticky":false,"template":"","format":"standard","meta":[],"categories":[],"tags":[],"_links":{"self":[{"href":"https:\/\/akdenizolaygazetesi.com\/index.php?rest_route=\/wp\/v2\/posts\/1198"}],"collection":[{"href":"https:\/\/akdenizolaygazetesi.com\/index.php?rest_route=\/wp\/v2\/posts"}],"about":[{"href":"https:\/\/akdenizolaygazetesi.com\/index.php?rest_route=\/wp\/v2\/types\/post"}],"author":[{"embeddable":true,"href":"https:\/\/akdenizolaygazetesi.com\/index.php?rest_route=\/wp\/v2\/users\/1"}],"replies":[{"embeddable":true,"href":"https:\/\/akdenizolaygazetesi.com\/index.php?rest_route=%2Fwp%2Fv2%2Fcomments&post=1198"}],"version-history":[{"count":0,"href":"https:\/\/akdenizolaygazetesi.com\/index.php?rest_route=\/wp\/v2\/posts\/1198\/revisions"}],"wp:attachment":[{"href":"https:\/\/akdenizolaygazetesi.com\/index.php?rest_route=%2Fwp%2Fv2%2Fmedia&parent=1198"}],"wp:term":[{"taxonomy":"category","embeddable":true,"href":"https:\/\/akdenizolaygazetesi.com\/index.php?rest_route=%2Fwp%2Fv2%2Fcategories&post=1198"},{"taxonomy":"post_tag","embeddable":true,"href":"https:\/\/akdenizolaygazetesi.com\/index.php?rest_route=%2Fwp%2Fv2%2Ftags&post=1198"}],"curies":[{"name":"wp","href":"https:\/\/api.w.org\/{rel}","templated":true}]}}