{"id":11982,"date":"2021-04-21T11:48:09","date_gmt":"2021-04-21T08:48:09","guid":{"rendered":"http:\/\/akdenizolaygazetesi.com\/?p=11982"},"modified":"2021-04-21T11:48:41","modified_gmt":"2021-04-21T08:48:41","slug":"50-bine-yakin-vatandasin-iftar-yemegini-buyuksehir-karsiladi","status":"publish","type":"post","link":"https:\/\/akdenizolaygazetesi.com\/?p=11982","title":{"rendered":"50 B\u0130NE YAKIN VATANDA\u015eIN \u0130FTAR YEME\u011e\u0130N\u0130 B\u00dcY\u00dcK\u015eEH\u0130R KAR\u015eILADI"},"content":{"rendered":"<p>Mersin B\u00fcy\u00fck\u015fehir Belediyesi Sosyal Hizmetler Dairesi\u2019nin Ramazan Ay\u0131\u2019nda ba\u015flatt\u0131\u011f\u0131 \u00fccretsiz iftar yeme\u011fi da\u011f\u0131t\u0131mlar\u0131 g\u00fcnl\u00fck 5 binden 7 bin 500 seviyelerine y\u00fckseldi. Bug\u00fcne kadar 50 bine yak\u0131n yurtta\u015fa, i\u00e7erisinde kavurma, pilav ve tatl\u0131 bulunan men\u00fcler ula\u015ft\u0131r\u0131ld\u0131. Tarsus, Toroslar ve Akdeniz il\u00e7elerinde ba\u015flayan hizmete Erdemli ve Silifke il\u00e7eleri de eklendi. G\u00fcnl\u00fck yemek kapasitesinin gelecek haftaya kadar 10 bine \u00e7\u0131kar\u0131lmas\u0131 ve hizmetin ilerleyen g\u00fcnlerde 13 il\u00e7ede yayg\u0131nla\u015ft\u0131r\u0131lmas\u0131 planlan\u0131yor.<\/p>\n<p>\u00dccretsiz yemek da\u011f\u0131t\u0131m\u0131n\u0131 Ba\u015fkan Se\u00e7er duyurmu\u015ftu<\/p>\n<p>B\u00fcy\u00fck\u015fehir Belediye Meclisi\u2019nin Nisan ay\u0131 toplant\u0131s\u0131n\u0131n ikinci birle\u015fiminde hizmeti duyuran Mersin B\u00fcy\u00fck\u015fehir Belediye Ba\u015fkan\u0131 Vahap Se\u00e7er, \u201c21 noktada Mahalle Mutfaklar\u0131m\u0131z hizmete devam edecek. Ayr\u0131ca Ramazan Ay\u0131 boyunca hafta sonu da dahil olmak \u00fczere her g\u00fcn 3 il\u00e7emizin 3 mahallesinde \u00fccretsiz yemek da\u011f\u0131t\u0131m\u0131 yapaca\u011f\u0131z\u201d a\u00e7\u0131klamas\u0131nda bulunmu\u015ftu.<\/p>\n<p>Hafta sonu 15 bin yemek da\u011f\u0131t\u0131ld\u0131<\/p>\n<p>\u0130\u00e7erisinde kavurma, pilav ve tatl\u0131 bulunan men\u00fcler, B\u00fcy\u00fck\u015fehir Belediyesi\u2019nin A\u015fhanesi\u2019nde g\u00fcnl\u00fck olarak haz\u0131rlan\u0131yor. Ekipler, ara\u00e7lara y\u00fcklenen paketleri \u00f6zellikle dezavantajl\u0131 mahallelerdeki vatanda\u015flar\u0131n kap\u0131s\u0131na kadar ula\u015ft\u0131r\u0131yor. B\u00fcy\u00fck\u015fehir Belediyesi Sosyal Hizmetler Dairesi Ba\u015fkanl\u0131\u011f\u0131 Sosyal Yard\u0131mlar \u015eube M\u00fcd\u00fcr\u00fc Engin Y\u0131ld\u0131r\u0131m, bug\u00fcne kadar toplam 47 bin 500 \u00fccretsiz iftar yeme\u011fi da\u011f\u0131t\u0131ld\u0131\u011f\u0131n\u0131 belirterek, \u201cMersin B\u00fcy\u00fck\u015fehir Belediyesi olarak Ramazan\u2019\u0131n ilk g\u00fcn\u00fcnden itibaren 3 il\u00e7emizden ba\u015flamak \u00fczere vatanda\u015flar\u0131m\u0131za \u00fccretsiz olarak iftar yemekleri ikram\u0131nda bulunuyoruz. Hafta sonu yasaklar\u0131n\u0131 da f\u0131rsat bilerek vatanda\u015flar\u0131m\u0131za daha h\u0131zl\u0131 ve fazla hizmet sunmak ad\u0131na cumartesi ve pazar g\u00fcn\u00fc toplam 15 bin adet yeme\u011fimizi vatanda\u015flar\u0131m\u0131za ula\u015ft\u0131rd\u0131k. Erdemli ve Silifke il\u00e7elerimizi de ekledik. Vatanda\u015flar\u0131m\u0131zdan \u00e7ok olumlu tepkiler al\u0131yoruz, bu hizmetten \u00e7ok memnunlar\u201d dedi.<\/p>\n<p>\u201cHafta sonuna kadar bu say\u0131y\u0131 10 bine kadar art\u0131rmay\u0131 d\u00fc\u015f\u00fcn\u00fcyoruz\u201d<\/p>\n<p>Y\u0131ld\u0131r\u0131m, gelecek haftaya kadar g\u00fcnl\u00fck yemek da\u011f\u0131t\u0131m say\u0131s\u0131n\u0131 10 bine y\u00fckseltmeyi ama\u00e7lad\u0131klar\u0131n\u0131 vurgulayarak, \u201cG\u00fcnl\u00fck yemek say\u0131m\u0131z 7 bin 500\u2019lere kadar ula\u015ft\u0131. Hafta sonuna kadar bu say\u0131y\u0131 10 bine kadar art\u0131rmay\u0131 d\u00fc\u015f\u00fcn\u00fcyoruz. Ayr\u0131ca 13 il\u00e7emizde de bu hizmetimizi yayg\u0131nla\u015ft\u0131rarak Mersin\u2019in her yerindeki vatanda\u015flar\u0131m\u0131za ula\u015fmak istiyoruz\u201d diye konu\u015ftu.<\/p>\n","protected":false},"excerpt":{"rendered":"<p>Mersin B\u00fcy\u00fck\u015fehir Belediyesi Sosyal Hizmetler Dairesi\u2019nin Ramazan Ay\u0131\u2019nda ba\u015flatt\u0131\u011f\u0131 \u00fccretsiz iftar yeme\u011fi da\u011f\u0131t\u0131mlar\u0131 g\u00fcnl\u00fck 5 binden 7 bin 500 seviyelerine y\u00fckseldi. Bug\u00fcne kadar 50 bine yak\u0131n yurtta\u015fa, i\u00e7erisinde kavurma, pilav &hellip; <a href=\"https:\/\/akdenizolaygazetesi.com\/?p=11982\" class=\"more-link\">Devam\u0131n\u0131 Oku&#8230;<\/a><\/p>\n","protected":false},"author":2,"featured_media":11984,"comment_status":"open","ping_status":"open","sticky":false,"template":"","format":"standard","meta":[],"categories":[34,1,3,5],"tags":[],"_links":{"self":[{"href":"https:\/\/akdenizolaygazetesi.com\/index.php?rest_route=\/wp\/v2\/posts\/11982"}],"collection":[{"href":"https:\/\/akdenizolaygazetesi.com\/index.php?rest_route=\/wp\/v2\/posts"}],"about":[{"href":"https:\/\/akdenizolaygazetesi.com\/index.php?rest_route=\/wp\/v2\/types\/post"}],"author":[{"embeddable":true,"href":"https:\/\/akdenizolaygazetesi.com\/index.php?rest_route=\/wp\/v2\/users\/2"}],"replies":[{"embeddable":true,"href":"https:\/\/akdenizolaygazetesi.com\/index.php?rest_route=%2Fwp%2Fv2%2Fcomments&post=11982"}],"version-history":[{"count":1,"href":"https:\/\/akdenizolaygazetesi.com\/index.php?rest_route=\/wp\/v2\/posts\/11982\/revisions"}],"predecessor-version":[{"id":11983,"href":"https:\/\/akdenizolaygazetesi.com\/index.php?rest_route=\/wp\/v2\/posts\/11982\/revisions\/11983"}],"wp:featuredmedia":[{"embeddable":true,"href":"https:\/\/akdenizolaygazetesi.com\/index.php?rest_route=\/wp\/v2\/media\/11984"}],"wp:attachment":[{"href":"https:\/\/akdenizolaygazetesi.com\/index.php?rest_route=%2Fwp%2Fv2%2Fmedia&parent=11982"}],"wp:term":[{"taxonomy":"category","embeddable":true,"href":"https:\/\/akdenizolaygazetesi.com\/index.php?rest_route=%2Fwp%2Fv2%2Fcategories&post=11982"},{"taxonomy":"post_tag","embeddable":true,"href":"https:\/\/akdenizolaygazetesi.com\/index.php?rest_route=%2Fwp%2Fv2%2Ftags&post=11982"}],"curies":[{"name":"wp","href":"https:\/\/api.w.org\/{rel}","templated":true}]}}