{"id":11985,"date":"2021-04-21T11:50:03","date_gmt":"2021-04-21T08:50:03","guid":{"rendered":"http:\/\/akdenizolaygazetesi.com\/?p=11985"},"modified":"2021-04-21T11:51:44","modified_gmt":"2021-04-21T08:51:44","slug":"nutuku-yasaklayan-milli-egitim-muduru-meclis-gundeminde","status":"publish","type":"post","link":"https:\/\/akdenizolaygazetesi.com\/?p=11985","title":{"rendered":"NUTUK\u2019U YASAKLAYAN M\u0130LL\u0130 E\u011e\u0130T\u0130M M\u00dcD\u00dcR\u00dc MECL\u0130S G\u00dcNDEM\u0130NDE"},"content":{"rendered":"<p>Mersin \u00c7aml\u0131yayla\u2019da Nutuk da\u011f\u0131t\u0131lmak istendi. \u0130l\u00e7e Milli E\u011fitim M\u00fcd\u00fcr\u00fc Mustafa Bakkal \u2018Hay\u0131r\u2019 dedi. Atat\u00fcrk\u2019\u00fcn k\u00f6t\u00fc \u00f6rnek oldu\u011fu ve Atat\u00fcrk\u2019\u00fcn Vahdettin ile ilgili s\u00f6zlerinin sak\u0131ncal\u0131\u011f\u0131 oldu\u011fu gerek\u00e7e g\u00f6sterildi.<\/p>\n<p>CHP Konuyu Meclise ta\u015f\u0131d\u0131. Milli E\u011fitim Bakan\u0131 Ziya Sel\u00e7uk\u2019un yan\u0131tlamas\u0131 istemiyle Meclis Ba\u015fkanl\u0131\u011f\u0131na soru \u00f6nergesi veren CHP Mersin Milletvekili Alpay Antmen, \u201cMersin \u00c7aml\u0131yayla \u0130l\u00e7e Milli E\u011fitim M\u00fcd\u00fcr\u00fc Atat\u00fcrk&#8217;\u00fcn Nutuk&#8217;unu \u00f6\u011frencilerin okumas\u0131n\u0131 yasaklad\u0131. \u0130ngilizleri yenip ba\u011f\u0131ms\u0131zl\u0131\u011f\u0131m\u0131z\u0131 kazanan Atat\u00fcrk yerine; \u0130ngiliz z\u0131rhl\u0131s\u0131 ile ka\u00e7an Vahdettin&#8217;i savunan bu m\u00fcd\u00fcre &#8216;yerli ve milli&#8217; iktidar ve orta\u011f\u0131 ne diyecek?\u201d dedi.<\/p>\n<p>Antmen, \u00c7aml\u0131yayla Milli E\u011fitim M\u00fcd\u00fcrl\u00fc\u011f\u00fcn\u00fcn dilek\u00e7esinde Vahdettin\u2019in korunarak Atat\u00fcrk\u2019\u00fcn sans\u00fcrlendi\u011finin a\u00e7\u0131k\u00e7a ortada oldu\u011funu belirterek \u201cBir e\u011fitim m\u00fcd\u00fcr\u00fc Atat\u00fcrk\u2019\u00fcn s\u00f6zlerinden rahats\u0131z oluyorsa o ki\u015fi bir dakika dahi g\u00f6revde kalamaz. Atat\u00fcrk\u2019\u00fcn b\u00fcy\u00fck eseri ve bir halk\u0131n kurtulu\u015f ve kurulu\u015f tarihi olan Nutuk\u2019tan rahats\u0131z olan birisi hi\u00e7bir kamu kurumunda g\u00f6rev almamal\u0131d\u0131r. Tam ba\u011f\u0131ms\u0131z T\u00fcrkiye\u2019nin nas\u0131l zorluklarla kuruldu\u011funun anlat\u0131ld\u0131\u011f\u0131 Nutuk; halk\u0131n kendini nas\u0131l \u00f6zg\u00fcrle\u015ftirdi\u011fini, \u00e7a\u011fda\u015f ya\u015fama ge\u00e7mede nas\u0131l zorlu s\u00fcre\u00e7ler ya\u015fand\u0131\u011f\u0131n\u0131, gericili\u011fin ve karanl\u0131\u011f\u0131n nas\u0131l her zaman \u00fclkemizin \u00fczerinde olabilece\u011fini anlatmaktad\u0131r. Nutuk\u2019un sonunda olan Gen\u00e7li\u011fe Hitabe tam da bu gibi zihniyetlere kar\u015f\u0131 bizleri uyar\u0131yor, ayd\u0131nlat\u0131yor\u201d ifadelerini kulland\u0131.<\/p>\n<p>Antmen\u2019in \u00f6nergesinde yer alan sorular \u015fu \u015fekilde;<\/p>\n<p>1 \u2013 Nutuk\u2019u yasaklayan Mersin \u00c7aml\u0131yayla \u0130l\u00e7e Milli E\u011fitim M\u00fcd\u00fcr\u00fc Mustafa Bakkal ne zaman g\u00f6revden al\u0131nacakt\u0131r? Bu ki\u015fiye halen \u00e7ocuklar\u0131m\u0131z nas\u0131l emanet edilebilmektedir? Bu ki\u015fiyi kim ya da kimler korumaktad\u0131r?<\/p>\n<p>2 \u2013 T\u00fcrkiye\u2019nin kurtulu\u015f ve kurulu\u015f tarihi olan ve MEB&#8217;in 100 temel eseri aras\u0131nda olan Nutuk&#8217;u yasaklayan Mersin \u00c7aml\u0131yayla Milli E\u011fitim M\u00fcd\u00fcr\u00fc Mustafa Bakkal hangi tarihte il\u00e7e milli e\u011fitim m\u00fcd\u00fcr\u00fc olarak atanm\u0131\u015ft\u0131r? Bug\u00fcne kadar hakk\u0131nda ba\u015flat\u0131lan soru\u015fturma bulunmakta m\u0131d\u0131r?<\/p>\n<p>3 \u2013 Bahsi ge\u00e7en ki\u015finin herhangi bir tarikat ve cemaat ile bir ba\u011f\u0131 bulunmakta m\u0131d\u0131r? Milli E\u011fitim Bakanl\u0131\u011f\u0131na tarikatlar ve tarikat zihniyeti mi egemen olmu\u015ftur?<\/p>\n<p>4 \u2013 Nutuk\u2019u ve Atat\u00fcrk\u2019\u00fcn eserlerini ba\u015fka yasaklayan herhangi bir milli e\u011fitim m\u00fcd\u00fcr\u00fc veya Milli E\u011fitim Bakanl\u0131\u011f\u0131 g\u00f6revlisi bulunmakta m\u0131d\u0131r? Varsa bunlar kimlerdir ve haklar\u0131nda ne t\u00fcr idari soru\u015fturmalar a\u00e7\u0131lm\u0131\u015ft\u0131r?<\/p>\n","protected":false},"excerpt":{"rendered":"<p>Mersin \u00c7aml\u0131yayla\u2019da Nutuk da\u011f\u0131t\u0131lmak istendi. \u0130l\u00e7e Milli E\u011fitim M\u00fcd\u00fcr\u00fc Mustafa Bakkal \u2018Hay\u0131r\u2019 dedi. Atat\u00fcrk\u2019\u00fcn k\u00f6t\u00fc \u00f6rnek oldu\u011fu ve Atat\u00fcrk\u2019\u00fcn Vahdettin ile ilgili s\u00f6zlerinin sak\u0131ncal\u0131\u011f\u0131 oldu\u011fu gerek\u00e7e g\u00f6sterildi. CHP Konuyu Meclise &hellip; <a href=\"https:\/\/akdenizolaygazetesi.com\/?p=11985\" class=\"more-link\">Devam\u0131n\u0131 Oku&#8230;<\/a><\/p>\n","protected":false},"author":2,"featured_media":11987,"comment_status":"open","ping_status":"open","sticky":false,"template":"","format":"standard","meta":[],"categories":[1,2,3,5,6],"tags":[],"_links":{"self":[{"href":"https:\/\/akdenizolaygazetesi.com\/index.php?rest_route=\/wp\/v2\/posts\/11985"}],"collection":[{"href":"https:\/\/akdenizolaygazetesi.com\/index.php?rest_route=\/wp\/v2\/posts"}],"about":[{"href":"https:\/\/akdenizolaygazetesi.com\/index.php?rest_route=\/wp\/v2\/types\/post"}],"author":[{"embeddable":true,"href":"https:\/\/akdenizolaygazetesi.com\/index.php?rest_route=\/wp\/v2\/users\/2"}],"replies":[{"embeddable":true,"href":"https:\/\/akdenizolaygazetesi.com\/index.php?rest_route=%2Fwp%2Fv2%2Fcomments&post=11985"}],"version-history":[{"count":2,"href":"https:\/\/akdenizolaygazetesi.com\/index.php?rest_route=\/wp\/v2\/posts\/11985\/revisions"}],"predecessor-version":[{"id":11988,"href":"https:\/\/akdenizolaygazetesi.com\/index.php?rest_route=\/wp\/v2\/posts\/11985\/revisions\/11988"}],"wp:featuredmedia":[{"embeddable":true,"href":"https:\/\/akdenizolaygazetesi.com\/index.php?rest_route=\/wp\/v2\/media\/11987"}],"wp:attachment":[{"href":"https:\/\/akdenizolaygazetesi.com\/index.php?rest_route=%2Fwp%2Fv2%2Fmedia&parent=11985"}],"wp:term":[{"taxonomy":"category","embeddable":true,"href":"https:\/\/akdenizolaygazetesi.com\/index.php?rest_route=%2Fwp%2Fv2%2Fcategories&post=11985"},{"taxonomy":"post_tag","embeddable":true,"href":"https:\/\/akdenizolaygazetesi.com\/index.php?rest_route=%2Fwp%2Fv2%2Ftags&post=11985"}],"curies":[{"name":"wp","href":"https:\/\/api.w.org\/{rel}","templated":true}]}}