{"id":1199,"date":"2020-11-04T18:21:47","date_gmt":"2020-11-04T15:21:47","guid":{"rendered":"http:\/\/mersinekonomipolitikagazetesi.com\/?p=1199"},"modified":"2020-11-04T18:21:47","modified_gmt":"2020-11-04T15:21:47","slug":"akdeniz-belediyesi-kaldirim-isgallerine-karsi-denetimlerini-arttirdi","status":"publish","type":"post","link":"https:\/\/akdenizolaygazetesi.com\/?p=1199","title":{"rendered":"Akdeniz Belediyesi kald\u0131r\u0131m i\u015fgallerine kar\u015f\u0131 denetimlerini artt\u0131rd\u0131"},"content":{"rendered":"<p>Mersin\u2019in merkez il\u00e7e Akdeniz Belediyesi, kent halk\u0131n\u0131n yo\u011fun olarak kulland\u0131\u011f\u0131 caddeler ile sokak ve kald\u0131r\u0131mlar\u0131 i\u015fgal eden esnafa y\u00f6nelik denetim ve kontrollerini art\u0131rd\u0131.<\/p>\n<p>Akdeniz Belediyesi ve B\u00fcy\u00fck\u015fehir Belediyesi zab\u0131ta ekiplerinin ortak y\u00fcr\u00fctt\u00fckleri \u00e7al\u0131\u015fmayla Kuvayi Milliye ve Silifke Caddelerindeki i\u015f yerleri ile vatanda\u015flar\u0131n u\u011frak yerleri olan kalabal\u0131k i\u015f merkezlerinde denetim ger\u00e7ekle\u015ftirdi. Zab\u0131ta ekipleri, esnaftan kald\u0131r\u0131mlara konulan i\u015f yerlerine ait tabela, tezgah, masa, sandalye ve sehpalar\u0131 kald\u0131rmalar\u0131n\u0131 istedi. Esnafa uyar\u0131da bulunan ekipler, ama\u00e7lar\u0131n\u0131n esnaf\u0131 zor durumda b\u0131rakmak olmad\u0131\u011f\u0131n\u0131, ancak vatanda\u015flar\u0131n g\u00fcvenli\u011fini ve esenli\u011fini tehdit eden her t\u00fcrl\u00fc i\u015fgal ve olumsuzlu\u011fu ortadan kald\u0131rmakla g\u00f6revli olduklar\u0131n\u0131 belirttiler.<br \/>\n\u00c7al\u0131\u015fmalarla ilgili bilgi veren Akdeniz Belediye Ba\u015fkan\u0131 Hamdi Bilge Akta\u015f, &#8220;Akdeniz Belediyesi olarak \u00f6zellikle yaz aylar\u0131n\u0131n geldi\u011fi \u015fu g\u00fcnlerde yaya trafi\u011finin artmas\u0131yla yo\u011fun bir hareketlilik ya\u015fayan kent merkezinde kald\u0131r\u0131m i\u015fgalini engelleme \u00e7al\u0131\u015fmalar\u0131m\u0131za h\u0131z verdik. Bu ba\u011flamda denetimlerimiz aral\u0131ks\u0131z s\u00fcrecek. Vatanda\u015flar\u0131m\u0131z zab\u0131tay\u0131 ilgilendiren konularda \u015fikayetlerini belediyemize bildirebilirler. Zab\u0131tam\u0131z 24 saat g\u00f6revinin ba\u015f\u0131nda ve vatanda\u015flar\u0131m\u0131zdan gelen \u015fikayetleri hemen de\u011ferlendirmeye alarak sonu\u00e7land\u0131rmaya \u00e7al\u0131\u015fmaktad\u0131rlar&#8221; dedi.<\/p>\n","protected":false},"excerpt":{"rendered":"<p>Mersin\u2019in merkez il\u00e7e Akdeniz Belediyesi, kent halk\u0131n\u0131n yo\u011fun olarak kulland\u0131\u011f\u0131 caddeler ile sokak ve kald\u0131r\u0131mlar\u0131 i\u015fgal eden esnafa y\u00f6nelik denetim ve kontrollerini art\u0131rd\u0131. Akdeniz Belediyesi ve B\u00fcy\u00fck\u015fehir Belediyesi zab\u0131ta ekiplerinin &hellip; <a href=\"https:\/\/akdenizolaygazetesi.com\/?p=1199\" class=\"more-link\">Devam\u0131n\u0131 Oku&#8230;<\/a><\/p>\n","protected":false},"author":1,"featured_media":0,"comment_status":"open","ping_status":"open","sticky":false,"template":"","format":"standard","meta":[],"categories":[],"tags":[],"_links":{"self":[{"href":"https:\/\/akdenizolaygazetesi.com\/index.php?rest_route=\/wp\/v2\/posts\/1199"}],"collection":[{"href":"https:\/\/akdenizolaygazetesi.com\/index.php?rest_route=\/wp\/v2\/posts"}],"about":[{"href":"https:\/\/akdenizolaygazetesi.com\/index.php?rest_route=\/wp\/v2\/types\/post"}],"author":[{"embeddable":true,"href":"https:\/\/akdenizolaygazetesi.com\/index.php?rest_route=\/wp\/v2\/users\/1"}],"replies":[{"embeddable":true,"href":"https:\/\/akdenizolaygazetesi.com\/index.php?rest_route=%2Fwp%2Fv2%2Fcomments&post=1199"}],"version-history":[{"count":0,"href":"https:\/\/akdenizolaygazetesi.com\/index.php?rest_route=\/wp\/v2\/posts\/1199\/revisions"}],"wp:attachment":[{"href":"https:\/\/akdenizolaygazetesi.com\/index.php?rest_route=%2Fwp%2Fv2%2Fmedia&parent=1199"}],"wp:term":[{"taxonomy":"category","embeddable":true,"href":"https:\/\/akdenizolaygazetesi.com\/index.php?rest_route=%2Fwp%2Fv2%2Fcategories&post=1199"},{"taxonomy":"post_tag","embeddable":true,"href":"https:\/\/akdenizolaygazetesi.com\/index.php?rest_route=%2Fwp%2Fv2%2Ftags&post=1199"}],"curies":[{"name":"wp","href":"https:\/\/api.w.org\/{rel}","templated":true}]}}