{"id":1200,"date":"2020-11-04T18:21:47","date_gmt":"2020-11-04T15:21:47","guid":{"rendered":"http:\/\/mersinekonomipolitikagazetesi.com\/?p=1200"},"modified":"2020-11-04T18:21:47","modified_gmt":"2020-11-04T15:21:47","slug":"sehitler-anisina-60-metrekarelik-dijital-turk-bayragi","status":"publish","type":"post","link":"https:\/\/akdenizolaygazetesi.com\/?p=1200","title":{"rendered":"\u015eehitler an\u0131s\u0131na 60 metrekarelik dijital T\u00fcrk bayra\u011f\u0131"},"content":{"rendered":"<p>Mersin&#8217;in Silifke il\u00e7esinde, Sel\u00e7uk \u00dcniversitesi Silifke-Ta\u015fucu Meslek Y\u00fcksekokulu \u00d6\u011fretim G\u00f6revlisi Abdullah Kurt, \u00c7anakkale \u015fehitleri ve 15 Temmuz \u015fehitleri i\u00e7in okulun basketbol sahas\u0131n\u0131n tel \u00f6rg\u00fclerine 60 metrekare dijital T\u00fcrk bayra\u011f\u0131 yaparak rekor k\u0131rd\u0131.<\/p>\n<p>Sel\u00e7uk \u00dcniversitesi Silifke-Ta\u015fucu Meslek Y\u00fcksekokulunun bah\u00e7esindeki basketbol sahas\u0131n\u0131n tel \u00f6rg\u00fclerine 1 ayda montaj\u0131 yap\u0131lan dijital T\u00fcrk bayra\u011f\u0131 ak\u015famlar\u0131 net bir g\u00f6zle g\u00f6r\u00fclebiliyor.<br \/>\n\u00d6\u011fretim g\u00f6revlisi Abdullah Kurt, T\u00fcrkiye ve d\u00fcnya rekorunun 24 metrekare ile Bal\u0131kesir Belediyesine ait oldu\u011funu belirterek, &#8220;1913 ve \u00c7anakkale \u015fehitlerini anma g\u00fcn\u00fcn\u00fcn 100. y\u0131l\u0131 nedeniyle t\u00fcm \u015fehitlerimizi anmak istedim. G\u00fczel bir \u015fey yapmak istedim. D\u00fc\u015f\u00fcnd\u00fcm ve dijital ortamda bir T\u00fcrk bayra\u011f\u0131 yapmaya karar verdim. En g\u00fczel arma\u011fan budur diye d\u00fc\u015f\u00fcnd\u00fcm. Bir ara\u015ft\u0131rmaya gittim. T\u00fcrkiye ve d\u00fcnya rekoru 24 metrekare ile Bal\u0131kesir Belediyesine aitmi\u015f. Biz bu rekoru k\u0131rmak ve ge\u00e7me noktas\u0131nda burada r\u00fczgar y\u00fck\u00fcn\u00fc de g\u00f6z \u00fcn\u00fcne alarak 60 metrekarelik bir dijital T\u00fcrk bayra\u011f\u0131 yapmay\u0131 tasarlad\u0131k&#8221; dedi.<br \/>\nBunun i\u00e7in gerekli maddi durum i\u00e7in \u00e7evreleriyle irtibata ge\u00e7tiklerini belirten Kurt, &#8220;Birka\u00e7 \u015firket bulduk. Ve bunlar\u0131n yan\u0131nda kendim de maddi destek verip bunun maliyetini kar\u015f\u0131lad\u0131k. Ama elimizde olmayan nedenlerle 2015 y\u0131l\u0131na yeti\u015ftiremedim. Her ne kadar yeti\u015ftiremezsek de bir veya iki y\u0131l da olsa bu r\u00fcyay\u0131 ger\u00e7ekle\u015ftirmek istedim. \u00c7al\u0131\u015fmalar\u0131m\u0131 bu y\u00f6nde ger\u00e7ekle\u015ftirdim. Her t\u00fcrl\u00fc malzeme haz\u0131rl\u0131klar\u0131n\u0131 tamamlay\u0131p montaj a\u015famas\u0131na 2016 y\u0131l\u0131n\u0131n May\u0131s ay\u0131nda ba\u015flad\u0131m. Haziran ay\u0131n\u0131n sonunda montaj\u0131 tamamlad\u0131m. Hemen Haziran ay\u0131n\u0131n ard\u0131ndan 15 Temmuz s\u00fcrecini ya\u015fad\u0131k. Bir taraftan 15 Temmuz \u015fehitlerimize atfen bunu arma\u011fan etmek istedim. Di\u011fer bir olay ise 19 May\u0131s Gen\u00e7lik ve Spor Bayram\u0131 nedeniyle b\u00f6yle anlaml\u0131 g\u00fcn ile birlikte \u00fc\u00e7 olay\u0131 bir araya getirerek hem t\u00fcm \u015fehitlerimizi \u00c7anakkale \u015fehitlerimizi ve 15 Temmuz \u015fehitlerimizi anarak bu olay\u0131 ger\u00e7ekle\u015ftirdim. \u015eehitlerimiz i\u00e7in ne yapsak azd\u0131r. Her zaman dedi\u011fim gibi \u2018Ya Rab beni \u015fehitlerimize hizmetkar eyle\u2019 ben \u015fehitlerimizin hizmetkar\u0131y\u0131m&#8221; diye konu\u015ftu.<\/p>\n","protected":false},"excerpt":{"rendered":"<p>Mersin&#8217;in Silifke il\u00e7esinde, Sel\u00e7uk \u00dcniversitesi Silifke-Ta\u015fucu Meslek Y\u00fcksekokulu \u00d6\u011fretim G\u00f6revlisi Abdullah Kurt, \u00c7anakkale \u015fehitleri ve 15 Temmuz \u015fehitleri i\u00e7in okulun basketbol sahas\u0131n\u0131n tel \u00f6rg\u00fclerine 60 metrekare dijital T\u00fcrk bayra\u011f\u0131 yaparak &hellip; <a href=\"https:\/\/akdenizolaygazetesi.com\/?p=1200\" class=\"more-link\">Devam\u0131n\u0131 Oku&#8230;<\/a><\/p>\n","protected":false},"author":1,"featured_media":0,"comment_status":"open","ping_status":"open","sticky":false,"template":"","format":"standard","meta":[],"categories":[],"tags":[],"_links":{"self":[{"href":"https:\/\/akdenizolaygazetesi.com\/index.php?rest_route=\/wp\/v2\/posts\/1200"}],"collection":[{"href":"https:\/\/akdenizolaygazetesi.com\/index.php?rest_route=\/wp\/v2\/posts"}],"about":[{"href":"https:\/\/akdenizolaygazetesi.com\/index.php?rest_route=\/wp\/v2\/types\/post"}],"author":[{"embeddable":true,"href":"https:\/\/akdenizolaygazetesi.com\/index.php?rest_route=\/wp\/v2\/users\/1"}],"replies":[{"embeddable":true,"href":"https:\/\/akdenizolaygazetesi.com\/index.php?rest_route=%2Fwp%2Fv2%2Fcomments&post=1200"}],"version-history":[{"count":0,"href":"https:\/\/akdenizolaygazetesi.com\/index.php?rest_route=\/wp\/v2\/posts\/1200\/revisions"}],"wp:attachment":[{"href":"https:\/\/akdenizolaygazetesi.com\/index.php?rest_route=%2Fwp%2Fv2%2Fmedia&parent=1200"}],"wp:term":[{"taxonomy":"category","embeddable":true,"href":"https:\/\/akdenizolaygazetesi.com\/index.php?rest_route=%2Fwp%2Fv2%2Fcategories&post=1200"},{"taxonomy":"post_tag","embeddable":true,"href":"https:\/\/akdenizolaygazetesi.com\/index.php?rest_route=%2Fwp%2Fv2%2Ftags&post=1200"}],"curies":[{"name":"wp","href":"https:\/\/api.w.org\/{rel}","templated":true}]}}