{"id":12002,"date":"2021-04-22T11:39:48","date_gmt":"2021-04-22T08:39:48","guid":{"rendered":"http:\/\/akdenizolaygazetesi.com\/?p=12002"},"modified":"2021-04-22T11:40:41","modified_gmt":"2021-04-22T08:40:41","slug":"sicaklik-artisi-hasereyi-artirdi-buyuksehir-ilaclamaya-hiz-verdi","status":"publish","type":"post","link":"https:\/\/akdenizolaygazetesi.com\/?p=12002","title":{"rendered":"SICAKLIK ARTI\u015eI HA\u015eEREY\u0130 ARTIRDI, B\u00dcY\u00dcK\u015eEH\u0130R \u0130LA\u00c7LAMAYA HIZ VERD\u0130"},"content":{"rendered":"<p>Mersin B\u00fcy\u00fck\u015fehir Belediyesi \u00c7evre Koruma ve Kontrol Dairesi ekipleri, t\u00fcm il\u00e7elerde ila\u00e7lama \u00e7al\u0131\u015fmalar\u0131na devam ediyor. Ha\u015feresiz bir Mersin i\u00e7in ila\u00e7lama alan\u0131nda y\u00fcr\u00fct\u00fclen titiz \u00e7al\u0131\u015fmalarla vatanda\u015flar\u0131n yakla\u015fan yaz aylar\u0131n\u0131 rahat ge\u00e7irmesi ama\u00e7lan\u0131yor. Hava s\u0131cakl\u0131\u011f\u0131n\u0131n son g\u00fcnlerde artmas\u0131yla birlikte mucuk, yaka\u011fan, \u00e7ay\u0131r sine\u011fi gibi baz\u0131 ha\u015ferelerdeki art\u0131\u015f\u0131 dikkate alan ekipler, an\u0131nda m\u00fcdahale ile olas\u0131 olumsuzluklar\u0131n \u00f6n\u00fcne ge\u00e7iyor.<\/p>\n<p>B\u00fcy\u00fck\u015fehir, kentin d\u00f6rt bir yan\u0131nda vekt\u00f6r m\u00fccadelesi yap\u0131yor<\/p>\n<p>Mersin B\u00fcy\u00fck\u015fehir Belediye Ba\u015fkan\u0131 Vahap Se\u00e7er\u2019in \u00f6nemle \u00fczerinde durdu\u011fu ila\u00e7lama \u00e7al\u0131\u015fmalar\u0131 kent genelinde t\u00fcm h\u0131z\u0131yla s\u00fcrerken, planl\u0131 \u00e7al\u0131\u015fmalara ek olarak muhtarlardan ve vatanda\u015flardan gelen ila\u00e7lama talepleri de h\u0131zl\u0131 bir \u015fekilde \u00e7\u00f6z\u00fcme kavu\u015fturuluyor. Ekipler, \u00fcremelerin \u00f6n\u00fcne ge\u00e7mek i\u00e7in ye\u015fil alanlarda etkin bir vekt\u00f6r m\u00fccadelesi y\u00fcr\u00fct\u00fcyor. Ye\u015fil alanlarda g\u00f6r\u00fclen mucuk, yaka\u011fan gibi zararl\u0131larla m\u00fccadelesini s\u00fcrd\u00fcren ekipler, hava s\u0131cakl\u0131\u011f\u0131n\u0131n ani y\u00fckseli\u015finden kaynakl\u0131 \u015fu an kentte yo\u011fun olarak g\u00f6r\u00fclen \u00e7ay\u0131r sine\u011fi t\u00fcr\u00fcn\u00fc de vatanda\u015flara rahats\u0131zl\u0131k vermeden yok edebilmek i\u00e7in etkin ila\u00e7lama \u00e7al\u0131\u015fmas\u0131 yap\u0131yor.<\/p>\n<p>\u201cYe\u015fil alandaki m\u00fccadelemizi s\u00fcrd\u00fcrmekteyiz\u201d<\/p>\n<p>\u00c7evre Koruma ve Kontrol Dairesi\u2019nde \u0130la\u00e7lama Birimi Saha Denetim Sorumlusu olarak g\u00f6rev yapan Ziraat M\u00fchendisi B\u00fclent G\u00fcl, ha\u015fereyle m\u00fccadelenin ya\u011f\u0131\u015fl\u0131 ge\u00e7en g\u00fcnler d\u0131\u015f\u0131nda s\u00fcrekli olarak devam etti\u011fini ifade ederek, \u201cRutin olarak devam etti\u011fimiz sivrisinek, larva, u\u00e7kun m\u00fccadelesinin yan\u0131 s\u0131ra \u00f6zellikle bahar\u0131n geli\u015fiyle beraber ye\u015fil alanlarda ba\u015f g\u00f6steren mucuk, \u00e7ay\u0131r sine\u011fi, yaka\u011fan gibi a\u011fa\u00e7lardan, otlardan, ye\u015fil alanlardan kaynakl\u0131 zararl\u0131larla m\u00fccadelemize devam etmekteyiz. Nisan ay\u0131n\u0131n ba\u015f\u0131ndan itibaren bu sene m\u00fccadelemize ba\u015flad\u0131k. \u00c7al\u0131\u015fmalar\u0131m\u0131z yo\u011fun bir \u015fekilde devam ediyor\u201d dedi. Son g\u00fcnlerde \u00e7ay\u0131r sine\u011fi zararl\u0131s\u0131n\u0131n vatanda\u015flara rahats\u0131zl\u0131k ya\u015fatt\u0131\u011f\u0131na de\u011finen G\u00fcl, \u015f\u00f6yle devam etti:<\/p>\n<p>\u201cHavan\u0131n erken \u0131s\u0131nmas\u0131ndan dolay\u0131 \u00e7ay\u0131r sine\u011fi dedi\u011fimiz uzun bacakl\u0131, sivrisine\u011fin 2-3 kat b\u00fcy\u00fc\u011f\u00fc bir zararl\u0131 \u015fehrimizde g\u00f6r\u00fclmektedir. Bu \u00e7ay\u0131r sinekleri sadece ye\u015fil aksamdan beslenmekte olup, insanlara herhangi bir kan emmesi, sokma, \u0131s\u0131rma gibi zarar vermemektedir. B\u00fcy\u00fck bir sinek oldu\u011fu i\u00e7in haliyle vatanda\u015flar\u0131m\u0131z biraz rahats\u0131z olmaktad\u0131rlar. Bu rahats\u0131zl\u0131\u011f\u0131 gidermek ad\u0131na, \u00e7ay\u0131r sine\u011fiyle m\u00fccadelemiz devam etmektedir. Yo\u011fun olarak parklarda vatanda\u015flar\u0131m\u0131z\u0131n y\u00fcr\u00fcy\u00fc\u015f yollar\u0131nda, spor yapt\u0131\u011f\u0131 alanlarda, evlerine yak\u0131n olan ye\u015fil alanlarda, orta g\u00f6bek bulvarlarda ve ref\u00fcjlerde biz bu ye\u015fil alanla ilgili m\u00fccadelemizi devam ettirmekteyiz. Biz \u015fehrin genel olarak ortak kullan\u0131m alanlar\u0131n\u0131 zaten ila\u00e7l\u0131yoruz ve bunlar\u0131 takip ediyoruz. Vatanda\u015flar\u0131m\u0131z da sitelerinin, evlerinin bah\u00e7elerini ila\u00e7larlarsa beraber \u00e7ok g\u00fczel bir \u00e7al\u0131\u015fma olaca\u011f\u0131na inan\u0131yorum.\u201d<\/p>\n<p>\u00d6zellikle bu mevsimde vatanda\u015flar\u0131n hayvan g\u00fcbresi kullanmas\u0131n\u0131n da ha\u015ferelerin bu alanlarda \u00fcremesine neden oldu\u011funu ifade eden G\u00fcl, \u201cKanatl\u0131 kar\u0131nca gibi canl\u0131lar \u00f6zellikle ak\u015famlar\u0131 \u00fcredikleri b\u00f6lgeden \u0131\u015f\u0131k olan yerlere gelmeyi tercih etmemektedir. Herhangi bir sokma veya hastal\u0131k ta\u015f\u0131ma riski olmayan bu t\u00fcrle de m\u00fccadelemizi yo\u011fun bir \u015fekilde yapmaktay\u0131z\u201d dedi.<\/p>\n","protected":false},"excerpt":{"rendered":"<p>Mersin B\u00fcy\u00fck\u015fehir Belediyesi \u00c7evre Koruma ve Kontrol Dairesi ekipleri, t\u00fcm il\u00e7elerde ila\u00e7lama \u00e7al\u0131\u015fmalar\u0131na devam ediyor. Ha\u015feresiz bir Mersin i\u00e7in ila\u00e7lama alan\u0131nda y\u00fcr\u00fct\u00fclen titiz \u00e7al\u0131\u015fmalarla vatanda\u015flar\u0131n yakla\u015fan yaz aylar\u0131n\u0131 rahat ge\u00e7irmesi &hellip; <a href=\"https:\/\/akdenizolaygazetesi.com\/?p=12002\" class=\"more-link\">Devam\u0131n\u0131 Oku&#8230;<\/a><\/p>\n","protected":false},"author":2,"featured_media":12004,"comment_status":"open","ping_status":"open","sticky":false,"template":"","format":"standard","meta":[],"categories":[1,3,5],"tags":[],"_links":{"self":[{"href":"https:\/\/akdenizolaygazetesi.com\/index.php?rest_route=\/wp\/v2\/posts\/12002"}],"collection":[{"href":"https:\/\/akdenizolaygazetesi.com\/index.php?rest_route=\/wp\/v2\/posts"}],"about":[{"href":"https:\/\/akdenizolaygazetesi.com\/index.php?rest_route=\/wp\/v2\/types\/post"}],"author":[{"embeddable":true,"href":"https:\/\/akdenizolaygazetesi.com\/index.php?rest_route=\/wp\/v2\/users\/2"}],"replies":[{"embeddable":true,"href":"https:\/\/akdenizolaygazetesi.com\/index.php?rest_route=%2Fwp%2Fv2%2Fcomments&post=12002"}],"version-history":[{"count":1,"href":"https:\/\/akdenizolaygazetesi.com\/index.php?rest_route=\/wp\/v2\/posts\/12002\/revisions"}],"predecessor-version":[{"id":12003,"href":"https:\/\/akdenizolaygazetesi.com\/index.php?rest_route=\/wp\/v2\/posts\/12002\/revisions\/12003"}],"wp:featuredmedia":[{"embeddable":true,"href":"https:\/\/akdenizolaygazetesi.com\/index.php?rest_route=\/wp\/v2\/media\/12004"}],"wp:attachment":[{"href":"https:\/\/akdenizolaygazetesi.com\/index.php?rest_route=%2Fwp%2Fv2%2Fmedia&parent=12002"}],"wp:term":[{"taxonomy":"category","embeddable":true,"href":"https:\/\/akdenizolaygazetesi.com\/index.php?rest_route=%2Fwp%2Fv2%2Fcategories&post=12002"},{"taxonomy":"post_tag","embeddable":true,"href":"https:\/\/akdenizolaygazetesi.com\/index.php?rest_route=%2Fwp%2Fv2%2Ftags&post=12002"}],"curies":[{"name":"wp","href":"https:\/\/api.w.org\/{rel}","templated":true}]}}