{"id":12005,"date":"2021-04-22T11:42:05","date_gmt":"2021-04-22T08:42:05","guid":{"rendered":"http:\/\/akdenizolaygazetesi.com\/?p=12005"},"modified":"2021-04-22T11:42:39","modified_gmt":"2021-04-22T08:42:39","slug":"hollandanin-turkiye-buyukelcisinden-baskan-secere-ziyaret","status":"publish","type":"post","link":"https:\/\/akdenizolaygazetesi.com\/?p=12005","title":{"rendered":"HOLLANDA\u2019NIN T\u00dcRK\u0130YE B\u00dcY\u00dcKEL\u00c7\u0130S\u0130\u2019NDEN BA\u015eKAN SE\u00c7ER\u2019E Z\u0130YARET"},"content":{"rendered":"<p>Hollanda\u2019n\u0131n T\u00fcrkiye B\u00fcy\u00fckel\u00e7isi Marjanne de Kwaasteniet, Mersin B\u00fcy\u00fck\u015fehir Belediye Ba\u015fkan\u0131 Vahap Se\u00e7er\u2019i ziyaret etti. Mersin\u2019in ekonomik ve sosyal yap\u0131s\u0131, kentin g\u00fcncel g\u00fcndemi ve Suriyeli s\u0131\u011f\u0131nmac\u0131lar gibi konular\u0131n konu\u015fuldu\u011fu ziyarette Ba\u015fkan Se\u00e7er, \u201cUmut ediyorum, bu ziyaretiniz ili\u015fkilerimizin geli\u015fmesi a\u00e7\u0131s\u0131ndan son derece faydal\u0131 olacak\u201d dedi.<\/p>\n<p>\u201cHollanda ile \u00e7ok \u00f6nemli i\u015f birliklerinin olabilece\u011fini d\u00fc\u015f\u00fcn\u00fcyorum\u201d<\/p>\n<p>Hollanda heyetini makam\u0131nda a\u011f\u0131rlayan Ba\u015fkan Se\u00e7er, ziyaretten dolay\u0131 memnuniyetini dile getirdi. Hollanda ile T\u00fcrkiye aras\u0131nda \u00e7ok \u00f6nemli ve \u00e7ok y\u00f6nl\u00fc ili\u015fkiler oldu\u011funu belirten Ba\u015fkan Se\u00e7er, \u015funlar\u0131 s\u00f6yledi:<\/p>\n<p>\u201cHollanda tabi \u00f6nemli bir ticaret ve tar\u0131m \u00fclkesi. T\u00fcrkiye de ayn\u0131 \u015fekilde \u00f6nemli bir ticaret ve tar\u0131m \u00fclkesi.  B\u00fct\u00fcn bunlar\u0131 de\u011ferlendirdi\u011finiz zaman Hollanda ve T\u00fcrkiye, Avrupa k\u0131tas\u0131nda birbirinden kopmas\u0131 m\u00fcmk\u00fcn olmayan iki \u00f6nemli \u00fclke. \u00c7ok \u00f6nemli ekonomik \u00f6zelliklere sahip oldu\u011funu biliyorum. \u00d6zellikle Mersin\u2019in tar\u0131m konusundaki \u00f6nemli potansiyelini d\u00fc\u015f\u00fcnd\u00fc\u011f\u00fcm zaman Hollanda ile \u00e7ok \u00f6nemli i\u015f birliklerinin olabilece\u011fini d\u00fc\u015f\u00fcn\u00fcyorum. Yine Hollanda\u2019n\u0131n lokasyonu, Mersin\u2019in lokasyonu; d\u00fcnya ticaretine konu olmas\u0131n\u0131 da asl\u0131nda Mersin \u00f6zelinde Hollanda ile i\u015f birli\u011fimizi zorunlu k\u0131lan nedenler olarak g\u00f6r\u00fcyorum. Mersin \u00f6nemli bir kent. Burada ya\u015fayan Suriyeli s\u0131\u011f\u0131nmac\u0131larla beraber 2.3 milyon civar\u0131nda bir n\u00fcfusa sahip. Toprak lokasyonu, kadim k\u00fclt\u00fcr\u00fc, tarihi ve b\u00fct\u00fcn \u00f6zellikleri b\u00fcnyesinde ta\u015f\u0131yan bir kent. Bu b\u00f6lge d\u00fcnya tarihinin en eski yerle\u015fim yerlerinden biri. \u00c7ok \u00f6nemli etnik yap\u0131lara, inan\u00e7 gruplar\u0131na, semavi dinlere, medeniyetlere, imparatorluklara ev sahipli\u011fi yapm\u0131\u015f topraklar \u00fczerinde bulunuyoruz. Bu zenginli\u011fin bizi \u00f6nemli ve farkl\u0131 k\u0131ld\u0131\u011f\u0131n\u0131 d\u00fc\u015f\u00fcn\u00fcyorum. Biz bu potansiyellerin t\u00fcm d\u00fcnyada tan\u0131nmas\u0131 i\u00e7in de gayret sarf ediyoruz. Umut ediyorum, bu ziyaretiniz ili\u015fkilerimizin geli\u015fmesi a\u00e7\u0131s\u0131ndan son derece faydal\u0131 olacak.\u201d<\/p>\n<p>\u201cYeni bir liman yap\u0131ls\u0131n, kapasite 6 milyon TEU\u2019ya \u00e7\u0131ks\u0131n\u201d<\/p>\n<p>Hollanda\u2019n\u0131n T\u00fcrkiye B\u00fcy\u00fckel\u00e7isi Marjanne de Kwaasteniet, Mersin\u2019de yapt\u0131\u011f\u0131 ziyaretlerde kentin ekonomik, sosyal yap\u0131s\u0131 ve g\u00fcncel konular\u0131na dair bilgiler ald\u0131\u011f\u0131n\u0131 belirtirken, bu do\u011frultuda Ba\u015fkan Se\u00e7er\u2019den de kente dair bilgiler sunmas\u0131n\u0131 rica etti. Ba\u015fkan Se\u00e7er, liman\u0131n geni\u015flemesinin g\u00fcndemde oldu\u011funu, kendilerinin buna kar\u015f\u0131 \u00e7\u0131kt\u0131\u011f\u0131n\u0131 vurgulayarak, \u201cYeni bir liman yap\u0131ls\u0131n, kapasite 6 milyon TEU\u2019ya \u00e7\u0131ks\u0131n. Daha fazla ticaret olsun, ana konteyner liman\u0131 olsun, d\u00fcnyan\u0131n her taraf\u0131ndan buraya gemiler gelsin, buradan da Avrupa\u2019ya da\u011f\u0131ls\u0131n. B\u00f6ylece limanlar aras\u0131nda rekabet olsun. Oysa ki \u015fimdi monopol olu\u015fuyor. Dolay\u0131s\u0131yla bu plan\u0131 benim kentim ve \u00fclkemin menfaati a\u00e7\u0131s\u0131ndan uygun g\u00f6rmem m\u00fcmk\u00fcn de\u011fil. Zaten vatanda\u015flar da istemiyor. Vatanda\u015flar\u0131m\u0131z\u0131n hakk\u0131n\u0131 korumak zorunday\u0131m\u201d diye konu\u015ftu.<\/p>\n<p>\u201cD\u00fcnyadaki bir\u00e7ok temel t\u00fcketim \u00fcr\u00fcnlerinin anavatan\u0131 buras\u0131\u201d<\/p>\n<p>T\u00fcrkiye ve Mersin\u2019in tar\u0131m potansiyeline de de\u011finen Ba\u015fkan Se\u00e7er, \u201cBuras\u0131 muazzam bir co\u011frafya. Buras\u0131 kadim Anadolu topraklar\u0131. Burada 4 bine yak\u0131n endemik bitki var. Ziraat\u00e7\u0131lar bunu gayet iyi bilir. D\u00fcnyan\u0131n hi\u00e7bir taraf\u0131nda olmayan ama burada olan bitkiler. Buras\u0131 Bereketli Hilal\u2019in hemen k\u0131y\u0131s\u0131. Ba\u015fta bu\u011fday olmak \u00fczere d\u00fcnyadaki bir\u00e7ok temel t\u00fcketim \u00fcr\u00fcnlerinin anavatan\u0131 buras\u0131. \u015eu anda bizim gayri safi milli has\u0131la i\u00e7erisinde tar\u0131m\u0131n pay\u0131 maksimum y\u00fczde 6 civar\u0131nda. Bu \u00e7ok d\u00fc\u015f\u00fck bir rakam. Bizim bu potansiyeli a\u00e7\u0131\u011fa \u00e7\u0131karacak asl\u0131nda \u00e7ok b\u00fcy\u00fck imkanlar\u0131m\u0131z var. Gelelim Mersin \u00f6l\u00e7e\u011fine. Bizim kentimiz 320 kilometre sahili olan bir kent. Kuzey\u2019i Toros Da\u011flar\u0131\u2019na, g\u00fcneyi Akdeniz\u2019e bakar. Bat\u0131ya do\u011fru gittik\u00e7e \u00e7ok \u00f6zel \u00fcr\u00fcnler yeti\u015fir. Akdeniz\u2019den kaynakl\u0131 mikroklima iklim muazzam imkanlar sunar. Belki de d\u00fcnyan\u0131n en kaliteli muzu, Anamur muzu bu b\u00f6lgede yeti\u015fir. \u00c7ilekten \u00fcz\u00fcme, elmadan \u015feftaliye her t\u00fcrl\u00fc meyve \u00fcretimi yap\u0131labilir. Bu a\u00e7\u0131k ya da \u00f6rt\u00fc alt\u0131 \u00fcretim fark etmiyor. Bu b\u00f6lgenin su sorunu yok. Toros Da\u011flar\u0131 muazzam bir su kayna\u011f\u0131 g\u00f6revi g\u00f6r\u00fcr\u201d ifadelerini kulland\u0131.<\/p>\n<p>\u201cPandemi s\u00fcrecinde biz kurum olarak g\u00f6revimizi yerine getirdik\u201d<\/p>\n<p>Pandemi s\u00fcrecinde i\u015fsizlik ba\u015fta olmak \u00fczere sosyal politikalarda at\u0131lan ad\u0131mlar ve yap\u0131lan hizmetler hakk\u0131nda bilgiler veren Ba\u015fkan Se\u00e7er, \u201cBiz bu d\u00f6nemde belediyemizin bir\u00e7ok imkan\u0131n\u0131 bu y\u00f6ne kanalize ettik. \u00d6nemli yat\u0131r\u0131mlarla ilgili bekleme karar\u0131 ald\u0131k. Sosyal politikalar konusunda pandeminin getirdi\u011fi komplikasyonlara maruz kalan vatanda\u015flar\u0131m\u0131za yard\u0131m konusunda \u00e7al\u0131\u015fmalar yapt\u0131k. Pandemi ile m\u00fccadelede; \u00f6zellikle toplu ya\u015fam alanlar\u0131ndaki dezenfeksiyon i\u015flemlerine kadar bir\u00e7ok konuda biz kurum olarak g\u00f6revimizi yerine getirdik. Tabi ki di\u011fer kurumlar ile vatanda\u015flar\u0131m\u0131z\u0131n da deste\u011fi ile bu s\u00fcreci a\u015fmaya \u00e7al\u0131\u015f\u0131yoruz\u201d diye konu\u015ftu.<\/p>\n<p>\u201cSuriye\u2019deki kar\u0131\u015f\u0131kl\u0131k direkt bize yans\u0131d\u0131\u201d<\/p>\n<p>Suriye\u2019de ya\u015fanan sorunlardan kaynakl\u0131 Akdeniz b\u00f6lgesindeki kentlerin yo\u011fun g\u00f6\u00e7 ald\u0131\u011f\u0131n\u0131 da vurgulayan Ba\u015fkan Se\u00e7er, son olarak \u015fu ifadeleri kulland\u0131:<\/p>\n<p>\u201cBu b\u00f6lge \u00e7ok yo\u011fun sorunlar ya\u015fayan bir b\u00f6lge. Sadece kendi sorunlar\u0131m\u0131zla u\u011fra\u015f\u0131rken bir de kom\u015fu co\u011frafyadaki geli\u015fmelere maruz kal\u0131yoruz, etkileniyoruz. \u00d6rne\u011fin Gaziantep, \u015eanl\u0131urfa, Hatay, Adana ve Mersin; \u00f6zellikle Suriye\u2019deki kar\u0131\u015f\u0131kl\u0131k direkt bize yans\u0131d\u0131. Bizde 400 bin misafir oldu\u011funu d\u00fc\u015f\u00fcn\u00fcyoruz. Kay\u0131t alt\u0131na al\u0131nanlar 230 binleri buldu. Bunun i\u00e7in de bir Uyum Merkezi kurduk. Uluslararas\u0131 G\u00f6\u00e7 \u00d6rg\u00fct\u00fc ile \u00e7ok iyi ili\u015fkiler kurduk. Bir birim olu\u015fturduk. \u00c7ok \u00f6nemli projeler yap\u0131yoruz; \u00f6zellikle kad\u0131nlarla ilgili. E\u015fim de destek veriyor, aktif olarak \u00e7al\u0131\u015f\u0131yor. Onlar\u0131n istihdam\u0131na, ihtiya\u00e7lar\u0131n\u0131 kar\u015f\u0131lamaya y\u00f6nelik ve topluma entegrasyonlar\u0131 ile ilgili. \u00c7\u00fcnk\u00fc bizim i\u00e7in \u00e7ok \u00f6nemli bir ekonomik, sosyal ve siyasal sorun haline d\u00f6n\u00fc\u015f\u00fcyor. \u00d6zellikle alt yap\u0131 ve \u00fcst yap\u0131 konusunda belediyemizin gelirleri yerli n\u00fcfusa g\u00f6re ayarlanm\u0131\u015f. Bir de buna \u015fehrin y\u00fczde 20 oran\u0131nda bir ilave n\u00fcfus gelince bu bir sorun da\u011f\u0131 olarak kar\u015f\u0131n\u0131za \u00e7\u0131k\u0131yor. Bu konuda Avrupa Birli\u011fi&#8217;nden destek al\u0131yoruz. FRIT II kapsam\u0131nda \u00f6nemli projeler yap\u0131yoruz. Toplam 39 milyon Euro\u2019luk bir \u00e7al\u0131\u015fma i\u00e7erisindeyiz. 17 milyon Euro\u2019su kesinle\u015fti. Bunu i\u00e7mesuyu \u015febekesi, kanalizasyon, at\u0131ksu ar\u0131tma \u00e7al\u0131\u015fmalar\u0131 ile ilgili hibe kredileri ald\u0131k. Ama yeterli de\u011fil. Daha projelerimiz var onun \u00fczerinde \u00e7al\u0131\u015f\u0131yoruz.\u201d<\/p>\n<p>Kwaasteniet: \u201cCHP\u2019li Belediye Ba\u015fkanlar\u0131 fakirlikle m\u00fccadelede olduk\u00e7a ba\u015far\u0131l\u0131\u201d<\/p>\n<p>Ba\u015fkan Se\u00e7er\u2019in pandemi s\u00fcreci hakk\u0131nda verdi\u011fi bilgilerin ard\u0131ndan konu\u015fan B\u00fcy\u00fckel\u00e7i Marjanne de Kwaasteniet, \u201c\u0130stanbul, Ankara, Mersin gibi b\u00fcy\u00fck\u015fehirlerde CHP\u2019li Belediye Ba\u015fkanlar\u0131 pandemide olduk\u00e7a aktif. Fakirlikle m\u00fccadele gayet ba\u015far\u0131l\u0131lar\u201d dedi. Mersin Liman\u0131\u2019n\u0131n geni\u015fletilmesiyle ilgili de konu\u015fan Kwaasteniet, \u201cNeler olaca\u011f\u0131n\u0131 izleyip g\u00f6rece\u011fiz. Endi\u015felerinizi anl\u0131yorum. Kent g\u00f6r\u00fcn\u00fc\u015f\u00fc mutlaka engelleyecek. Bunu anlayabiliyorum. Sanki liman, \u015fehrin i\u00e7ine ait oluyormu\u015f gibi bir hal alacak. Neler olacak g\u00f6rece\u011fiz\u201d  ifadelerini kulland\u0131.<\/p>\n","protected":false},"excerpt":{"rendered":"<p>Hollanda\u2019n\u0131n T\u00fcrkiye B\u00fcy\u00fckel\u00e7isi Marjanne de Kwaasteniet, Mersin B\u00fcy\u00fck\u015fehir Belediye Ba\u015fkan\u0131 Vahap Se\u00e7er\u2019i ziyaret etti. Mersin\u2019in ekonomik ve sosyal yap\u0131s\u0131, kentin g\u00fcncel g\u00fcndemi ve Suriyeli s\u0131\u011f\u0131nmac\u0131lar gibi konular\u0131n konu\u015fuldu\u011fu ziyarette Ba\u015fkan &hellip; <a href=\"https:\/\/akdenizolaygazetesi.com\/?p=12005\" class=\"more-link\">Devam\u0131n\u0131 Oku&#8230;<\/a><\/p>\n","protected":false},"author":2,"featured_media":12007,"comment_status":"open","ping_status":"open","sticky":false,"template":"","format":"standard","meta":[],"categories":[8,1,3,5,6],"tags":[],"_links":{"self":[{"href":"https:\/\/akdenizolaygazetesi.com\/index.php?rest_route=\/wp\/v2\/posts\/12005"}],"collection":[{"href":"https:\/\/akdenizolaygazetesi.com\/index.php?rest_route=\/wp\/v2\/posts"}],"about":[{"href":"https:\/\/akdenizolaygazetesi.com\/index.php?rest_route=\/wp\/v2\/types\/post"}],"author":[{"embeddable":true,"href":"https:\/\/akdenizolaygazetesi.com\/index.php?rest_route=\/wp\/v2\/users\/2"}],"replies":[{"embeddable":true,"href":"https:\/\/akdenizolaygazetesi.com\/index.php?rest_route=%2Fwp%2Fv2%2Fcomments&post=12005"}],"version-history":[{"count":1,"href":"https:\/\/akdenizolaygazetesi.com\/index.php?rest_route=\/wp\/v2\/posts\/12005\/revisions"}],"predecessor-version":[{"id":12006,"href":"https:\/\/akdenizolaygazetesi.com\/index.php?rest_route=\/wp\/v2\/posts\/12005\/revisions\/12006"}],"wp:featuredmedia":[{"embeddable":true,"href":"https:\/\/akdenizolaygazetesi.com\/index.php?rest_route=\/wp\/v2\/media\/12007"}],"wp:attachment":[{"href":"https:\/\/akdenizolaygazetesi.com\/index.php?rest_route=%2Fwp%2Fv2%2Fmedia&parent=12005"}],"wp:term":[{"taxonomy":"category","embeddable":true,"href":"https:\/\/akdenizolaygazetesi.com\/index.php?rest_route=%2Fwp%2Fv2%2Fcategories&post=12005"},{"taxonomy":"post_tag","embeddable":true,"href":"https:\/\/akdenizolaygazetesi.com\/index.php?rest_route=%2Fwp%2Fv2%2Ftags&post=12005"}],"curies":[{"name":"wp","href":"https:\/\/api.w.org\/{rel}","templated":true}]}}