{"id":1201,"date":"2020-11-04T18:21:47","date_gmt":"2020-11-04T15:21:47","guid":{"rendered":"http:\/\/mersinekonomipolitikagazetesi.com\/?p=1201"},"modified":"2020-11-04T18:21:47","modified_gmt":"2020-11-04T15:21:47","slug":"avrupa-sampiyonu-okcu-aleyna-akcinar-dunya-sampiyonasinda","status":"publish","type":"post","link":"https:\/\/akdenizolaygazetesi.com\/?p=1201","title":{"rendered":"Avrupa \u015eampiyonu ok\u00e7u Aleyna Ak\u00e7\u0131nar, D\u00fcnya \u015eampiyonas\u0131nda"},"content":{"rendered":"<p>Yunanistan\u2019da Nisan ay\u0131nda yap\u0131lan Gen\u00e7ler Avrupa Kupas\u0131 1. Ayak Ok\u00e7uluk Yar\u0131\u015fmalar\u0131nda makaral\u0131 yay gen\u00e7 bayanlar kategorisinde tak\u0131mlarda Avrupa \u015eampiyonu olan Mersinli ok\u00e7u Aleyna Ak\u00e7\u0131nar, D\u00fcnya Kupas\u0131 1. Ayak Ok\u00e7uluk Yar\u0131\u015fmalar\u0131 i\u00e7in T\u00fcrk Milli Tak\u0131m kafilesiyle birlikte \u00c7in\u2019in \u015eanghay kentine gitti.<\/p>\n<p>2014 y\u0131l\u0131nda d\u00fcnya ve Avrupa \u015fampiyonlu\u011fu bulunan milli ok\u00e7u Aleyna Ak\u00e7\u0131nar, bir y\u0131l ara verdi\u011fi ok\u00e7ulu\u011fa geri d\u00f6nerek yeni ba\u015far\u0131lara daha imza atmaya ba\u015flad\u0131. Say\u0131s\u0131z T\u00fcrkiye dereceleri bulunan milli ok\u00e7u Aleyna Ak\u00e7\u0131nar, son olarak 17-22 Nisan tarihinde Yunanistan\u2019\u0131n Marathon kentinde yap\u0131lan yar\u0131\u015fmada makaral\u0131 yay gen\u00e7 bayanlar kategorisinde tak\u0131mlarda Avrupa \u015eampiyonu olarak Mersin\u2019i ve T\u00fcrkiye\u2019yi ba\u015far\u0131l\u0131 bir \u015fekilde temsil etti. Ak\u00e7\u0131nar, D\u00fcnya Kupas\u0131 1. Ayak Ok\u00e7uluk Yar\u0131\u015fmalar\u0131 i\u00e7in T\u00fcrk Milli Tak\u0131m kafilesiyle birlikte \u00c7in\u2019in \u015eanghay kentine gitti. Ak\u00e7\u0131nar ile birlikte Milli Tak\u0131m\u0131 Gizem Elmaa\u011fa\u00e7l\u0131 ve Ye\u015fim Bostan temsil edecek.<\/p>\n<p>\u201cTek amac\u0131m T\u00fcrk bayra\u011f\u0131n\u0131n g\u00f6ndere \u00e7ekilmesini sa\u011flamak\u201d<br \/>\nAleyna Ak\u00e7\u0131nar, milli tak\u0131mda yer ald\u0131\u011f\u0131 i\u00e7in \u00e7ok mutlu oldu\u011funu belirterek, yar\u0131\u015fmada elinden gelenin en iyisini yapaca\u011f\u0131n\u0131 s\u00f6yledi. Tek amac\u0131n\u0131n T\u00fcrk bayra\u011f\u0131n\u0131n g\u00f6ndere \u00e7ekilmesini sa\u011flamak oldu\u011funu ifade eden Ak\u00e7\u0131nar, iki y\u0131ld\u0131r \u00e7ekti\u011fi malzeme s\u0131k\u0131nt\u0131s\u0131n\u0131n Mersin\u2019e yeni atanan Gen\u00e7lik ve Spor Hizmetleri \u0130l M\u00fcd\u00fcr\u00fc \u015eaban G\u00fcne\u015f\u2019in talimat\u0131yla ivedilikle giderildi\u011fini \u00f6\u011frenince \u00e7ok duyguland\u0131\u011f\u0131n\u0131 ve buna inanamad\u0131\u011f\u0131n\u0131 kaydetti. Ak\u00e7\u0131nar, M\u00fcd\u00fcr G\u00fcne\u015f&#8217;e desteklerinden dolay\u0131 te\u015fekk\u00fcr etti.<br \/>\nAk\u00e7\u0131nar\u2019\u0131n Antren\u00f6r\u00fc Aytekin Ata\u015f ise Mersin&#8217;den bir sporcunun Milli Tak\u0131mda yer almas\u0131n\u0131n gurur verici bir \u015fey oldu\u011funu vurgulayarak, &#8220;Bug\u00fcne dek yakla\u015f\u0131k 80 madalya alman\u0131n yan\u0131 s\u0131ra d\u00fcnya ve Avrupa \u015fampiyonlu\u011fu ile Avrupa \u00fc\u00e7\u00fcnc\u00fcl\u00fc\u011f\u00fcm\u00fcz olmas\u0131na ra\u011fmen maalesef yeteri ilgi ve deste\u011fi g\u00f6remedik. Aleyna Avrupa \u015eampiyonlu\u011funun haz\u0131rl\u0131k a\u015famas\u0131nda iken malzeme talebimizi defalarca iletmemize ra\u011fmen duyars\u0131z kal\u0131nd\u0131, ona ra\u011fmen \u015f\u00fck\u00fcrler olsun inanc\u0131m\u0131z sayesinde Yunanistan\u2019dan Avrupa \u015eampiyonlu\u011fuyla d\u00f6nd\u00fck\u201d dedi.<br \/>\nYa\u015fad\u0131klar\u0131 malzeme s\u0131k\u0131nt\u0131s\u0131n\u0131 Mersin\u2019e yeni atanan Gen\u00e7lik ve Spor Hizmetleri \u0130l M\u00fcd\u00fcr\u00fc \u015eaban G\u00fcne\u015f\u2019e ilettiklerini ifade eden Ata\u015f, \u201c\u0130l M\u00fcd\u00fcr\u00fcm\u00fcz inan\u0131lmaz bir \u015fekilde gerek psikolojik gerekse malzeme eksikliklerinin t\u00fcm\u00fcn\u00fcn derhal giderilmesi talimat\u0131n\u0131 vererek t\u00fcm s\u0131k\u0131nt\u0131lar\u0131m\u0131z\u0131n giderilmesini sa\u011flad\u0131. \u0130l M\u00fcd\u00fcr\u00fcm\u00fcz\u00fcn sporcuya verdi\u011fi \u00f6nem kar\u015f\u0131s\u0131nda bizler mutlu olmakla birlikte \u00e7al\u0131\u015fmalar\u0131m\u0131za biraz daha h\u0131z verdik. Umuyorum ki Aleyna ilerleyen s\u00fcre\u00e7te ilimizi de \u00fclkemizi de en iyi \u015fekilde temsil edecektir. Desteklerinden dolay\u0131 \u0130l M\u00fcd\u00fcr\u00fcm\u00fcz \u015eaban G\u00fcne\u015f\u2019e ve sporcuma ilgisini esirgemeyen Spor \u015eube M\u00fcd\u00fcr\u00fcm\u00fcz Ali Osman Bebek\u2019e te\u015fekk\u00fcrlerimi iletiyorum\u201d diye konu\u015ftu.<\/p>\n","protected":false},"excerpt":{"rendered":"<p>Yunanistan\u2019da Nisan ay\u0131nda yap\u0131lan Gen\u00e7ler Avrupa Kupas\u0131 1. Ayak Ok\u00e7uluk Yar\u0131\u015fmalar\u0131nda makaral\u0131 yay gen\u00e7 bayanlar kategorisinde tak\u0131mlarda Avrupa \u015eampiyonu olan Mersinli ok\u00e7u Aleyna Ak\u00e7\u0131nar, D\u00fcnya Kupas\u0131 1. Ayak Ok\u00e7uluk Yar\u0131\u015fmalar\u0131 &hellip; <a href=\"https:\/\/akdenizolaygazetesi.com\/?p=1201\" class=\"more-link\">Devam\u0131n\u0131 Oku&#8230;<\/a><\/p>\n","protected":false},"author":1,"featured_media":0,"comment_status":"open","ping_status":"open","sticky":false,"template":"","format":"standard","meta":[],"categories":[],"tags":[],"_links":{"self":[{"href":"https:\/\/akdenizolaygazetesi.com\/index.php?rest_route=\/wp\/v2\/posts\/1201"}],"collection":[{"href":"https:\/\/akdenizolaygazetesi.com\/index.php?rest_route=\/wp\/v2\/posts"}],"about":[{"href":"https:\/\/akdenizolaygazetesi.com\/index.php?rest_route=\/wp\/v2\/types\/post"}],"author":[{"embeddable":true,"href":"https:\/\/akdenizolaygazetesi.com\/index.php?rest_route=\/wp\/v2\/users\/1"}],"replies":[{"embeddable":true,"href":"https:\/\/akdenizolaygazetesi.com\/index.php?rest_route=%2Fwp%2Fv2%2Fcomments&post=1201"}],"version-history":[{"count":0,"href":"https:\/\/akdenizolaygazetesi.com\/index.php?rest_route=\/wp\/v2\/posts\/1201\/revisions"}],"wp:attachment":[{"href":"https:\/\/akdenizolaygazetesi.com\/index.php?rest_route=%2Fwp%2Fv2%2Fmedia&parent=1201"}],"wp:term":[{"taxonomy":"category","embeddable":true,"href":"https:\/\/akdenizolaygazetesi.com\/index.php?rest_route=%2Fwp%2Fv2%2Fcategories&post=1201"},{"taxonomy":"post_tag","embeddable":true,"href":"https:\/\/akdenizolaygazetesi.com\/index.php?rest_route=%2Fwp%2Fv2%2Ftags&post=1201"}],"curies":[{"name":"wp","href":"https:\/\/api.w.org\/{rel}","templated":true}]}}