{"id":12016,"date":"2021-04-23T17:11:08","date_gmt":"2021-04-23T14:11:08","guid":{"rendered":"http:\/\/akdenizolaygazetesi.com\/?p=12016"},"modified":"2021-04-23T17:12:22","modified_gmt":"2021-04-23T14:12:22","slug":"baskan-gultak-ihtiyac-sahibi-vatandaslarimizin-yanindayiz","status":"publish","type":"post","link":"https:\/\/akdenizolaygazetesi.com\/?p=12016","title":{"rendered":"Ba\u015fkan G\u00fcltak; \u201c\u0130htiya\u00e7 sahibi vatanda\u015flar\u0131m\u0131z\u0131n yan\u0131nday\u0131z\u201d"},"content":{"rendered":"<p>Akdeniz Belediyesi, Ramazan Ay\u0131\u2019nda ihtiya\u00e7 sahibi vatanda\u015flara destek olmak amac\u0131yla binlerce g\u0131da kolisi yard\u0131m\u0131nda bulundu. Belediye imkanlar\u0131n\u0131n haricinde hay\u0131rseverlerin de katk\u0131lar\u0131 ile dar gelirli ailelere ula\u015ft\u0131klar\u0131n\u0131 dile getiren Ba\u015fkan Mustafa G\u00fcltak, \u201cRamazan ay\u0131 birlik, beraberlik ve payla\u015fma ay\u0131d\u0131r. \u0130yilik payla\u015ft\u0131k\u00e7a \u00e7o\u011fal\u0131r. Bizler vatanda\u015flar\u0131m\u0131z\u0131n yaln\u0131zca dualar\u0131na talibiz\u201d diye konu\u015ftu.<br \/>\nAkdeniz Belediyesi sosyal belediyecilik anlay\u0131\u015f\u0131 ile il\u00e7e genelindeki dar gelirli ailelere destek olmaya devam ediyor. Ramazan Ay\u0131 dolay\u0131s\u0131yla binlerce g\u0131da yard\u0131m paketleri, Ba\u015fkan Mustafa G\u00fcltak \u00f6nc\u00fcl\u00fc\u011f\u00fcnde, K\u00fclt\u00fcr ve Sosyal \u0130\u015fler M\u00fcd\u00fcrl\u00fc\u011f\u00fc ekipleri taraf\u0131ndan ihtiya\u00e7 sahibi vatanda\u015flara ula\u015ft\u0131r\u0131ld\u0131.<br \/>\nBa\u015fkan G\u00fcltak; \u201c\u0130htiya\u00e7 sahibi vatanda\u015flar\u0131m\u0131z\u0131n yan\u0131nday\u0131z\u201d<br \/>\nBa\u015fkan Mustafa G\u00fcltak konuya ili\u015fkin yapt\u0131\u011f\u0131 a\u00e7\u0131klamada, \u201cHer zaman oldu\u011fu gibi Ramazan Ay\u0131\u2019nda da vatanda\u015flar\u0131m\u0131z\u0131n yan\u0131nda olmay\u0131 s\u00fcrd\u00fcr\u00fcyoruz.  B\u00f6ylesi \u00f6nemli g\u00fcnlerde dayan\u0131\u015fman\u0131n ve yard\u0131mla\u015fman\u0131n daha b\u00fcy\u00fck bir \u00f6nem ta\u015f\u0131d\u0131\u011f\u0131 kanaatindeyim. Bizler \u00fczerimize d\u00fc\u015fen g\u00f6revi en iyi \u015fekilde yapman\u0131n huzurunu ta\u015f\u0131yoruz. Bu ba\u011flamda hay\u0131rsever vatanda\u015flar\u0131m\u0131z\u0131n katk\u0131s\u0131n\u0131 da g\u00f6z ard\u0131 etmek m\u00fcmk\u00fcn de\u011fildir. Her birine ayr\u0131 ayr\u0131 te\u015fekk\u00fcr ediyorum. Allah her birinden raz\u0131 olsun\u201d ifadelerini kulland\u0131.<br \/>\n\u201c\u0130yilik, payla\u015ft\u0131k\u00e7a \u00e7o\u011fal\u0131r\u201d<br \/>\nBa\u015fkan G\u00fcltak; \u201cBu sene yine Akdeniz\u2019deki dezavantajl\u0131 ailelerimize ula\u015ft\u0131rmak \u00fczere temel g\u0131da maddelerinin bulundu\u011fu g\u0131da paketlerimiz ekip arkada\u015flar\u0131m\u0131z\u0131n yard\u0131m\u0131yla sevk edildi. Deste\u011fimiz, muhtarlar\u0131m\u0131z ve sivil toplum \u00f6rg\u00fctlerimizin ula\u015ft\u0131rd\u0131\u011f\u0131 listeler ile belediye b\u00fcnyesindeki datalar\u0131m\u0131z dikkate al\u0131narak yap\u0131lm\u0131\u015ft\u0131r. \u0130yilik payla\u015ft\u0131k\u00e7a \u00e7o\u011fal\u0131r. Bizler vatanda\u015flar\u0131m\u0131z\u0131n yaln\u0131zca dualar\u0131na talibiz. Herkesin Ramazan\u2019\u0131 m\u00fcbarek olsun\u201d diye konu\u015ftu.<\/p>\n","protected":false},"excerpt":{"rendered":"<p>Akdeniz Belediyesi, Ramazan Ay\u0131\u2019nda ihtiya\u00e7 sahibi vatanda\u015flara destek olmak amac\u0131yla binlerce g\u0131da kolisi yard\u0131m\u0131nda bulundu. Belediye imkanlar\u0131n\u0131n haricinde hay\u0131rseverlerin de katk\u0131lar\u0131 ile dar gelirli ailelere ula\u015ft\u0131klar\u0131n\u0131 dile getiren Ba\u015fkan Mustafa &hellip; <a href=\"https:\/\/akdenizolaygazetesi.com\/?p=12016\" class=\"more-link\">Devam\u0131n\u0131 Oku&#8230;<\/a><\/p>\n","protected":false},"author":2,"featured_media":12019,"comment_status":"open","ping_status":"open","sticky":false,"template":"","format":"standard","meta":[],"categories":[8,1,2,3],"tags":[],"_links":{"self":[{"href":"https:\/\/akdenizolaygazetesi.com\/index.php?rest_route=\/wp\/v2\/posts\/12016"}],"collection":[{"href":"https:\/\/akdenizolaygazetesi.com\/index.php?rest_route=\/wp\/v2\/posts"}],"about":[{"href":"https:\/\/akdenizolaygazetesi.com\/index.php?rest_route=\/wp\/v2\/types\/post"}],"author":[{"embeddable":true,"href":"https:\/\/akdenizolaygazetesi.com\/index.php?rest_route=\/wp\/v2\/users\/2"}],"replies":[{"embeddable":true,"href":"https:\/\/akdenizolaygazetesi.com\/index.php?rest_route=%2Fwp%2Fv2%2Fcomments&post=12016"}],"version-history":[{"count":2,"href":"https:\/\/akdenizolaygazetesi.com\/index.php?rest_route=\/wp\/v2\/posts\/12016\/revisions"}],"predecessor-version":[{"id":12020,"href":"https:\/\/akdenizolaygazetesi.com\/index.php?rest_route=\/wp\/v2\/posts\/12016\/revisions\/12020"}],"wp:featuredmedia":[{"embeddable":true,"href":"https:\/\/akdenizolaygazetesi.com\/index.php?rest_route=\/wp\/v2\/media\/12019"}],"wp:attachment":[{"href":"https:\/\/akdenizolaygazetesi.com\/index.php?rest_route=%2Fwp%2Fv2%2Fmedia&parent=12016"}],"wp:term":[{"taxonomy":"category","embeddable":true,"href":"https:\/\/akdenizolaygazetesi.com\/index.php?rest_route=%2Fwp%2Fv2%2Fcategories&post=12016"},{"taxonomy":"post_tag","embeddable":true,"href":"https:\/\/akdenizolaygazetesi.com\/index.php?rest_route=%2Fwp%2Fv2%2Ftags&post=12016"}],"curies":[{"name":"wp","href":"https:\/\/api.w.org\/{rel}","templated":true}]}}