{"id":1202,"date":"2020-11-04T18:21:47","date_gmt":"2020-11-04T15:21:47","guid":{"rendered":"http:\/\/mersinekonomipolitikagazetesi.com\/?p=1202"},"modified":"2020-11-04T18:21:47","modified_gmt":"2020-11-04T15:21:47","slug":"saygun-quartetten-tarihi-kilisede-konser","status":"publish","type":"post","link":"https:\/\/akdenizolaygazetesi.com\/?p=1202","title":{"rendered":"Saygun Quartet&#8217;ten tarihi kilisede konser"},"content":{"rendered":"<p>Bu y\u0131l 16&#8217;nc\u0131s\u0131 d\u00fczenlenen Mersin Uluslararas\u0131 M\u00fczik Festivali kapsam\u0131nda Saygun Quartet, Latin \u0130talyan Katolik Kilisesi&#8217;nde konser verdi.<\/p>\n<p>Kar\u015f\u0131yaka Belediyesi Oda Orkestras\u0131 (KODA) grup \u015feflerinden olu\u015fan ve ge\u00e7en y\u0131l Ankara&#8217;da d\u00fczenlenen Uluslararas\u0131 Ulvi Y\u00fccelen Oda M\u00fczi\u011fi Yar\u0131\u015fmas\u0131&#8217;nda birincilik \u00f6d\u00fcl\u00fc alan grup, festival kapsam\u0131nda sahne ald\u0131. Tarihi kilisedeki konserde, kemanda Deniz Toyg\u00fcr Conus ve \u00d6zge \u00d6zerbek, viyolada Ya\u011fmur Tekin, viyolonselde de Yusuf \u00c7elik&#8217;in yer ald\u0131\u011f\u0131 Saygun Quartet, d\u00fcnyaca \u00fcnl\u00fc besteciler Beethoven ve Mendelshon&#8217;un &#8220;Yayl\u0131 \u00c7alg\u0131lar D\u00f6rtl\u00fcs\u00fc&#8221; eserlerini seslendirerek, m\u00fczik severlere g\u00fczel bir gece ya\u015fatt\u0131lar. \u00c7ok say\u0131da vatanda\u015f\u0131n izledi\u011fi konser sonunda sanat\u00e7\u0131lar uzun s\u00fcre alk\u0131\u015fland\u0131.<br \/>\nKonser sonunda festivale desteklerinden dolay\u0131 te\u015fekk\u00fcr plaketi verilen Rahip Francis Dondu, m\u00fczi\u011fin, insanlar\u0131 yak\u0131nla\u015ft\u0131ran en \u00f6nemli unsurlardan biri oldu\u011funu s\u00f6yledi.<\/p>\n","protected":false},"excerpt":{"rendered":"<p>Bu y\u0131l 16&#8217;nc\u0131s\u0131 d\u00fczenlenen Mersin Uluslararas\u0131 M\u00fczik Festivali kapsam\u0131nda Saygun Quartet, Latin \u0130talyan Katolik Kilisesi&#8217;nde konser verdi. Kar\u015f\u0131yaka Belediyesi Oda Orkestras\u0131 (KODA) grup \u015feflerinden olu\u015fan ve ge\u00e7en y\u0131l Ankara&#8217;da d\u00fczenlenen &hellip; <a href=\"https:\/\/akdenizolaygazetesi.com\/?p=1202\" class=\"more-link\">Devam\u0131n\u0131 Oku&#8230;<\/a><\/p>\n","protected":false},"author":1,"featured_media":0,"comment_status":"open","ping_status":"open","sticky":false,"template":"","format":"standard","meta":[],"categories":[],"tags":[],"_links":{"self":[{"href":"https:\/\/akdenizolaygazetesi.com\/index.php?rest_route=\/wp\/v2\/posts\/1202"}],"collection":[{"href":"https:\/\/akdenizolaygazetesi.com\/index.php?rest_route=\/wp\/v2\/posts"}],"about":[{"href":"https:\/\/akdenizolaygazetesi.com\/index.php?rest_route=\/wp\/v2\/types\/post"}],"author":[{"embeddable":true,"href":"https:\/\/akdenizolaygazetesi.com\/index.php?rest_route=\/wp\/v2\/users\/1"}],"replies":[{"embeddable":true,"href":"https:\/\/akdenizolaygazetesi.com\/index.php?rest_route=%2Fwp%2Fv2%2Fcomments&post=1202"}],"version-history":[{"count":0,"href":"https:\/\/akdenizolaygazetesi.com\/index.php?rest_route=\/wp\/v2\/posts\/1202\/revisions"}],"wp:attachment":[{"href":"https:\/\/akdenizolaygazetesi.com\/index.php?rest_route=%2Fwp%2Fv2%2Fmedia&parent=1202"}],"wp:term":[{"taxonomy":"category","embeddable":true,"href":"https:\/\/akdenizolaygazetesi.com\/index.php?rest_route=%2Fwp%2Fv2%2Fcategories&post=1202"},{"taxonomy":"post_tag","embeddable":true,"href":"https:\/\/akdenizolaygazetesi.com\/index.php?rest_route=%2Fwp%2Fv2%2Ftags&post=1202"}],"curies":[{"name":"wp","href":"https:\/\/api.w.org\/{rel}","templated":true}]}}