{"id":12021,"date":"2021-04-23T17:13:23","date_gmt":"2021-04-23T14:13:23","guid":{"rendered":"http:\/\/akdenizolaygazetesi.com\/?p=12021"},"modified":"2021-04-23T17:14:00","modified_gmt":"2021-04-23T14:14:00","slug":"buyuksehirin-kir-cicekleri-5-farkli-kategoride-ilk-uce-girdi","status":"publish","type":"post","link":"https:\/\/akdenizolaygazetesi.com\/?p=12021","title":{"rendered":"B\u00dcY\u00dcK\u015eEH\u0130R\u2019\u0130N KIR \u00c7\u0130\u00c7EKLER\u0130 5 FARKLI KATEGOR\u0130DE \u0130LK \u00dc\u00c7E G\u0130RD\u0130"},"content":{"rendered":"<p>Mersin B\u00fcy\u00fck\u015fehir Belediyesi Gen\u00e7lik ve Spor Hizmetleri Dairesi b\u00fcnyesinde hayata ge\u00e7irilen \u2018K\u0131r \u00c7i\u00e7ekleri\u2019 projesinde e\u011fitim alan 7 k\u00fc\u00e7\u00fck sporcu, T\u00fcrkiye Atletizm Federasyonu taraf\u0131ndan ger\u00e7ekle\u015ftirilen 6. TAF Turkcell K\u00fc\u00e7\u00fckler Atletizm Festivali\u2019ne kat\u0131ld\u0131.<\/p>\n<p>K\u0131r \u00c7i\u00e7ekleri 5 farkl\u0131 kategoride ilk \u00fc\u00e7te<\/p>\n<p>6. TAF Turkcell K\u00fc\u00e7\u00fckler Atletizm Festivali\u2019nde K\u00fc\u00e7\u00fck K\u0131zlar kategorisine 7 sporcu olarak kat\u0131lan \u2018K\u0131r \u00c7i\u00e7ekleri\u2019 \u00f6nemli ba\u015far\u0131lar elde etti. Nevin Yan\u0131t Atletizm Kompleksi\u2019nde ger\u00e7ekle\u015fen festivalde \u2018K\u0131r \u00c7i\u00e7ekleri\u2019; \u201860 Metre K\u0131zlar\u2019, \u2018F\u0131rlatma Topu\u2019, \u2018Y\u00fcksek Atlama\u2019, \u2018800 Metre Y\u00fcr\u00fcy\u00fc\u015f\u2019 ve \u20185&#215;80 Bayrak Yar\u0131\u015f\u0131\u2019nda 5 farkl\u0131 kategoride ger\u00e7ekle\u015fen yar\u0131\u015fmalarda ilk \u00fc\u00e7e girmeyi ba\u015fard\u0131.<\/p>\n<p>\u201c60 Metre K\u0131zlar\u201d kategorisinde G\u00fclseren Feyza Uysal birinci, Song\u00fcl Karol ikinci oldu. \u201cF\u0131rlatma Topu\u201d kategorisinde birincili\u011fi Ece G\u00fcl Ka\u015f, ikincili\u011fi ise Song\u00fcl Karol ald\u0131. \u201cY\u00fcksek Atlama\u201d kategorisinde ise Fatma Fesli birinci olurken, Medine G\u00f6kc\u00fcl ikincili\u011fi elde etti. \u201c800 Metre Y\u00fcr\u00fcy\u00fc\u015f\u201d kategorisinde ter d\u00f6ken Reyhan G\u00f6kta\u015f ikinci, Havva \u00d6mr\u00fcm \u00c7elik \u00fc\u00e7\u00fcnc\u00fc oldu. \u201c5&#215;80 Bayrak Yar\u0131\u015f\u0131\u201dnda da K\u0131r \u00c7i\u00e7ekleri \u00fc\u00e7\u00fcnc\u00fcl\u00fck elde etti.<\/p>\n","protected":false},"excerpt":{"rendered":"<p>Mersin B\u00fcy\u00fck\u015fehir Belediyesi Gen\u00e7lik ve Spor Hizmetleri Dairesi b\u00fcnyesinde hayata ge\u00e7irilen \u2018K\u0131r \u00c7i\u00e7ekleri\u2019 projesinde e\u011fitim alan 7 k\u00fc\u00e7\u00fck sporcu, T\u00fcrkiye Atletizm Federasyonu taraf\u0131ndan ger\u00e7ekle\u015ftirilen 6. TAF Turkcell K\u00fc\u00e7\u00fckler Atletizm Festivali\u2019ne &hellip; <a href=\"https:\/\/akdenizolaygazetesi.com\/?p=12021\" class=\"more-link\">Devam\u0131n\u0131 Oku&#8230;<\/a><\/p>\n","protected":false},"author":2,"featured_media":12023,"comment_status":"open","ping_status":"open","sticky":false,"template":"","format":"standard","meta":[],"categories":[34,1,3],"tags":[],"_links":{"self":[{"href":"https:\/\/akdenizolaygazetesi.com\/index.php?rest_route=\/wp\/v2\/posts\/12021"}],"collection":[{"href":"https:\/\/akdenizolaygazetesi.com\/index.php?rest_route=\/wp\/v2\/posts"}],"about":[{"href":"https:\/\/akdenizolaygazetesi.com\/index.php?rest_route=\/wp\/v2\/types\/post"}],"author":[{"embeddable":true,"href":"https:\/\/akdenizolaygazetesi.com\/index.php?rest_route=\/wp\/v2\/users\/2"}],"replies":[{"embeddable":true,"href":"https:\/\/akdenizolaygazetesi.com\/index.php?rest_route=%2Fwp%2Fv2%2Fcomments&post=12021"}],"version-history":[{"count":1,"href":"https:\/\/akdenizolaygazetesi.com\/index.php?rest_route=\/wp\/v2\/posts\/12021\/revisions"}],"predecessor-version":[{"id":12022,"href":"https:\/\/akdenizolaygazetesi.com\/index.php?rest_route=\/wp\/v2\/posts\/12021\/revisions\/12022"}],"wp:featuredmedia":[{"embeddable":true,"href":"https:\/\/akdenizolaygazetesi.com\/index.php?rest_route=\/wp\/v2\/media\/12023"}],"wp:attachment":[{"href":"https:\/\/akdenizolaygazetesi.com\/index.php?rest_route=%2Fwp%2Fv2%2Fmedia&parent=12021"}],"wp:term":[{"taxonomy":"category","embeddable":true,"href":"https:\/\/akdenizolaygazetesi.com\/index.php?rest_route=%2Fwp%2Fv2%2Fcategories&post=12021"},{"taxonomy":"post_tag","embeddable":true,"href":"https:\/\/akdenizolaygazetesi.com\/index.php?rest_route=%2Fwp%2Fv2%2Ftags&post=12021"}],"curies":[{"name":"wp","href":"https:\/\/api.w.org\/{rel}","templated":true}]}}