{"id":12024,"date":"2021-04-23T17:14:54","date_gmt":"2021-04-23T14:14:54","guid":{"rendered":"http:\/\/akdenizolaygazetesi.com\/?p=12024"},"modified":"2021-04-23T17:15:33","modified_gmt":"2021-04-23T14:15:33","slug":"ellerindeki-bayraklariyla-23-nisan-icin-sarkilar-soylediler","status":"publish","type":"post","link":"https:\/\/akdenizolaygazetesi.com\/?p=12024","title":{"rendered":"ELLER\u0130NDEK\u0130 BAYRAKLARIYLA 23 N\u0130SAN \u0130\u00c7\u0130N \u015eARKILAR S\u00d6YLED\u0130LER"},"content":{"rendered":"<p>Mersin B\u00fcy\u00fck\u015fehir Belediyesi\u2019nin Toptanc\u0131 Hal Kompleksi\u2019nde \u00e7al\u0131\u015fan kad\u0131nlar\u0131n \u00e7ocuklar\u0131 i\u00e7in a\u00e7t\u0131\u011f\u0131 ve T\u00fcrkiye\u2019de meyve-sebze halinde a\u00e7\u0131lan ilk kre\u015f olma \u00f6zelli\u011fi ta\u015f\u0131yan M\u00fcnir \u00d6zkul Kre\u015fi, 23 Nisan Ulusal Egemenlik ve \u00c7ocuk Bayram\u0131 co\u015fkusuna ev sahipli\u011fi yapt\u0131.<\/p>\n<p>Kad\u0131n ve Aile Hizmetleri Dairesi \u00f6nc\u00fcl\u00fc\u011f\u00fcnde d\u00fczenlenen kutlama program\u0131 kapsam\u0131nda, M\u00fcnir \u00d6zkul Kre\u015fi ile Adile Teyze Kre\u015fi \u00f6\u011frencileri hep birlikte g\u00f6sterilerini sergiledi. Kutlamada minikler \u015fark\u0131lar s\u00f6yleyip, dans g\u00f6sterileri yapt\u0131. T\u00fcrk bayraklar\u0131 ile donat\u0131lan kre\u015ften, Ulusal Egemenlik ve \u00c7ocuk Bayram\u0131\u2019na \u00f6zel \u015fark\u0131lar y\u00fckseldi. Minikler, \u00f6\u011fretmenleri e\u015fli\u011finde g\u00f6sterilerini sergilerken, aileleri de ayn\u0131 heyecan ve co\u015fku ile \u00e7ocuklar\u0131n\u0131 izledi.<\/p>\n<p>Minikleri izleyenler aras\u0131nda; Kad\u0131n ve Aile Hizmetleri Dairesi Ba\u015fkan\u0131 \u015eerife Haso\u011flu Dokucu, \u015fube m\u00fcd\u00fcrleri ve aileler de yer ald\u0131. \u00dczerlerine Atat\u00fcrk sil\u00fceti bask\u0131l\u0131 ti\u015f\u00f6rtlerden giyen \u00e7ocuklar, g\u00f6sterilerini sergilerken maskelerini tak\u0131p, sosyal mesafe kurallar\u0131na da dikkat etti.<\/p>\n<p>Dokucu: \u201cSizleri burada ne\u015feli, reng\u00e2renk ve bir arada g\u00f6rmek \u00e7ok g\u00fczel\u201d<\/p>\n<p>Kad\u0131n ve Aile Hizmetleri Dairesi Ba\u015fkan\u0131 \u015eerife Haso\u011flu Dokucu, programda yapt\u0131\u011f\u0131 konu\u015fmas\u0131nda miniklere \u2018Gelece\u011fimizin kurtar\u0131c\u0131lar\u0131\u2019 diye seslenirken, \u015funlar\u0131 s\u00f6yledi:<\/p>\n<p>\u201cSizleri burada hep birlikte, ne\u015feli, reng\u00e2renk ve bir arada g\u00f6rmek ger\u00e7ekten \u00e7ok g\u00fczel. Burada olmak ve buray\u0131, bug\u00fcn\u00fc kutlanacak bir \u015fekilde organize etmek de bizim i\u00e7in bir \u00f6v\u00fcn\u00e7 kayna\u011f\u0131. \u00c7ok te\u015fekk\u00fcr ediyoruz. Mustafa Kemal Atat\u00fcrk\u2019\u00fcn, B\u00fcy\u00fck Millet Meclisi\u2019ni kurup, T\u00fcrkiye\u2019nin gelece\u011finin \u00e7ok y\u00fckseklerde, \u00e7ok parlak bir \u015fekilde in\u015fa edilmesi i\u00e7in bu \u00f6zel g\u00fcn\u00fc de \u00e7ocuklara bayram olarak belirleyip, Cumhuriyetimiz\u2019i emanet etmesi bizim i\u00e7in \u00f6zel bir emanet.\u201d<\/p>\n<p>23 Nisan co\u015fkusu dans g\u00f6sterileri ve \u015fiir dinletileri ile devam etti<\/p>\n<p>Konu\u015fman\u0131n ard\u0131ndan \u015fiir dinletileri ve dans g\u00f6sterileri ger\u00e7ekle\u015ftirildi. Nil Karaibrahimgil\u2019in \u2018Gelecek Biziz\u2019 \u015fark\u0131s\u0131nda danslar\u0131n\u0131 s\u00fcrd\u00fcren \u00e7ocuklar, son olarak kendi d\u00fc\u015f\u00fcncelerinin yaz\u0131l\u0131 oldu\u011fu pankartlar\u0131n\u0131 ellerinde ta\u015f\u0131yarak \u201810. Y\u0131l Mar\u015f\u0131\u2019 e\u015fli\u011finde y\u00fcr\u00fcd\u00fc. Program, \u2018Hayat Bayram Olsa\u2019 \u015fark\u0131s\u0131 e\u015fli\u011finde an\u0131 k\u00f6\u015fesindeki foto\u011fraf \u00e7ekimi ile son buldu.<\/p>\n<p>Ta\u015fhan\u2019da da 23 Nisan co\u015fkusu ya\u015fand\u0131<\/p>\n<p>Mut Ta\u015fhan\u2019da 23 Nisan Ulusal Egemenlik ve \u00c7ocuk Bayram\u0131 i\u00e7in etkinlik d\u00fczenlendi. Pandemi kapsam\u0131nda her t\u00fcrl\u00fc \u00f6nlemin al\u0131nd\u0131\u011f\u0131 etkinlik, piyano dinletisi ile ba\u015flad\u0131. \u00c7ocuk korosu, \u015fiir dinletisi ve \u00e7ocuk at\u00f6lyelerinin ger\u00e7ekle\u015ftirildi\u011fi etkinli\u011fin sonunda \u00e7ocuklara \u00e7e\u015fitli hediyeler de verildi.<\/p>\n","protected":false},"excerpt":{"rendered":"<p>Mersin B\u00fcy\u00fck\u015fehir Belediyesi\u2019nin Toptanc\u0131 Hal Kompleksi\u2019nde \u00e7al\u0131\u015fan kad\u0131nlar\u0131n \u00e7ocuklar\u0131 i\u00e7in a\u00e7t\u0131\u011f\u0131 ve T\u00fcrkiye\u2019de meyve-sebze halinde a\u00e7\u0131lan ilk kre\u015f olma \u00f6zelli\u011fi ta\u015f\u0131yan M\u00fcnir \u00d6zkul Kre\u015fi, 23 Nisan Ulusal Egemenlik ve \u00c7ocuk &hellip; <a href=\"https:\/\/akdenizolaygazetesi.com\/?p=12024\" class=\"more-link\">Devam\u0131n\u0131 Oku&#8230;<\/a><\/p>\n","protected":false},"author":2,"featured_media":12026,"comment_status":"open","ping_status":"open","sticky":false,"template":"","format":"standard","meta":[],"categories":[1,2,3,5],"tags":[],"_links":{"self":[{"href":"https:\/\/akdenizolaygazetesi.com\/index.php?rest_route=\/wp\/v2\/posts\/12024"}],"collection":[{"href":"https:\/\/akdenizolaygazetesi.com\/index.php?rest_route=\/wp\/v2\/posts"}],"about":[{"href":"https:\/\/akdenizolaygazetesi.com\/index.php?rest_route=\/wp\/v2\/types\/post"}],"author":[{"embeddable":true,"href":"https:\/\/akdenizolaygazetesi.com\/index.php?rest_route=\/wp\/v2\/users\/2"}],"replies":[{"embeddable":true,"href":"https:\/\/akdenizolaygazetesi.com\/index.php?rest_route=%2Fwp%2Fv2%2Fcomments&post=12024"}],"version-history":[{"count":1,"href":"https:\/\/akdenizolaygazetesi.com\/index.php?rest_route=\/wp\/v2\/posts\/12024\/revisions"}],"predecessor-version":[{"id":12025,"href":"https:\/\/akdenizolaygazetesi.com\/index.php?rest_route=\/wp\/v2\/posts\/12024\/revisions\/12025"}],"wp:featuredmedia":[{"embeddable":true,"href":"https:\/\/akdenizolaygazetesi.com\/index.php?rest_route=\/wp\/v2\/media\/12026"}],"wp:attachment":[{"href":"https:\/\/akdenizolaygazetesi.com\/index.php?rest_route=%2Fwp%2Fv2%2Fmedia&parent=12024"}],"wp:term":[{"taxonomy":"category","embeddable":true,"href":"https:\/\/akdenizolaygazetesi.com\/index.php?rest_route=%2Fwp%2Fv2%2Fcategories&post=12024"},{"taxonomy":"post_tag","embeddable":true,"href":"https:\/\/akdenizolaygazetesi.com\/index.php?rest_route=%2Fwp%2Fv2%2Ftags&post=12024"}],"curies":[{"name":"wp","href":"https:\/\/api.w.org\/{rel}","templated":true}]}}