{"id":12027,"date":"2021-04-23T17:17:01","date_gmt":"2021-04-23T14:17:01","guid":{"rendered":"http:\/\/akdenizolaygazetesi.com\/?p=12027"},"modified":"2021-04-23T17:17:43","modified_gmt":"2021-04-23T14:17:43","slug":"baskan-secerden-ademe-23-nisan-hediyesi-keci-ve-oglak","status":"publish","type":"post","link":"https:\/\/akdenizolaygazetesi.com\/?p=12027","title":{"rendered":"BA\u015eKAN SE\u00c7ER\u2019DEN ADEM\u2019E 23 N\u0130SAN HED\u0130YES\u0130: KE\u00c7\u0130 VE O\u011eLAK"},"content":{"rendered":"<p>Mersin B\u00fcy\u00fck\u015fehir Belediye Ba\u015fkan\u0131 Vahap Se\u00e7er, 23 Nisan Ulusal Egemenlik ve \u00c7ocuk Bayram\u0131\u2019nda Adem\u2019in iste\u011fini yerine getirdi, ke\u00e7i ve o\u011flak hediye etti. Erdemli\u2019nin H\u00fcsametli Mahallesi\u2019nde ailesiyle \u00e7ad\u0131rda ya\u015fayan \u00f6zel gereksinimli Adem Uyan\u0131k, mahalle ziyareti s\u0131ras\u0131nda babas\u0131 ile Ba\u015fkan Se\u00e7er\u2019in yan\u0131na gitmi\u015f, sohbet etmi\u015f ve ke\u00e7i talebini iletmi\u015fti. Ba\u015fkan Se\u00e7er, Adem\u2019i k\u0131rmad\u0131 ve iste\u011fini k\u0131sa s\u00fcrede yerine getirerek bir ke\u00e7i ve yavrusunun 23 Nisan hediyesi olarak kendisine ula\u015ft\u0131r\u0131lmas\u0131n\u0131 sa\u011flad\u0131.<\/p>\n<p>\u201cVahap Se\u00e7er\u2019e te\u015fekk\u00fcrler ediyorum. 23 Nisan i\u00e7in ke\u00e7i getirdiler\u201d<\/p>\n<p>Tar\u0131msal ve Veteriner Hizmetleri Dairesi ekipleri taraf\u0131ndan ke\u00e7i ve yavrusu ile 3 \u00e7uval yem Adem\u2019e teslim edildi. \u0130ste\u011finin 23 Nisan Ulusal Egemenlik ve \u00c7ocuk Bayram\u0131\u2019nda yerine getirilmesinden dolay\u0131 olduk\u00e7a mutlu olan Adem, Ba\u015fkan Se\u00e7er\u2019den ke\u00e7iyi istedi\u011fi an\u0131 anlatt\u0131. Bekledi\u011fi ke\u00e7inin gelmesinin mutlulu\u011funu ya\u015fayan Adem, \u201cVahap Se\u00e7er\u2019e te\u015fekk\u00fcrler ediyorum. 23 Nisan i\u00e7in ke\u00e7i getirdiler. Mersin\u2019e de te\u015fekk\u00fcrler ediyorum. Ne mutlu T\u00fcrk\u00fcm diyene. K\u00f6yde Ba\u015fkan\u2019a \u2018ke\u00e7i ver\u2019 dedim. O da \u2018Tamam getiririz, veririz, kalbini yorma, ben getiririm\u2019 dedi. Ben de te\u015fekk\u00fcr ediyorum\u201d dedi.<\/p>\n<p>\u00c7ift\u00e7ilikle u\u011fra\u015fan ve kalp rahats\u0131zl\u0131\u011f\u0131 oldu\u011funu ifade eden baba Halim Uyan\u0131k, Ba\u015fkan Se\u00e7er\u2019e te\u015fekk\u00fcrlerini iletti. Baba Uyan\u0131k, \u201cAdem rahats\u0131zd\u0131. 6-7 y\u0131l tedavi g\u00f6rd\u00fc. Ba\u015fkan k\u00f6ye geldi\u011finde Ba\u015fkan\u2019\u0131n yan\u0131na g\u00f6t\u00fcrd\u00fcm. Orada Adem Ba\u015fkan\u2019dan ke\u00e7i istedi. O da 23 Nisan hediyesi olarak ke\u00e7i g\u00f6ndermi\u015f. Allah raz\u0131 olsun, te\u015fekk\u00fcr ederim\u201d diye konu\u015ftu.<\/p>\n<p>Anne Hanife Uyan\u0131k: \u201c\u00c7ocuk istemi\u015f, \u00e7ocu\u011fun g\u00f6nl\u00fcn\u00fc etmi\u015f, \u00e7ok sa\u011f olsun\u201d<\/p>\n<p>Ev han\u0131m\u0131 olan ve tar\u0131mla u\u011fra\u015fan anne Hanife Uyan\u0131k, tavuklar\u0131 oldu\u011funu, onu da Adem istedi\u011fi i\u00e7in beslediklerini s\u00f6yledi. Hanife Uyan\u0131k, o\u011flunun iste\u011fini yerine getirdi\u011fi i\u00e7in Ba\u015fkan Se\u00e7er\u2019e te\u015fekk\u00fcrlerini ileterek, \u201cBir, iki tavu\u011fum var. \u00c7ocuk hasta, onun i\u00e7in besliyorum. Tar\u0131mla u\u011fra\u015f\u0131yorum. Ba\u015fka bir i\u015fimiz yok. Yapam\u0131yoruz. Adem kendisinden ke\u00e7i istemi\u015f o da 23 Nisan\u2019da hediye etti Adem\u2019e. \u00c7ocuk istemi\u015f, \u00e7ocu\u011fun g\u00f6nl\u00fcn\u00fc etmi\u015f, \u00e7ok sa\u011f olsun, te\u015fekk\u00fcrler, Allah raz\u0131 olsun. Allah ne murad\u0131 varsa versin, Allah kaza bela vermesin, k\u00f6t\u00fclerden korusun\u201d diye konu\u015ftu.<\/p>\n<p>\u201cAdem\u2019in bayram\u0131n\u0131 kutluyoruz\u201d<\/p>\n<p>Tar\u0131msal ve Veteriner Hizmetleri Dairesi Tar\u0131msal Hizmetler, E\u011fitim ve Kooperatifler \u015eube M\u00fcd\u00fcr\u00fc Sel\u00e7uk \u015eahuto\u011flu, Adem\u2019in ke\u00e7iyi istedi\u011fi s\u00fcreci anlatarak, \u201cBa\u015fkan\u0131m\u0131z\u2019\u0131n gezisi s\u0131ras\u0131nda Adem karde\u015fimizin Ba\u015fkan Bey\u2019den talebi vard\u0131. Ke\u00e7i talebinde bulunmu\u015ftu. Ba\u015fkan Bey de, \u2018Sen rahat ol ben ke\u00e7iyi g\u00f6nderece\u011fim\u2019 demi\u015fti. 23 Nisan Ulusal Egemenlik ve \u00c7ocuk Bayram\u0131\u2019nda biz de ke\u00e7ileri Ba\u015fkan Bey\u2019in vermi\u015f oldu\u011fu s\u00f6z \u00fczerine Adem\u2019e teslim ettik. Adem\u2019in bayram\u0131n\u0131 kutluyoruz\u201d dedi.<\/p>\n","protected":false},"excerpt":{"rendered":"<p>Mersin B\u00fcy\u00fck\u015fehir Belediye Ba\u015fkan\u0131 Vahap Se\u00e7er, 23 Nisan Ulusal Egemenlik ve \u00c7ocuk Bayram\u0131\u2019nda Adem\u2019in iste\u011fini yerine getirdi, ke\u00e7i ve o\u011flak hediye etti. Erdemli\u2019nin H\u00fcsametli Mahallesi\u2019nde ailesiyle \u00e7ad\u0131rda ya\u015fayan \u00f6zel gereksinimli &hellip; <a href=\"https:\/\/akdenizolaygazetesi.com\/?p=12027\" class=\"more-link\">Devam\u0131n\u0131 Oku&#8230;<\/a><\/p>\n","protected":false},"author":2,"featured_media":12029,"comment_status":"open","ping_status":"open","sticky":false,"template":"","format":"standard","meta":[],"categories":[34,1,3,5],"tags":[],"_links":{"self":[{"href":"https:\/\/akdenizolaygazetesi.com\/index.php?rest_route=\/wp\/v2\/posts\/12027"}],"collection":[{"href":"https:\/\/akdenizolaygazetesi.com\/index.php?rest_route=\/wp\/v2\/posts"}],"about":[{"href":"https:\/\/akdenizolaygazetesi.com\/index.php?rest_route=\/wp\/v2\/types\/post"}],"author":[{"embeddable":true,"href":"https:\/\/akdenizolaygazetesi.com\/index.php?rest_route=\/wp\/v2\/users\/2"}],"replies":[{"embeddable":true,"href":"https:\/\/akdenizolaygazetesi.com\/index.php?rest_route=%2Fwp%2Fv2%2Fcomments&post=12027"}],"version-history":[{"count":1,"href":"https:\/\/akdenizolaygazetesi.com\/index.php?rest_route=\/wp\/v2\/posts\/12027\/revisions"}],"predecessor-version":[{"id":12028,"href":"https:\/\/akdenizolaygazetesi.com\/index.php?rest_route=\/wp\/v2\/posts\/12027\/revisions\/12028"}],"wp:featuredmedia":[{"embeddable":true,"href":"https:\/\/akdenizolaygazetesi.com\/index.php?rest_route=\/wp\/v2\/media\/12029"}],"wp:attachment":[{"href":"https:\/\/akdenizolaygazetesi.com\/index.php?rest_route=%2Fwp%2Fv2%2Fmedia&parent=12027"}],"wp:term":[{"taxonomy":"category","embeddable":true,"href":"https:\/\/akdenizolaygazetesi.com\/index.php?rest_route=%2Fwp%2Fv2%2Fcategories&post=12027"},{"taxonomy":"post_tag","embeddable":true,"href":"https:\/\/akdenizolaygazetesi.com\/index.php?rest_route=%2Fwp%2Fv2%2Ftags&post=12027"}],"curies":[{"name":"wp","href":"https:\/\/api.w.org\/{rel}","templated":true}]}}