{"id":12052,"date":"2021-04-26T13:57:15","date_gmt":"2021-04-26T10:57:15","guid":{"rendered":"http:\/\/akdenizolaygazetesi.com\/?p=12052"},"modified":"2021-04-26T13:57:50","modified_gmt":"2021-04-26T10:57:50","slug":"saglik-kahramanlarinin-ailelerine-plaket","status":"publish","type":"post","link":"https:\/\/akdenizolaygazetesi.com\/?p=12052","title":{"rendered":"Sa\u011fl\u0131k kahramanlar\u0131n\u0131n ailelerine plaket"},"content":{"rendered":"<p>Toroslar Belediye Ba\u015fkan\u0131 Ats\u0131z Af\u015f\u0131n Y\u0131lmaz, Mersin&#8217;de salg\u0131nla m\u00fccadelede ya\u015fam\u0131n\u0131 yitiren sa\u011fl\u0131k kahramanlar\u0131n\u0131n ailelerine plaket takdim etti.<\/p>\n<p>14 Mart T\u0131p Bayram\u0131&#8217;nda Sa\u011fl\u0131k Kahramanlar\u0131 Park\u0131&#8217;n\u0131 hizmete a\u00e7arak sa\u011fl\u0131k ordusuna ithaf eden Ba\u015fkan Y\u0131lmaz; &#8220;Bu park, sa\u011fl\u0131k \u00e7al\u0131\u015fanlar\u0131m\u0131z\u0131n Covid-19&#8217;a kar\u015f\u0131 gece g\u00fcnd\u00fcz demeden canlar\u0131 pahas\u0131na verdi\u011fi m\u00fccadelenin bir simgesidir&#8221; dedi.<\/p>\n<p>Ba\u015fkan Y\u0131lmaz, Mersin&#8217;de koronavir\u00fcs nedeniyle hayat\u0131n\u0131 kaybeden 19 sa\u011fl\u0131k \u00e7al\u0131\u015fan\u0131n\u0131n ad\u0131n\u0131n ya\u015fat\u0131ld\u0131\u011f\u0131 ve kaidelerinin yer ald\u0131\u011f\u0131 Korukent Mahallesi&#8217;ndeki an\u0131t park\u0131n a\u00e7\u0131l\u0131\u015f t\u00f6reninde bulunamayan sa\u011fl\u0131k kahramanlar\u0131n\u0131n aileleriyle bir araya geldi.<\/p>\n<p>&#8220;Adlar\u0131 Ya\u015fayacak&#8221;<\/p>\n<p>Sa\u011fl\u0131k kahramanlar\u0131n\u0131n ailelerine  plaket ve \u00e7i\u00e7ek takdim ederek ba\u015fsa\u011fl\u0131\u011f\u0131 dileyen Ba\u015fkan Y\u0131lmaz; &#8220;Sa\u011fl\u0131k \u00e7al\u0131\u015fanlar\u0131m\u0131z, sa\u011fl\u0131\u011f\u0131m\u0131z\u0131 korumak ve salg\u0131n\u0131 kontrol alt\u0131na alabilmek ad\u0131na bir y\u0131l\u0131 a\u015fk\u0131n s\u00fcredir ola\u011fan\u00fcst\u00fc bir m\u00fccadele veriyor. Ailelerini, evlatlar\u0131n\u0131 dahi g\u00f6rmeden b\u00fcy\u00fck bir fedakarl\u0131k i\u00e7erisindeler. Bu m\u00fccadelede, hayatlar\u0131n\u0131 kaybeden sa\u011fl\u0131k \u00e7al\u0131\u015fanlar\u0131m\u0131z\u0131n derin \u00fcz\u00fcnt\u00fcs\u00fcn\u00fc ya\u015f\u0131yoruz. Biz de Toroslar Belediyesi olarak Sa\u011fl\u0131k Kahramanlar\u0131 Park\u0131&#8217;n\u0131 yaparak bu zorlu s\u00fcre\u00e7te verilen m\u00fccadeleyi anlatmak, sa\u011fl\u0131k kahramanlar\u0131m\u0131z\u0131 anmak, gelecek ku\u015faklar\u0131m\u0131za aktarmak istedik. Onlar\u0131n fedakarl\u0131klar\u0131n\u0131 hi\u00e7bir zaman unutmayaca\u011f\u0131z. Ebediyete intikal eden sa\u011fl\u0131k \u00e7al\u0131\u015fanlar\u0131m\u0131z\u0131 rahmetle an\u0131yor, ailelerine sab\u0131r diliyoruz&#8221; diye konu\u015ftu.<\/p>\n<p>Salg\u0131n\u0131n bir an \u00f6nce son bulmas\u0131n\u0131 temenni eden Ba\u015fkan Y\u0131lmaz daha sonra ailelerle birlikte sa\u011fl\u0131k kahramanlar\u0131n\u0131n kaidelerine k\u0131rm\u0131z\u0131 karanfil b\u0131rakt\u0131.<\/p>\n","protected":false},"excerpt":{"rendered":"<p>Toroslar Belediye Ba\u015fkan\u0131 Ats\u0131z Af\u015f\u0131n Y\u0131lmaz, Mersin&#8217;de salg\u0131nla m\u00fccadelede ya\u015fam\u0131n\u0131 yitiren sa\u011fl\u0131k kahramanlar\u0131n\u0131n ailelerine plaket takdim etti. 14 Mart T\u0131p Bayram\u0131&#8217;nda Sa\u011fl\u0131k Kahramanlar\u0131 Park\u0131&#8217;n\u0131 hizmete a\u00e7arak sa\u011fl\u0131k ordusuna ithaf eden &hellip; <a href=\"https:\/\/akdenizolaygazetesi.com\/?p=12052\" class=\"more-link\">Devam\u0131n\u0131 Oku&#8230;<\/a><\/p>\n","protected":false},"author":2,"featured_media":12054,"comment_status":"open","ping_status":"open","sticky":false,"template":"","format":"standard","meta":[],"categories":[1,2,3,5],"tags":[],"_links":{"self":[{"href":"https:\/\/akdenizolaygazetesi.com\/index.php?rest_route=\/wp\/v2\/posts\/12052"}],"collection":[{"href":"https:\/\/akdenizolaygazetesi.com\/index.php?rest_route=\/wp\/v2\/posts"}],"about":[{"href":"https:\/\/akdenizolaygazetesi.com\/index.php?rest_route=\/wp\/v2\/types\/post"}],"author":[{"embeddable":true,"href":"https:\/\/akdenizolaygazetesi.com\/index.php?rest_route=\/wp\/v2\/users\/2"}],"replies":[{"embeddable":true,"href":"https:\/\/akdenizolaygazetesi.com\/index.php?rest_route=%2Fwp%2Fv2%2Fcomments&post=12052"}],"version-history":[{"count":2,"href":"https:\/\/akdenizolaygazetesi.com\/index.php?rest_route=\/wp\/v2\/posts\/12052\/revisions"}],"predecessor-version":[{"id":12055,"href":"https:\/\/akdenizolaygazetesi.com\/index.php?rest_route=\/wp\/v2\/posts\/12052\/revisions\/12055"}],"wp:featuredmedia":[{"embeddable":true,"href":"https:\/\/akdenizolaygazetesi.com\/index.php?rest_route=\/wp\/v2\/media\/12054"}],"wp:attachment":[{"href":"https:\/\/akdenizolaygazetesi.com\/index.php?rest_route=%2Fwp%2Fv2%2Fmedia&parent=12052"}],"wp:term":[{"taxonomy":"category","embeddable":true,"href":"https:\/\/akdenizolaygazetesi.com\/index.php?rest_route=%2Fwp%2Fv2%2Fcategories&post=12052"},{"taxonomy":"post_tag","embeddable":true,"href":"https:\/\/akdenizolaygazetesi.com\/index.php?rest_route=%2Fwp%2Fv2%2Ftags&post=12052"}],"curies":[{"name":"wp","href":"https:\/\/api.w.org\/{rel}","templated":true}]}}