{"id":1206,"date":"2020-11-04T18:21:48","date_gmt":"2020-11-04T15:21:48","guid":{"rendered":"http:\/\/mersinekonomipolitikagazetesi.com\/?p=1206"},"modified":"2020-11-04T18:21:48","modified_gmt":"2020-11-04T15:21:48","slug":"vali-cakacak-19-mayis-mesaji-verdi","status":"publish","type":"post","link":"https:\/\/akdenizolaygazetesi.com\/?p=1206","title":{"rendered":"Vali \u00c7akacak, 19 May\u0131s Mesaj\u0131 verdi."},"content":{"rendered":"<p>Mersin Valisi \u00d6zdemir \u00c7akacak, binlerce y\u0131ld\u0131r h\u00fcr ve ba\u011f\u0131ms\u0131z ya\u015fam\u0131\u015f T\u00fcrk milletinin, b\u00fcy\u00fck \u00f6nder Mustafa Kemal Atat\u00fcrk\u2019\u00fcn 19 May\u0131s\u2019ta Samsun\u2019a \u00e7\u0131k\u0131\u015f\u0131yla ba\u015flatt\u0131\u011f\u0131 milli m\u00fccadele ile kendisine esaret zincirinin vurulamayaca\u011f\u0131n\u0131, boyunduruk alt\u0131nda bir ya\u015fam\u0131 asla kabul etmeyece\u011fini t\u00fcm d\u00fcnyaya bir kez daha g\u00f6sterdi\u011fini s\u00f6yledi.<\/p>\n<p>Mersin&#8217;de kamu kurum ve kurulu\u015f temsilcileriyle, baz\u0131 siyasi parti ve sivil toplum \u00f6rg\u00fct\u00fc temsilcileri, yay\u0131nlad\u0131klar\u0131 mesajla 19 May\u0131s Atat\u00fcrk\u2019\u00fc Anma, Gen\u00e7lik ve Spor Bayram\u0131n\u0131 kutlad\u0131.<br \/>\nVali \u00c7akacak, mesaj\u0131nda vatan\u0131na, bayra\u011f\u0131na, milli ve manevi de\u011ferlerine uzanan tehditlere can\u0131 pahas\u0131na kar\u015f\u0131 koyan T\u00fcrk milletinin, B\u00fcy\u00fck \u00d6nder\u2019in Samsun\u2019da yakt\u0131\u011f\u0131 ba\u011f\u0131ms\u0131zl\u0131k ate\u015fi ile genci ya\u015fl\u0131s\u0131, kad\u0131n\u0131 erke\u011fi, kuzeylisi g\u00fcneylisi, do\u011fulusu bat\u0131l\u0131s\u0131 tek v\u00fccut olarak birbirine kenetlendi\u011fini, var olu\u015f m\u00fccadelesini tarihin alt\u0131n sayfalar\u0131nda yer alan destans\u0131 bir zaferle sonu\u00e7land\u0131rd\u0131\u011f\u0131n\u0131 belirtti.<br \/>\nMilletin ba\u011f\u0131ms\u0131zl\u0131\u011f\u0131n\u0131 kendi azim ve karal\u0131l\u0131\u011f\u0131 ile sa\u011flad\u0131\u011f\u0131 bu b\u00fcy\u00fck zaferin, millet iradesinin \u00fczerinde hi\u00e7bir g\u00fcc\u00fcn kabul edilmedi\u011fi T\u00fcrkiye Cumhuriyet\u2019inin kurulu\u015funa ve milletin muas\u0131r medeniyet seviyesinin \u00fczerine \u00e7\u0131kma hedefine kararl\u0131l\u0131kla y\u00fcr\u00fcy\u00fc\u015f\u00fcne zemin olu\u015fturdu\u011funu kaydeden \u00c7akacak, &#8220;Ba\u015fta B\u00fcy\u00fck \u00d6nder\u2019in T\u00fcrk \u0130stiklalini ve T\u00fcrk Cumhuriyetini ilelebet muhafaza ve m\u00fcdafaa etmekle g\u00f6revlendirdi\u011fi T\u00fcrk gen\u00e7li\u011fi olmak \u00fczere milletimizin t\u00fcm fertleri, u\u011fruna b\u00fcy\u00fck bedeller \u00f6denerek kurulan cumhuriyetimize y\u00f6nelen tehditlere, bug\u00fcn de can\u0131 pahas\u0131na kar\u015f\u0131 koyarak Ata\u2019s\u0131na ve ecdad\u0131na yara\u015f\u0131r, onlar\u0131n g\u00fcvenini bo\u015fa \u00e7\u0131karmayan bir tutum sergilemektedir. Nitekim i\u00e7 ve d\u0131\u015f d\u00fc\u015fmanlar\u0131m\u0131z\u0131n i\u00e7imize s\u0131zd\u0131rd\u0131klar\u0131 hainler eliyle tarihimizde e\u015fi benzeri g\u00f6r\u00fclmemi\u015f bir ihanete maruz kald\u0131\u011f\u0131m\u0131z 15 Temmuz darbe giri\u015fimine milletimiz, Kurtulu\u015f Sava\u015f\u0131nda ecdad\u0131m\u0131z\u0131n sergiledi\u011fi karde\u015flik ruhunu bir kez daha ya\u015fatarak tanklara, u\u00e7aklara, helikopterlere bedenini siper ederek, kur\u015funlara iman dolu g\u00f6\u011f\u00fcsleri ile set \u00e7ekerek ge\u00e7it vermemi\u015ftir&#8221; dedi.<br \/>\nGelece\u011fin teminat\u0131 gen\u00e7lerin kendilerine arma\u011fan edilen bug\u00fcn\u00fcn \u00f6nemini daima idrak edeceklerine vurgu yapan \u00c7akacak, &#8220;Kendilerine ilelebet payidar k\u0131l\u0131nmak \u00fczere emanet edilen vatan\u0131m\u0131za ve cumhuriyetimize var g\u00fc\u00e7leri ile sahip \u00e7\u0131kacaklar\u0131na, devletimizin<br \/>\nd\u00fcnyan\u0131n \u00f6nde gelen \u00fclkeleri aras\u0131ndaki konumunu daha da \u00fcst noktalara ta\u015f\u0131yacaklar\u0131na ve milletimizi, kararl\u0131l\u0131kla s\u00fcrd\u00fcr\u00fclen muas\u0131r medeniyetler seviyesinin \u00fczerine \u00e7\u0131kma hedefine ula\u015ft\u0131racaklar\u0131na y\u00fcrekten inan\u0131yorum&#8221; diye konu\u015ftu.<br \/>\nBa\u015fkan Kocamaz; &#8220;19 May\u0131s inanm\u0131\u015f ruhlar\u0131n zaferidir&#8221;<br \/>\nMersin B\u00fcy\u00fck\u015fehir Belediye Ba\u015fkan\u0131 Burhanettin Kocamaz, 98 y\u0131l \u00f6nce 19 May\u0131s 1919\u2019da yak\u0131lan h\u00fcrriyet me\u015falesini ta\u015f\u0131yan gen\u00e7 bedenler ve inanm\u0131\u015f ruhlar\u0131n bir vatan, bir millet, bir medeniyet ve bir nesil u\u011fruna, bug\u00fcnk\u00fc T\u00fcrkiye ve bizler u\u011fruna canlar\u0131n\u0131 feda ettiklerini dile getirerek, &#8220;\u015eimdi cumhuriyetimizin \u00fc\u00e7\u00fcnc\u00fc nesline d\u00fc\u015fen g\u00f6rev; ayn\u0131 de\u011ferler u\u011fruna gerekirse can vermek ancak bundan daha \u00f6ncelikli olarak, kan yerine ter ak\u0131tarak T\u00fcrkiye\u2019yi hak etti\u011fi g\u00fc\u00e7 ve refaha kavu\u015fturmakt\u0131r. \u015e\u00fcphesiz bunun yolu; milli ve manevi de\u011ferlerine ba\u011fl\u0131, beden ve ruh sa\u011fl\u0131\u011f\u0131 yerinde, e\u011fitimli, sevildi\u011fini ve korundu\u011funu bilen bir gen\u00e7lik yeti\u015ftirmekten ge\u00e7mektedir. Gen\u00e7li\u011fin sahip \u00e7\u0131kmad\u0131\u011f\u0131 bir fikir, inan\u00e7 ya da d\u00fc\u015f\u00fcncenin gelece\u011fi yoktur. B\u00fcy\u00fck Atat\u00fcrk\u2019\u00fcn \u2018\u00e7a\u011fda\u015f uygarl\u0131k seviyesi\u2019 olarak belirledi\u011fi K\u0131z\u0131lelma\u2019ya, ancak bu \u00f6zelliklere sahip bir gen\u00e7likle ula\u015fabiliriz&#8221; ifadelerini kulland\u0131.<br \/>\nAkta\u015f; &#8220;Gen\u00e7ler, bir \u00fclkenin umudu ve gelece\u011fidir&#8221;<br \/>\nAkdeniz Belediye Ba\u015fkan\u0131 Hamdi Bilge Akta\u015f ise 19 May\u0131s bayram\u0131n\u0131n gen\u00e7lere arma\u011fan edilmesinin, gen\u00e7lere verilen \u00f6nemin ve de\u011ferin yans\u0131mas\u0131 oldu\u011funu belirterek, &#8221; Gen\u00e7lerimiz de bu arma\u011fan\u0131n k\u0131ymetini iyi bilmelidir. Gen\u00e7ler bir \u00fclkenin umudu ve gelece\u011fidir. T\u00fcrk milleti olarak Kurtulu\u015f Sava\u015f\u0131nda elde etti\u011fimiz ba\u015far\u0131lar, bir\u00e7ok d\u00fcnya devletlerinin emperyalizme kar\u015f\u0131 verdi\u011fi ba\u011f\u0131ms\u0131zl\u0131k m\u00fccadelesinin adeta simgesi haline gelmi\u015ftir. Bu duygu ve d\u00fc\u015f\u00fcncelerle vatan\u0131m\u0131z\u0131n ba\u011f\u0131ms\u0131zl\u0131\u011f\u0131, \u00fclkemizin ve devletimizin bekas\u0131 i\u00e7in m\u00fccadele eden ba\u015fta Mustafa Kemal Atat\u00fcrk olmak \u00fczere, t\u00fcm \u015fehit ve gazilerimizi bir kez daha sayg\u0131 ve rahmetle an\u0131yorum. Atat\u00fcrk\u2019\u00fcn gelece\u011fimizin teminat\u0131 olan gen\u00e7lerimize arma\u011fan etti\u011fi bu g\u00fczel bayram\u0131 gen\u00e7lerimizin de co\u015fkuyla kutlayacaklar\u0131 inanc\u0131yla 19 May\u0131s Atat\u00fcrk&#8217;\u00fc Anma Gen\u00e7lik ve Spor Bayram\u0131n\u0131 kutluyorum&#8221; diye konu\u015ftu.<br \/>\nErcik; &#8220;Gen\u00e7lere g\u00fcveniyoruz&#8221;<br \/>\nAK Parti Mersin \u0130l Ba\u015fkan\u0131 Cesim Ercik, 19 May\u0131s&#8217;\u0131n, Gazi Mustafa Kemal Atat\u00fcrk&#8217;\u00fcn istiklal m\u00fccadelesinin me\u015falesini tutu\u015fturdu\u011fu, milletin ba\u011f\u0131ms\u0131zl\u0131k y\u00fcr\u00fcy\u00fc\u015f\u00fcn\u00fc ba\u015flatt\u0131\u011f\u0131 bir g\u00fcn oldu\u011funu ifade ederek, &#8220;Samsun&#8217;da ba\u015flayan ba\u011f\u0131ms\u0131zl\u0131k y\u00fcr\u00fcy\u00fc\u015f\u00fcm\u00fcz, aziz milletimizin azim ve gayretleriyle hedefine ula\u015fm\u0131\u015f, istiklal m\u00fccadelemiz zaferle sonu\u00e7lanm\u0131\u015f, e\u015fsiz bir m\u00fccadele sonunda cumhuriyetimizin temelleri at\u0131lm\u0131\u015ft\u0131r. \u0130stiklal m\u00fccadelesinin ba\u015flang\u0131c\u0131n\u0131 simgeleyen 19 May\u0131s\u2019\u0131n ayn\u0131 zamanda Gen\u00e7lik ve Spor<br \/>\nBayram\u0131 olarak ilan edilmesi, gen\u00e7lerimize duyulan g\u00fcvenin ve onlara d\u00fc\u015fen b\u00fcy\u00fck sorumlulu\u011fun da g\u00f6stergesidir. Vatan\u0131n\u0131 can\u0131ndan \u00fcst\u00fcn tutan ecdad\u0131m\u0131z\u0131n verdi\u011fi m\u00fccadeleler ve b\u00fcy\u00fck fedakarl\u0131klar sonucu kurulan cumhuriyetimiz, siz gelece\u011fimiz olan gen\u00e7lerimize emanettir. Bu emaneti korumak, daha da y\u00fcceltmek, muas\u0131r medeniyetler seviyesinin \u00fcst\u00fcne ta\u015f\u0131mak i\u00e7in sizlere b\u00fcy\u00fck g\u00f6rev d\u00fc\u015fmektedir. Siz de\u011ferli gen\u00e7lerimizin, ideallerinin pe\u015finden kararl\u0131l\u0131kla giden, vatan\u0131n\u0131 seven, ahlakl\u0131, \u00f6zg\u00fcvenli bireyler olarak yeti\u015fmeniz en b\u00fcy\u00fck arzumuzdur&#8221; \u015feklinde konu\u015ftu.<br \/>\nA\u015fut; &#8220;19 May\u0131s umudun ad\u0131d\u0131r&#8221;<br \/>\nMersin Ticaret ve Sanayi Odas\u0131 (MTSO) Ba\u015fkan\u0131 \u015eerafettin A\u015fut&#8217;da mesaj\u0131nda, 19 May\u0131s&#8217;\u0131n umudun, dayan\u0131\u015fman\u0131n, birli\u011fin ad\u0131 oldu\u011funu dile getirerek, &#8220;19 May\u0131s milletine inanan bir liderin ve vatan sevgisi dolu kurucu atalar\u0131m\u0131z\u0131n fedakarl\u0131k ve vatan sevgisi ile dolu m\u00fccadelelerinin ad\u0131d\u0131r. Bu b\u00fcy\u00fck g\u00fcn\u00fcn gen\u00e7lere ithaf edilen bir bayrama d\u00f6n\u00fc\u015ft\u00fcr\u00fclmesi bir tesad\u00fcf de\u011fil, aksine T\u00fcrkiye Cumhuriyetinin gelece\u011fini en do\u011fru yere emanet etmenin bilincinin bir sonucudur. Gen\u00e7lerimizin bu sorumluluk ve minnet duygusu ile bu bayra\u011f\u0131 daha da y\u00fckseklere ta\u015f\u0131yaca\u011f\u0131na olan g\u00fcvenimiz tamd\u0131r&#8221; dedi.<br \/>\nAky\u00fcrek; &#8220;Gen\u00e7lerimiz gelece\u011fimizdir&#8221;<br \/>\nT\u00dcG\u0130AD \u00c7ukurova \u015eube Ba\u015fkan\u0131 G\u00fcl Aky\u00fcrek ise 19 May\u0131s 1919&#8217;un sadece T\u00fcrkiye i\u00e7in de\u011fil, emperyalizmin boyunduru\u011fu alt\u0131nda ezilen d\u00fcnyan\u0131n t\u00fcm uluslar\u0131 i\u00e7in bir d\u00f6n\u00fcm noktas\u0131 oldu\u011funu vurgulayarak, \u015f\u00f6yle devam etti; &#8220;T\u00fcrk milletinin ba\u011f\u0131ms\u0131z ve h\u00fcr ya\u015fama azmi ve kararl\u0131l\u0131\u011f\u0131n\u0131 d\u00fcnya milletlerine ilan etti\u011fi 19 May\u0131s 1919, ba\u015fka devletlerin esareti alt\u0131nda ya\u015fayan milletlerin ba\u011f\u0131ms\u0131zl\u0131k m\u00fccadelesine de \u00f6rnek olu\u015fturmu\u015ftur. T\u00fcrk gen\u00e7li\u011fine g\u00fcvenen Mustafa Kemal Atat\u00fcrk, ba\u011f\u0131ms\u0131zl\u0131\u011f\u0131m\u0131z\u0131n ve \u00f6zg\u00fcrl\u00fc\u011f\u00fcm\u00fcz\u00fcn ancak gen\u00e7ler sayesinde korunabilece\u011finin idraki i\u00e7erisinde kurtulu\u015f sava\u015f\u0131n\u0131n ba\u015flang\u0131c\u0131 olan 19 May\u0131s tarihini, &#8216;Gen\u00e7lik ve Spor Bayram\u0131&#8217; olarak, T\u00fcrk gen\u00e7li\u011fine arma\u011fan etmi\u015ftir. O nedenle, bug\u00fcn\u00fc \u00e7ok iyi kavramal\u0131 ve gelecek nesillere aktar\u0131lmas\u0131nda azami gayreti g\u00f6stermeliyiz. \u00c7\u00fcnk\u00fc gen\u00e7li\u011fimiz gelece\u011fimizdir, gen\u00e7li\u011fimize sahip \u00e7\u0131kmak, gelece\u011fimize sahip \u00e7\u0131kmakla e\u015f anlaml\u0131d\u0131r.&#8221;<\/p>\n","protected":false},"excerpt":{"rendered":"<p>Mersin Valisi \u00d6zdemir \u00c7akacak, binlerce y\u0131ld\u0131r h\u00fcr ve ba\u011f\u0131ms\u0131z ya\u015fam\u0131\u015f T\u00fcrk milletinin, b\u00fcy\u00fck \u00f6nder Mustafa Kemal Atat\u00fcrk\u2019\u00fcn 19 May\u0131s\u2019ta Samsun\u2019a \u00e7\u0131k\u0131\u015f\u0131yla ba\u015flatt\u0131\u011f\u0131 milli m\u00fccadele ile kendisine esaret zincirinin vurulamayaca\u011f\u0131n\u0131, boyunduruk &hellip; <a href=\"https:\/\/akdenizolaygazetesi.com\/?p=1206\" class=\"more-link\">Devam\u0131n\u0131 Oku&#8230;<\/a><\/p>\n","protected":false},"author":1,"featured_media":0,"comment_status":"open","ping_status":"open","sticky":false,"template":"","format":"standard","meta":[],"categories":[],"tags":[],"_links":{"self":[{"href":"https:\/\/akdenizolaygazetesi.com\/index.php?rest_route=\/wp\/v2\/posts\/1206"}],"collection":[{"href":"https:\/\/akdenizolaygazetesi.com\/index.php?rest_route=\/wp\/v2\/posts"}],"about":[{"href":"https:\/\/akdenizolaygazetesi.com\/index.php?rest_route=\/wp\/v2\/types\/post"}],"author":[{"embeddable":true,"href":"https:\/\/akdenizolaygazetesi.com\/index.php?rest_route=\/wp\/v2\/users\/1"}],"replies":[{"embeddable":true,"href":"https:\/\/akdenizolaygazetesi.com\/index.php?rest_route=%2Fwp%2Fv2%2Fcomments&post=1206"}],"version-history":[{"count":0,"href":"https:\/\/akdenizolaygazetesi.com\/index.php?rest_route=\/wp\/v2\/posts\/1206\/revisions"}],"wp:attachment":[{"href":"https:\/\/akdenizolaygazetesi.com\/index.php?rest_route=%2Fwp%2Fv2%2Fmedia&parent=1206"}],"wp:term":[{"taxonomy":"category","embeddable":true,"href":"https:\/\/akdenizolaygazetesi.com\/index.php?rest_route=%2Fwp%2Fv2%2Fcategories&post=1206"},{"taxonomy":"post_tag","embeddable":true,"href":"https:\/\/akdenizolaygazetesi.com\/index.php?rest_route=%2Fwp%2Fv2%2Ftags&post=1206"}],"curies":[{"name":"wp","href":"https:\/\/api.w.org\/{rel}","templated":true}]}}