{"id":12062,"date":"2021-04-26T14:09:37","date_gmt":"2021-04-26T11:09:37","guid":{"rendered":"http:\/\/akdenizolaygazetesi.com\/?p=12062"},"modified":"2021-04-26T14:10:22","modified_gmt":"2021-04-26T11:10:22","slug":"baskan-secer-koltugunu-gelecegin-aydinlik-yuzlerine-devretti","status":"publish","type":"post","link":"https:\/\/akdenizolaygazetesi.com\/?p=12062","title":{"rendered":"BA\u015eKAN SE\u00c7ER, KOLTU\u011eUNU GELECE\u011e\u0130N AYDINLIK Y\u00dcZLER\u0130NE DEVRETT\u0130"},"content":{"rendered":"<p>Mersin B\u00fcy\u00fck\u015fehir Belediye Ba\u015fkan\u0131 Vahap Se\u00e7er, 23 Nisan Ulusal Egemenlik ve \u00c7ocuk Bayram\u0131 dolay\u0131s\u0131yla gelece\u011fin ayd\u0131nl\u0131k y\u00fczleri olan \u00e7ocuklar\u0131 makam\u0131nda a\u011f\u0131rlad\u0131. Ziyarette yer alan 10 \u00e7ocu\u011fa s\u0131ras\u0131yla koltu\u011funu devreden Ba\u015fkan Se\u00e7er, \u00e7ocuklar\u0131n Mersin\u2019e dair isteklerini dinledi.<\/p>\n<p>\u00c7ocuklar, Ba\u015fkan Se\u00e7er\u2019den maddi durumu iyi olmayan insanlara yard\u0131m edilmesi, imkan\u0131 olmayan \u00e7ocuklara oyuncak da\u011f\u0131t\u0131lmas\u0131, ba\u015far\u0131l\u0131 sporcularla an\u0131lan bir kent olmak i\u00e7in b\u00fcy\u00fck spor tesislerinin a\u00e7\u0131lmas\u0131, \u00e7ocuk festivali, oyun parklar\u0131 ve b\u00fcy\u00fck k\u00fct\u00fcphanelerin kurulmas\u0131 gibi taleplerde bulundu.<\/p>\n<p>\u201cSizlerin iyi ve \u00e7a\u011fda\u015f e\u011fitim almas\u0131 bizler i\u00e7in \u00e7ok \u00f6nemli\u201d<\/p>\n<p>Keyifli bir sohbetin ger\u00e7ekle\u015fti\u011fi a\u011f\u0131rlamada \u00e7ocuklar, Ba\u015fkan Se\u00e7er\u2019e te\u015fekk\u00fcrlerini iletti. Ba\u015fkan Se\u00e7er, \u201cMakam odas\u0131 gelecekte sizlerin odas\u0131. Bug\u00fcn ben buraday\u0131m daha sonra sizlerden bir tanesi olacak. Pandemi dolay\u0131s\u0131yla biraz gecikmeli yapt\u0131k bu bulu\u015fmay\u0131. Oysa g\u00f6n\u00fcl isterdi ki 23 Nisan Cuma g\u00fcn\u00fc bir araya gelelim ama ko\u015fullar, \u015fartlar bizi zorluyor. 3 g\u00fcn gecikmeli de olsa burada bulu\u015ftuk\u201d dedi.<\/p>\n<p>23 Nisan Ulusal Egemenlik ve \u00c7ocuk Bayram\u0131\u2019n\u0131n \u00f6nemi ve Ulu \u00d6nder Mustafa Kemal Atat\u00fcrk\u2019\u00fcn \u00e7ocuklara verdi\u011fi de\u011feri anlatan Se\u00e7er, \u201cBen de \u00e7ocuktum, b\u00fcy\u00fcd\u00fcm. \u015eimdi sizler \u00e7ocuksunuz, sizler de b\u00fcy\u00fcyeceksiniz. Bu ku\u015faklar hep b\u00f6yle s\u00fcr\u00fcp gidecek ama biz sizler sayesinde bu \u00fclkeyi sonsuza kadar ya\u015fatmak istiyoruz. Sizlerin sa\u011fl\u0131kl\u0131 olmas\u0131, iyi ve \u00e7a\u011fda\u015f e\u011fitim almas\u0131 bizler i\u00e7in \u00e7ok \u00f6nemli\u201d diye konu\u015ftu.<\/p>\n<p>\u201c\u2018K\u0131r \u00c7i\u00e7ekleri\u2019 projemizde sporcu k\u0131zlar\u0131m\u0131z var\u201d<\/p>\n<p>Ziyarette minik Efe\u2019nin b\u00fcy\u00fck spor tesisleri talebi \u00fczerine Ba\u015fkan Se\u00e7er, B\u00fcy\u00fck\u015fehir\u2019in basketbolda ba\u015far\u0131 yakalayarak 1. Lig\u2019e y\u00fckseldi\u011fini ve voleybol bran\u015f\u0131nda da \u015fampiyon olduklar\u0131n\u0131 ifade etti. Se\u00e7er, \u201cBizim \u2018K\u0131r \u00c7i\u00e7ekleri\u2019 projemiz var. 10-12 ya\u015f aras\u0131nda 52 sporcu k\u0131z\u0131m\u0131z var. Hepsi benim k\u0131z\u0131m. Spor tesisinde sporcu k\u0131zlar\u0131m\u0131z\u0131n kald\u0131klar\u0131 yurt var. \u015eu anda bizim g\u00f6zetimimizde kabiliyetli olduklar\u0131 bran\u015flarda spor e\u011fitimi al\u0131yorlar, antrenmana \u00e7\u0131k\u0131yorlar hem de okula gidiyorlar. \u0130n\u015fallah gelecekte hem Mersinimiz\u2019i hem \u00fclkemizi tan\u0131tacak ba\u015far\u0131lara imza atacaklar\u201d dedi.<\/p>\n<p>\u201cHepimiz temiz bir \u015fehirde ya\u015fama hakk\u0131na sahibiz\u201d<\/p>\n<p>\u00c7evre kirlili\u011fine kar\u015f\u0131 belirli yerlere uyar\u0131 tabelalar\u0131 as\u0131lmas\u0131n\u0131 isteyen minik Aylin\u2019in iste\u011fi \u00fczerine \u00e7ok \u00f6nemli bir konuya de\u011findi\u011fini s\u00f6yleyen Se\u00e7er, \u201cBence tabeladan \u00e7ok insanlar\u0131 bu konuda e\u011fitmemiz laz\u0131m diye d\u00fc\u015f\u00fcn\u00fcyorum. Bunu hep anlatmam\u0131z laz\u0131m. Okulda \u00f6\u011fretmenlerimiz \u00e7ocuklar\u0131m\u0131za anlatmal\u0131, \u00e7al\u0131\u015fan insanlar i\u015f yerinde arkada\u015flar\u0131na anlatmal\u0131, ben b\u00fct\u00fcn vatanda\u015flar\u0131m\u0131za anlatmal\u0131y\u0131m. Herkes birbirine anlatmal\u0131. L\u00fctfen sokaklar\u0131, parklar\u0131, insanlar\u0131n bir arada oldu\u011fu ya\u015fam alanlar\u0131n\u0131 temiz tutal\u0131m. Hepimiz temiz bir \u015fehirde ya\u015fama hakk\u0131na sahibiz\u201d ifadelerine yer verdi.<\/p>\n<p>\u201cK\u00fclt\u00fcr Park\u2019ta \u00e7ok b\u00fcy\u00fck bir dijital k\u00fct\u00fcphane a\u00e7ma karar\u0131 ald\u0131k\u201d<\/p>\n<p>Ba\u015fkan Se\u00e7er, Arjin\u2019in k\u00fct\u00fcphane talebi \u00fczerine \u015fehrin bir\u00e7ok yerinde \u00f6\u011frencilere ders \u00e7al\u0131\u015fma ortam\u0131 sa\u011flamak i\u00e7in k\u00fct\u00fcphaneler a\u00e7mak istediklerini s\u00f6yledi. Se\u00e7er, \u201cEn son yapt\u0131\u011f\u0131m\u0131z \u00e7al\u0131\u015fmada da K\u00fclt\u00fcr Park\u2019ta \u00e7ok b\u00fcy\u00fck bir dijital k\u00fct\u00fcphane a\u00e7ma karar\u0131 ald\u0131k. \u00c7ok g\u00fczel olacak. Oraya \u00e7ocuklar\u0131m\u0131z gitsinler. Hem ortam olarak \u00e7ok g\u00fczel hem deniz kenar\u0131 hem de geni\u015f ve modern bir \u00e7al\u0131\u015fma alan\u0131 olacak. \u0130n\u015fallah oray\u0131 en k\u0131sa s\u00fcrede yapaca\u011f\u0131z\u201d dedi.<\/p>\n<p>\u201c\u015eartlar uygun olur olmaz karar al\u0131p \u2018\u00c7ocuk Festivali\u2019 yapaca\u011f\u0131z\u201d<\/p>\n<p>Minik Deren ise yar\u0131\u015fmalar\u0131n, \u00fccretsiz dans ve resim kurslar\u0131n\u0131n oldu\u011fu bir \u2018\u00c7ocuk Festivali\u2019 yap\u0131lmas\u0131n\u0131 istedi. Ba\u015fkan Se\u00e7er, bunun Mersin\u2019e yak\u0131\u015f\u0131r \u00e7ok g\u00fczel bir d\u00fc\u015f\u00fcnce oldu\u011funu ve daha \u00f6nce \u00fczerine d\u00fc\u015f\u00fcn\u00fcld\u00fc\u011f\u00fcn\u00fc belirterek, T\u00fcrkiye\u2019nin ilk Kad\u0131n ve Aile Hizmetleri Dairesi\u2019ni kurduklar\u0131n\u0131 hat\u0131rlatt\u0131. Se\u00e7er, \u201cDaha \u00f6nce belediyelerde bu konuda \u00e7al\u0131\u015fmalar yap\u0131l\u0131yordu ama bir daire ba\u015fkanl\u0131\u011f\u0131 \u00e7at\u0131s\u0131 alt\u0131nda de\u011fildi. Biz bu konuya \u00e7ok \u00f6nem verdi\u011fimizi vurgulam\u0131\u015ft\u0131k ve y\u00f6netime gelir gelmez de ilk b\u00f6yle bir daireyi olu\u015fturduk. \u00c7ok da \u00f6nemli, de\u011ferli \u00e7al\u0131\u015fmalar\u0131m\u0131z oluyor. Bu \u00f6nerinizi dikkate alaca\u011f\u0131z. Bir \u00e7ocuk festivalini, Mersin\u2019e yara\u015f\u0131r bir \u015fekilde pandemi \u015fartlar\u0131 uygun olur olmaz karar al\u0131p yapaca\u011f\u0131z\u201d diye konu\u015ftu.<\/p>\n<p>Ba\u015fkan Se\u00e7er, foto\u011fraf \u00e7ekiminin ard\u0131ndan \u00e7ocuklara 23 Nisan\u2019a \u00f6zel hediyeler da\u011f\u0131tt\u0131.<\/p>\n","protected":false},"excerpt":{"rendered":"<p>Mersin B\u00fcy\u00fck\u015fehir Belediye Ba\u015fkan\u0131 Vahap Se\u00e7er, 23 Nisan Ulusal Egemenlik ve \u00c7ocuk Bayram\u0131 dolay\u0131s\u0131yla gelece\u011fin ayd\u0131nl\u0131k y\u00fczleri olan \u00e7ocuklar\u0131 makam\u0131nda a\u011f\u0131rlad\u0131. Ziyarette yer alan 10 \u00e7ocu\u011fa s\u0131ras\u0131yla koltu\u011funu devreden Ba\u015fkan &hellip; <a href=\"https:\/\/akdenizolaygazetesi.com\/?p=12062\" class=\"more-link\">Devam\u0131n\u0131 Oku&#8230;<\/a><\/p>\n","protected":false},"author":2,"featured_media":12064,"comment_status":"open","ping_status":"open","sticky":false,"template":"","format":"standard","meta":[],"categories":[1,3,5],"tags":[],"_links":{"self":[{"href":"https:\/\/akdenizolaygazetesi.com\/index.php?rest_route=\/wp\/v2\/posts\/12062"}],"collection":[{"href":"https:\/\/akdenizolaygazetesi.com\/index.php?rest_route=\/wp\/v2\/posts"}],"about":[{"href":"https:\/\/akdenizolaygazetesi.com\/index.php?rest_route=\/wp\/v2\/types\/post"}],"author":[{"embeddable":true,"href":"https:\/\/akdenizolaygazetesi.com\/index.php?rest_route=\/wp\/v2\/users\/2"}],"replies":[{"embeddable":true,"href":"https:\/\/akdenizolaygazetesi.com\/index.php?rest_route=%2Fwp%2Fv2%2Fcomments&post=12062"}],"version-history":[{"count":2,"href":"https:\/\/akdenizolaygazetesi.com\/index.php?rest_route=\/wp\/v2\/posts\/12062\/revisions"}],"predecessor-version":[{"id":12065,"href":"https:\/\/akdenizolaygazetesi.com\/index.php?rest_route=\/wp\/v2\/posts\/12062\/revisions\/12065"}],"wp:featuredmedia":[{"embeddable":true,"href":"https:\/\/akdenizolaygazetesi.com\/index.php?rest_route=\/wp\/v2\/media\/12064"}],"wp:attachment":[{"href":"https:\/\/akdenizolaygazetesi.com\/index.php?rest_route=%2Fwp%2Fv2%2Fmedia&parent=12062"}],"wp:term":[{"taxonomy":"category","embeddable":true,"href":"https:\/\/akdenizolaygazetesi.com\/index.php?rest_route=%2Fwp%2Fv2%2Fcategories&post=12062"},{"taxonomy":"post_tag","embeddable":true,"href":"https:\/\/akdenizolaygazetesi.com\/index.php?rest_route=%2Fwp%2Fv2%2Ftags&post=12062"}],"curies":[{"name":"wp","href":"https:\/\/api.w.org\/{rel}","templated":true}]}}