{"id":1207,"date":"2020-11-04T18:21:48","date_gmt":"2020-11-04T15:21:48","guid":{"rendered":"http:\/\/mersinekonomipolitikagazetesi.com\/?p=1207"},"modified":"2020-11-04T18:21:48","modified_gmt":"2020-11-04T15:21:48","slug":"bozyazida-ebe-ve-hemsirelik-haftasi-kutlandi","status":"publish","type":"post","link":"https:\/\/akdenizolaygazetesi.com\/?p=1207","title":{"rendered":"Bozyaz\u0131&#8217;da Ebe ve Hem\u015firelik Haftas\u0131 kutland\u0131"},"content":{"rendered":"<p>Mersin\u2019in Bozyaz\u0131 il\u00e7esinde, 12-18 May\u0131s Ebe ve Hem\u015firelik Haftas\u0131 kutlamalar\u0131 kapsam\u0131nda, \u00e7al\u0131\u015fan ve emekli personel bir araya geldi.<\/p>\n<p>Bozyaz\u0131 \u00d6\u011fretmenevi&#8217;ndeki etkinli\u011fe \u0130l\u00e7e Sa\u011fl\u0131k M\u00fcd\u00fcrl\u00fc\u011f\u00fc, Toplum Sa\u011fl\u0131\u011f\u0131 Merkezi ve Aile Sa\u011fl\u0131\u011f\u0131 Merkezinde g\u00f6rev yapan ile bu kurumlardan emekli olmu\u015f personel kat\u0131ld\u0131.<br \/>\nBozyaz\u0131 \u0130l\u00e7e Sa\u011fl\u0131k M\u00fcd\u00fcr\u00fc ve Toplum Sa\u011fl\u0131\u011f\u0131 Merkezi Ba\u015fkan\u0131 Ahmet Hakan Ac\u0131, g\u00f6revde bulunan ve emekli olmu\u015f personelin g\u00fcnlerini kutlayarak \u00e7i\u00e7ek takdim etti. Ac\u0131, ebe ve hem\u015firelerin sa\u011fl\u0131k hizmetleri sisteminin vazge\u00e7ilmez unsurlar\u0131ndan biri oldu\u011funu belirterek, &#8220;D\u00fcnyan\u0131n en eski mesleklerinden biri olan ebelik ve hem\u015firelik mesle\u011fi insan sevgisiyle dolu, \u015fefkatle, sab\u0131rla yap\u0131lan kutsal ve onurlu bir meslek. Hepinizin g\u00fcn\u00fc kutlu olsun\u201d dedi.<\/p>\n","protected":false},"excerpt":{"rendered":"<p>Mersin\u2019in Bozyaz\u0131 il\u00e7esinde, 12-18 May\u0131s Ebe ve Hem\u015firelik Haftas\u0131 kutlamalar\u0131 kapsam\u0131nda, \u00e7al\u0131\u015fan ve emekli personel bir araya geldi. Bozyaz\u0131 \u00d6\u011fretmenevi&#8217;ndeki etkinli\u011fe \u0130l\u00e7e Sa\u011fl\u0131k M\u00fcd\u00fcrl\u00fc\u011f\u00fc, Toplum Sa\u011fl\u0131\u011f\u0131 Merkezi ve Aile Sa\u011fl\u0131\u011f\u0131 &hellip; <a href=\"https:\/\/akdenizolaygazetesi.com\/?p=1207\" class=\"more-link\">Devam\u0131n\u0131 Oku&#8230;<\/a><\/p>\n","protected":false},"author":1,"featured_media":0,"comment_status":"open","ping_status":"open","sticky":false,"template":"","format":"standard","meta":[],"categories":[],"tags":[],"_links":{"self":[{"href":"https:\/\/akdenizolaygazetesi.com\/index.php?rest_route=\/wp\/v2\/posts\/1207"}],"collection":[{"href":"https:\/\/akdenizolaygazetesi.com\/index.php?rest_route=\/wp\/v2\/posts"}],"about":[{"href":"https:\/\/akdenizolaygazetesi.com\/index.php?rest_route=\/wp\/v2\/types\/post"}],"author":[{"embeddable":true,"href":"https:\/\/akdenizolaygazetesi.com\/index.php?rest_route=\/wp\/v2\/users\/1"}],"replies":[{"embeddable":true,"href":"https:\/\/akdenizolaygazetesi.com\/index.php?rest_route=%2Fwp%2Fv2%2Fcomments&post=1207"}],"version-history":[{"count":0,"href":"https:\/\/akdenizolaygazetesi.com\/index.php?rest_route=\/wp\/v2\/posts\/1207\/revisions"}],"wp:attachment":[{"href":"https:\/\/akdenizolaygazetesi.com\/index.php?rest_route=%2Fwp%2Fv2%2Fmedia&parent=1207"}],"wp:term":[{"taxonomy":"category","embeddable":true,"href":"https:\/\/akdenizolaygazetesi.com\/index.php?rest_route=%2Fwp%2Fv2%2Fcategories&post=1207"},{"taxonomy":"post_tag","embeddable":true,"href":"https:\/\/akdenizolaygazetesi.com\/index.php?rest_route=%2Fwp%2Fv2%2Ftags&post=1207"}],"curies":[{"name":"wp","href":"https:\/\/api.w.org\/{rel}","templated":true}]}}