{"id":12071,"date":"2021-04-27T12:40:04","date_gmt":"2021-04-27T09:40:04","guid":{"rendered":"http:\/\/akdenizolaygazetesi.com\/?p=12071"},"modified":"2021-04-27T12:40:46","modified_gmt":"2021-04-27T09:40:46","slug":"buyuksehirin-23-nisan-etkinligine-oyun-ve-dans-gosterileri-damga-vurdu","status":"publish","type":"post","link":"https:\/\/akdenizolaygazetesi.com\/?p=12071","title":{"rendered":"B\u00dcY\u00dcK\u015eEH\u0130R\u2019\u0130N 23 N\u0130SAN ETK\u0130NL\u0130\u011e\u0130NE OYUN VE DANS G\u00d6STER\u0130LER\u0130 DAMGA VURDU"},"content":{"rendered":"<p>Mersin B\u00fcy\u00fck\u015fehir Belediyesi, 23 Nisan Ulusal Egemenlik ve \u00c7ocuk Bayram\u0131 dolay\u0131s\u0131yla iki farkl\u0131 ve co\u015fkulu etkinli\u011fe imza att\u0131. \u0130ki etkinli\u011fe de kat\u0131l\u0131p, \u00e7ocuklarla bir araya gelen B\u00fcy\u00fck\u015fehir Belediye Ba\u015fkan\u0131 Vahap Se\u00e7er, ilk olarak Park ve Bah\u00e7eler Dairesi taraf\u0131ndan hayata ge\u00e7irilen \u201cAd\u0131n\u0131 Sen Koy\u201d projesi kapsam\u0131nda ad\u0131n\u0131 minik Yi\u011fit Veli \u00d6zer\u2019in verdi\u011fi \u2018Yenilmezler Kulesi Oyun Park\u0131\u2019n\u0131n a\u00e7\u0131l\u0131\u015f\u0131n\u0131 yapt\u0131. Ba\u015fkan Se\u00e7er, daha sonra Kad\u0131n ve Aile Hizmetleri Dairesi taraf\u0131ndan \u00e7ocuk oyun at\u00f6lyelerinin ve kad\u0131n \u00fcretici stantlar\u0131n\u0131n kuruldu\u011fu etkinli\u011fe kat\u0131ld\u0131.<br \/>\n\u00c7ocuklar g\u00f6n\u00fcllerince e\u011flendi<br \/>\nBa\u015fkan Se\u00e7er\u2019in ziyaret etti\u011fi \u00d6zgecan Aslan Bar\u0131\u015f Meydan\u0131\u2019ndaki etkinlikte, 119 kad\u0131n \u00fcretici 40 stantta bulu\u015furken, \u00e7ocuklar da kendileri i\u00e7in kurulan 6 farkl\u0131 oyun at\u00f6lyesinde \u00f6\u011fretmenleri e\u015fli\u011finde oyunlar oynad\u0131. Ba\u015fkan Se\u00e7er\u2019e etkinlik alan\u0131 ziyaretinde e\u015fi Meral Se\u00e7er ve CHP Mersin Milletvekili Alpay Antmen e\u015flik etti. G\u00fcn boyu renkli sahnelerin ya\u015fand\u0131\u011f\u0131 alanda \u00e7ocuklar g\u00f6n\u00fcllerince e\u011flenirken, art arda sunulan oyun ve dans g\u00f6sterileri 23 Nisan co\u015fkusuna damga vurdu.<br \/>\n\u201cYeni yapt\u0131\u011f\u0131m\u0131z parklara \u00e7ocuklar\u0131m\u0131z\u0131n verdi\u011fi isimleri koyaca\u011f\u0131z\u201d<br \/>\nBa\u015fkan Se\u00e7er, K\u00fclt\u00fcr Park Galatasaray Meydan\u0131\u2019ndaki \u2018Yenilmezler Kulesi Oyun Park\u0131\u2019n\u0131n a\u00e7\u0131l\u0131\u015f\u0131nda yapt\u0131\u011f\u0131 konu\u015fmada, \u00e7ocuklar\u0131n kendilerinden yo\u011fun olarak oyun parklar\u0131 istedi\u011fini, \u00f6zellikle pandemi s\u00fcrecinde a\u00e7\u0131k alanlar\u0131n \u00f6neminin daha da artt\u0131\u011f\u0131n\u0131 s\u00f6yledi. \u00d6zellikle k\u0131rsal mahallelere e\u011fildiklerini ve oyun parklar\u0131n\u0131n k\u0131s\u0131tl\u0131 oldu\u011fu b\u00f6lgeleri \u00f6nceleyerek talep edilen ve uygun bulunan her noktaya \u00e7ocuk oyun parklar\u0131 kurmak istediklerini vurgulayan Se\u00e7er, \u015funlar\u0131 s\u00f6yledi:<br \/>\n\u201cArkada\u015flar\u0131m\u0131z toplam 50 adet oyun park\u0131n\u0131 kentimize kazand\u0131rd\u0131. 2 y\u0131ll\u0131k d\u00f6nemde yo\u011fun \u00e7aba sarf ettiler ama bundan sonra tabi art\u0131rarak devam edece\u011fiz. Ben bir kent y\u00f6neticisi olarak kentimde ya\u015fayan her bireyin kentin y\u00f6netiminde s\u00f6z sahibi olmas\u0131 gerekti\u011fini s\u00f6yl\u00fcyorum ve y\u00f6netim anlay\u0131\u015f\u0131mda da bunu uyguluyorum. Bug\u00fcn burada olma sebebimiz \u2018Ad\u0131n\u0131 Sen Koy\u2019 projesi kapsam\u0131nda bu parka isim verece\u011fiz. Peki bu ismi kim verdi? K\u00fc\u00e7\u00fck Yi\u011fit verdi. Onlarca isim geldi bize, bunlardan uygun olan 50 isim tespit etti arkada\u015flar\u0131m\u0131z. Yeni yapt\u0131\u011f\u0131m\u0131z parklara \u00e7ocuklar\u0131m\u0131z\u0131n verdi\u011fi isimleri koyaca\u011f\u0131z. \u0130\u015fte bu kat\u0131l\u0131mc\u0131l\u0131k \u00f6rne\u011fi. \u00c7ok \u00f6nemli. Demek ki hangi ya\u015fta, hangi \u00e7a\u011fda olursa olsun biz bu kentte \u00e7ocuklar\u0131m\u0131zla, gen\u00e7lerimizle, kad\u0131nlar\u0131m\u0131zla, \u00f6zel insanlar\u0131m\u0131zla, ya\u015fl\u0131lar\u0131m\u0131zla beraber ya\u015f\u0131yoruz. Hangi kesim olursa olsun herkesin bir talebi, bir d\u00fc\u015f\u00fcncesi vard\u0131r. Onlarla beraber kent y\u00f6netirsek daha g\u00fczel bir kent in\u015fa ederiz diye d\u00fc\u015f\u00fcn\u00fcyorum. Demokrasi s\u00f6zde kalmaz \u00f6zde olur, kat\u0131l\u0131mc\u0131l\u0131k s\u00f6zde olmaz \u00f6zde olur. Bu park\u0131n ad\u0131 \u2018Yenilmezler Kulesi\u2019. Bunun da bir isim sahibi var; o da Yi\u011fit.\u201d<br \/>\nMinik Yi\u011fit, \u201cBu park\u0131 \u00e7ok sevdim, bu park\u0131 yapt\u0131\u011f\u0131n\u0131z i\u00e7in te\u015fekk\u00fcr ederim\u201d dedi. Ba\u015fkan Se\u00e7er de \u201cB\u00fcy\u00fcy\u00fcnce sizler de Belediye Ba\u015fkan\u0131 olacaks\u0131n\u0131z. Biz bayra\u011f\u0131 birilerine teslim edece\u011fiz. Onlar da \u00e7ocuklar\u0131m\u0131z, sizler olacaks\u0131n\u0131z\u201d diye konu\u015ftu.<br \/>\n\u201cUlu \u00d6nder, bir as\u0131r \u00f6nce \u00e7ocuklar\u0131m\u0131z\u0131n, karanl\u0131kta bize yol g\u00f6steren \u0131\u015f\u0131klar oldu\u011funu g\u00f6rm\u00fc\u015f\u201d<br \/>\nPark a\u00e7\u0131l\u0131\u015f\u0131n\u0131n ard\u0131ndan 23 Nisan co\u015fkusunun ya\u015fand\u0131\u011f\u0131 \u00d6zgecan Aslan Bar\u0131\u015f Meydan\u0131\u2019n\u0131 ziyaret eden Ba\u015fkan Se\u00e7er, \u201cBayram\u0131n\u0131z kutlu olsun \u00e7ocuklar\u201d vurgusuyla konu\u015fmas\u0131na ba\u015flad\u0131. Se\u00e7er, \u201cHer \u015feye ra\u011fmen bayram tad\u0131nda kutlayal\u0131m bug\u00fcn\u00fc. \u00c7ocuklar\u0131m\u0131z\u0131n en mutlu g\u00fcnlerinden biri. Ulu \u00d6nder Mustafa Kemal Atat\u00fcrk sadece bizim \u00e7ocuklar\u0131m\u0131za de\u011fil, t\u00fcm d\u00fcnya \u00e7ocuklar\u0131na arma\u011fan etmi\u015f. Ulu \u00d6nder, bir as\u0131r \u00f6nce \u00e7ocuklar\u0131m\u0131z\u0131n, gelece\u011fimizin g\u00fcvencesi oldu\u011funu, onlar\u0131n karanl\u0131kta bize yol g\u00f6steren \u0131\u015f\u0131klar oldu\u011funu g\u00f6rm\u00fc\u015f. Rahmetle, \u015f\u00fckranla, sayg\u0131yla an\u0131yoruz Ulu \u00d6nder Atat\u00fcrk\u2019\u00fcm\u00fcz\u00fc. Atat\u00fcrk\u2019\u00fcm\u00fcz\u00fc seviyoruz, say\u0131yoruz. Atat\u00fcrk\u2019\u00fcm\u00fcz\u00fcn izinden gidiyoruz, gitmeye de devam edece\u011fiz\u201d dedi.<br \/>\nUlu \u00d6nder Mustafa Kemal Atat\u00fck\u2019\u00fcn g\u00f6r\u00fc\u015fleri do\u011frultusunda \u00e7al\u0131\u015fmaya devam edeceklerini ifade eden Se\u00e7er, \u201cG\u00fczel \u015feyler olacak \u00e7\u00fcnk\u00fc g\u00fczel \u015feyler oluyor. \u00c7ok daha g\u00fczel \u015feyler olacak. Mersin\u2019imiz cennetten bir k\u00f6\u015fe. Allah her \u015feyi vermi\u015f. Do\u011fas\u0131, insan\u0131, tarihi, k\u00fclt\u00fcr\u00fc bir\u00e7ok zenginli\u011fimiz var. Her \u015feyden \u00f6nemlisi bu kentte huzur var. Bu kent bar\u0131\u015f kenti, bu kent karde\u015flik kenti, bu kent g\u00fclen kent. Bunu inad\u0131na sadece T\u00fcrkiye\u2019ye de\u011fil t\u00fcm d\u00fcnyaya g\u00f6stermemiz laz\u0131m\u201d diye konu\u015ftu.<br \/>\n\u201c\u00c7ocuklar\u0131n daha g\u00fczel bir Mersin\u2019de ya\u015famalar\u0131 i\u00e7in \u00e7aba g\u00f6steriyoruz\u201d<br \/>\n\u00c7ocuklar\u0131n daha g\u00fczel bir Mersin\u2019de ya\u015fayabilmeleri ad\u0131na B\u00fcy\u00fck\u015fehir Belediyesi olarak \u00e7al\u0131\u015ft\u0131klar\u0131n\u0131 belirten Ba\u015fkan Se\u00e7er, \u015f\u00f6yle devam etti:<br \/>\n\u201c\u00c7ocuklar\u0131m\u0131z bizim her \u015feyimiz, bizim gelece\u011fimiz, bizim g\u00fcvencemiz. Onlar i\u00e7in her \u015feyi yap\u0131yoruz, yapmaya da devam edece\u011fiz. \u00c7ocuklar\u0131m\u0131z burada. Hepsinin g\u00f6zlerinin i\u00e7i g\u00fcl\u00fcyor. Belediye\u2019de beni ziyaret eden k\u00fc\u00e7\u00fck dostlar\u0131m oldu bug\u00fcn. Her biri koltu\u011fa oturdu, gelece\u011fin ba\u015fkanlar\u0131. Hani biz de bir d\u00f6nem \u00e7ocuktuk, b\u00fcy\u00fcd\u00fck kenti idare ediyoruz. Biz o bayra\u011f\u0131 onlara teslim edece\u011fiz. Bug\u00fcn\u00fcn k\u00fc\u00e7\u00fckleri, bug\u00fcn\u00fcn \u00e7ocuklar\u0131 gelece\u011fin b\u00fcy\u00fckleri. Gelecekte \u00fclkeyi y\u00f6netecekler ama biz onlara \u015funlar\u0131 dedirtmeliyiz: \u2018Biz dedelerimizle gurur duyuyoruz\u2019 demeliler. \u2018Biz babalar\u0131m\u0131zla, annelerimizle, b\u00fcy\u00fckannelerimizle gurur duyuyoruz, atalar\u0131m\u0131zla gurur duyuyoruz\u2019 demeliler. Onlara \u00f6yle bir \u00fclke b\u0131rakal\u0131m ki bunlar\u0131 \u00e7ocuklar\u0131m\u0131z onlarca y\u0131l sonra s\u00f6yleyebilsin. Onlar\u0131n daha g\u00fczel bir Mersin\u2019de ya\u015famalar\u0131 i\u00e7in belediye olarak \u00e7aba g\u00f6steriyoruz, g\u00f6stermeye de devam edece\u011fiz.\u201d<br \/>\n\u201cBizler \u00e7ocuklar\u0131m\u0131za temiz bir \u00e7evre vermek zorunday\u0131z\u201d<br \/>\nBa\u015fkan Se\u00e7er, \u00e7ocuklar\u0131n kendilerinden park, ye\u015fil alan ve oyun alanlar\u0131 istedi\u011fini belirterek, \u201c\u00c7ocuklar\u0131m\u0131z temiz bir \u00e7evre istiyor, p\u0131r\u0131l p\u0131r\u0131l sokaklarda y\u00fcr\u00fcmek, p\u0131r\u0131l p\u0131r\u0131l parklarda oyun oynamak istiyorlar. Bizler onlara temiz bir \u00e7evre vermek zorunday\u0131z. Bizler belediye olarak \u00e7evreyi temiz tutarken, ebeveynler de buna dikkat etmek zorunda. \u0130yi, modern bir e\u011fitim, s\u0131cak bir yuva, mutlu aileler istiyorlar. \u00c7ocuklar ister, \u00e7ocuklar\u0131n da hakk\u0131d\u0131r. Bunlar\u0131 vermek de bizlerin g\u00f6revidir. Anne olarak, baba olarak, y\u00f6neticiler olarak, devlet olarak bu imk\u00e2nlar\u0131 sa\u011flamak bizlerin g\u00f6revidir. Her \u015feyi beraber, elbirli\u011fiyle yapaca\u011f\u0131z. Birli\u011fimizin, beraberli\u011fimizin daim oldu\u011fu yerde mutluluk olur, ba\u015far\u0131 olur. Ba\u015fkan\u0131n\u0131z olarak bunu can\u0131 g\u00f6n\u00fclden s\u00f6yl\u00fcyorum. Hepimiz biriz, beraberiz. Hepinizi \u00e7ok seviyorum. Bayram\u0131n\u0131z kutlu olsun. Hepinizi sevgiyle kucakl\u0131yorum\u201d dedi.<br \/>\nCHP Mersin Milletvekili Alpay Antmen, Ulu \u00d6nder Atat\u00fcrk\u2019\u00fcn 23 Nisan\u2019\u0131 arma\u011fan etti\u011fi \u00e7ocuklar\u0131n bayram\u0131n\u0131 kutlayarak, \u201cPandemiden sonra daha g\u00fczel yar\u0131nlarda daha g\u00fczel \u015fekilde Mersin B\u00fcy\u00fck\u015fehir Belediyemiz ile kutlayaca\u011f\u0131m\u0131z bayramlara sevgi ve sayg\u0131yla ula\u015faca\u011f\u0131z\u201d diye konu\u015ftu.<\/p>\n","protected":false},"excerpt":{"rendered":"<p>Mersin B\u00fcy\u00fck\u015fehir Belediyesi, 23 Nisan Ulusal Egemenlik ve \u00c7ocuk Bayram\u0131 dolay\u0131s\u0131yla iki farkl\u0131 ve co\u015fkulu etkinli\u011fe imza att\u0131. \u0130ki etkinli\u011fe de kat\u0131l\u0131p, \u00e7ocuklarla bir araya gelen B\u00fcy\u00fck\u015fehir Belediye Ba\u015fkan\u0131 Vahap &hellip; <a href=\"https:\/\/akdenizolaygazetesi.com\/?p=12071\" class=\"more-link\">Devam\u0131n\u0131 Oku&#8230;<\/a><\/p>\n","protected":false},"author":2,"featured_media":12073,"comment_status":"open","ping_status":"open","sticky":false,"template":"","format":"standard","meta":[],"categories":[34,1,2,3,5],"tags":[],"_links":{"self":[{"href":"https:\/\/akdenizolaygazetesi.com\/index.php?rest_route=\/wp\/v2\/posts\/12071"}],"collection":[{"href":"https:\/\/akdenizolaygazetesi.com\/index.php?rest_route=\/wp\/v2\/posts"}],"about":[{"href":"https:\/\/akdenizolaygazetesi.com\/index.php?rest_route=\/wp\/v2\/types\/post"}],"author":[{"embeddable":true,"href":"https:\/\/akdenizolaygazetesi.com\/index.php?rest_route=\/wp\/v2\/users\/2"}],"replies":[{"embeddable":true,"href":"https:\/\/akdenizolaygazetesi.com\/index.php?rest_route=%2Fwp%2Fv2%2Fcomments&post=12071"}],"version-history":[{"count":2,"href":"https:\/\/akdenizolaygazetesi.com\/index.php?rest_route=\/wp\/v2\/posts\/12071\/revisions"}],"predecessor-version":[{"id":12074,"href":"https:\/\/akdenizolaygazetesi.com\/index.php?rest_route=\/wp\/v2\/posts\/12071\/revisions\/12074"}],"wp:featuredmedia":[{"embeddable":true,"href":"https:\/\/akdenizolaygazetesi.com\/index.php?rest_route=\/wp\/v2\/media\/12073"}],"wp:attachment":[{"href":"https:\/\/akdenizolaygazetesi.com\/index.php?rest_route=%2Fwp%2Fv2%2Fmedia&parent=12071"}],"wp:term":[{"taxonomy":"category","embeddable":true,"href":"https:\/\/akdenizolaygazetesi.com\/index.php?rest_route=%2Fwp%2Fv2%2Fcategories&post=12071"},{"taxonomy":"post_tag","embeddable":true,"href":"https:\/\/akdenizolaygazetesi.com\/index.php?rest_route=%2Fwp%2Fv2%2Ftags&post=12071"}],"curies":[{"name":"wp","href":"https:\/\/api.w.org\/{rel}","templated":true}]}}