{"id":12075,"date":"2021-04-27T12:42:26","date_gmt":"2021-04-27T09:42:26","guid":{"rendered":"http:\/\/akdenizolaygazetesi.com\/?p=12075"},"modified":"2021-04-27T12:43:10","modified_gmt":"2021-04-27T09:43:10","slug":"akdeniz-belediyesinden-odullu-fotograf-yarismasi","status":"publish","type":"post","link":"https:\/\/akdenizolaygazetesi.com\/?p=12075","title":{"rendered":"AKDEN\u0130Z BELED\u0130YES\u0130\u2019NDEN \u00d6D\u00dcLL\u00dc FOTO\u011eRAF YARI\u015eMASI"},"content":{"rendered":"<p>Akdeniz Belediyesi; il\u00e7enin tan\u0131t\u0131m\u0131na katk\u0131 sa\u011flamak ve sakl\u0131 kalm\u0131\u015f g\u00fczelliklerini ortaya \u00e7\u0131karmak amac\u0131yla foto\u011fraf yar\u0131\u015fmas\u0131 d\u00fczenliyor. \u201cAkdeniz\u2019de Ya\u015fam\u201d konulu \u00f6d\u00fcll\u00fc foto\u011fraf yar\u0131\u015fmas\u0131na son kat\u0131l\u0131m tarihi 25 May\u0131s 2021.<br \/>\nYar\u0131\u015fma kapsam\u0131nda yap\u0131lacak j\u00fcri de\u011ferlendirmesi sonucunda, birinci gelen foto\u011fraf sahibine 3 bin TL; ikinciye 2 bin TL; \u00fc\u00e7\u00fcnc\u00fcye de bin TL \u00f6d\u00fcl verilecek. K\u00fclt\u00fcr ve Sosyal \u0130\u015fler M\u00fcd\u00fcrl\u00fc\u011f\u00fc organizesinde d\u00fczenlenen yar\u0131\u015fmaya kat\u0131lmak isteyenler, de\u011ferlendirmeye al\u0131nmas\u0131n\u0131 istedikleri foto\u011fraflar\u0131n\u0131; \u201ckultursosyal@akdeniz.bel.tr\u201d adresine yollayabilir veya (05369686560) numaral\u0131 telefon ile whatsapp \u00fczerinden g\u00f6nderebilir.<br \/>\nYap\u0131lacak j\u00fcri de\u011ferlendirmesinin ard\u0131ndan da dereceye giren foto\u011fraflar ve sahiplerinin kat\u0131laca\u011f\u0131 \u00f6d\u00fcl t\u00f6reni ve sergisi ise 29 May\u0131s 2021 tarihinde d\u00fczenlenecek. De\u011ferlendirmeye g\u00f6nderilecek foto\u011fraf\u0131n, Akdeniz il\u00e7esi s\u0131n\u0131rlar\u0131 i\u00e7erisinde \u00e7ekilmesi \u015fart\u0131yla, yar\u0131\u015fmaya, Mersin\u2019in her yerinden kat\u0131l\u0131m sa\u011flanabilir.<br \/>\nBa\u015fkan G\u00fcltak; \u201cYar\u0131\u015fmaya herkes davetli\u201d<br \/>\nAkdeniz Belediye Ba\u015fkan\u0131 M. Mustafa G\u00fcltak, yapt\u0131\u011f\u0131 a\u00e7\u0131klamada, yar\u0131\u015fman\u0131n herkese a\u00e7\u0131k oldu\u011funu belirterek kat\u0131l\u0131m \u00e7a\u011fr\u0131s\u0131 yapt\u0131. Ba\u015fkan G\u00fcltak, \u201cAmac\u0131m\u0131z, Akdeniz il\u00e7emizin tan\u0131t\u0131m\u0131na katk\u0131 sa\u011flamakla birlikte; bug\u00fcne dek g\u00fcn y\u00fcz\u00fcne pek \u00e7\u0131kmayan sakl\u0131 g\u00fczelliklerini ortaya \u00e7\u0131karmak, b\u00f6ylelikle il\u00e7emize ait bir zengin bir ar\u015fiv olu\u015fturmakt\u0131r. Akdeniz\u2019in tarihi, k\u00fclt\u00fcrel ve do\u011fal zenginliklerini ortaya \u00e7\u0131karacak yar\u0131\u015fmaya t\u00fcm foto\u011fraf sanat\u00e7\u0131lar\u0131 ve amat\u00f6r foto\u011fraf\u00e7\u0131l\u0131kla u\u011fra\u015fan herkes davetlidir. Yar\u0131\u015fmaya kat\u0131lacak vatanda\u015flar\u0131m\u0131za \u015fimdiden te\u015fekk\u00fcr eder ve ba\u015far\u0131lar dilerim\u201d dedi.<\/p>\n","protected":false},"excerpt":{"rendered":"<p>Akdeniz Belediyesi; il\u00e7enin tan\u0131t\u0131m\u0131na katk\u0131 sa\u011flamak ve sakl\u0131 kalm\u0131\u015f g\u00fczelliklerini ortaya \u00e7\u0131karmak amac\u0131yla foto\u011fraf yar\u0131\u015fmas\u0131 d\u00fczenliyor. \u201cAkdeniz\u2019de Ya\u015fam\u201d konulu \u00f6d\u00fcll\u00fc foto\u011fraf yar\u0131\u015fmas\u0131na son kat\u0131l\u0131m tarihi 25 May\u0131s 2021. Yar\u0131\u015fma kapsam\u0131nda &hellip; <a href=\"https:\/\/akdenizolaygazetesi.com\/?p=12075\" class=\"more-link\">Devam\u0131n\u0131 Oku&#8230;<\/a><\/p>\n","protected":false},"author":2,"featured_media":12077,"comment_status":"open","ping_status":"open","sticky":false,"template":"","format":"standard","meta":[],"categories":[1,2,3,5],"tags":[],"_links":{"self":[{"href":"https:\/\/akdenizolaygazetesi.com\/index.php?rest_route=\/wp\/v2\/posts\/12075"}],"collection":[{"href":"https:\/\/akdenizolaygazetesi.com\/index.php?rest_route=\/wp\/v2\/posts"}],"about":[{"href":"https:\/\/akdenizolaygazetesi.com\/index.php?rest_route=\/wp\/v2\/types\/post"}],"author":[{"embeddable":true,"href":"https:\/\/akdenizolaygazetesi.com\/index.php?rest_route=\/wp\/v2\/users\/2"}],"replies":[{"embeddable":true,"href":"https:\/\/akdenizolaygazetesi.com\/index.php?rest_route=%2Fwp%2Fv2%2Fcomments&post=12075"}],"version-history":[{"count":2,"href":"https:\/\/akdenizolaygazetesi.com\/index.php?rest_route=\/wp\/v2\/posts\/12075\/revisions"}],"predecessor-version":[{"id":12078,"href":"https:\/\/akdenizolaygazetesi.com\/index.php?rest_route=\/wp\/v2\/posts\/12075\/revisions\/12078"}],"wp:featuredmedia":[{"embeddable":true,"href":"https:\/\/akdenizolaygazetesi.com\/index.php?rest_route=\/wp\/v2\/media\/12077"}],"wp:attachment":[{"href":"https:\/\/akdenizolaygazetesi.com\/index.php?rest_route=%2Fwp%2Fv2%2Fmedia&parent=12075"}],"wp:term":[{"taxonomy":"category","embeddable":true,"href":"https:\/\/akdenizolaygazetesi.com\/index.php?rest_route=%2Fwp%2Fv2%2Fcategories&post=12075"},{"taxonomy":"post_tag","embeddable":true,"href":"https:\/\/akdenizolaygazetesi.com\/index.php?rest_route=%2Fwp%2Fv2%2Ftags&post=12075"}],"curies":[{"name":"wp","href":"https:\/\/api.w.org\/{rel}","templated":true}]}}