{"id":12086,"date":"2021-04-28T10:51:11","date_gmt":"2021-04-28T07:51:11","guid":{"rendered":"http:\/\/akdenizolaygazetesi.com\/?p=12086"},"modified":"2021-04-28T10:53:15","modified_gmt":"2021-04-28T07:53:15","slug":"mersin-buyuksehir-ureticinin-talebini-yanitsiz-birakmiyor","status":"publish","type":"post","link":"https:\/\/akdenizolaygazetesi.com\/?p=12086","title":{"rendered":"MERS\u0130N B\u00dcY\u00dcK\u015eEH\u0130R, \u00dcRET\u0130C\u0130N\u0130N TALEB\u0130N\u0130 YANITSIZ BIRAKMIYOR"},"content":{"rendered":"<p>Mersin B\u00fcy\u00fck\u015fehir Belediyesi, kentteki tar\u0131m \u00fcretimini art\u0131rmak ve k\u00fc\u00e7\u00fck \u00fcreticiye ekonomik kazan\u00e7 sa\u011flamak i\u00e7in bu y\u0131l da fide, fidan ve ekipman deste\u011fi ile \u00fcreticinin y\u00fcz\u00fcn\u00fc g\u00fcld\u00fcr\u00fcyor.  Mersin B\u00fcy\u00fck\u015fehir Belediye Ba\u015fkan\u0131 Vahap Se\u00e7er\u2019in de kat\u0131l\u0131m\u0131yla Silifke il\u00e7esinin y\u00fcksek rak\u0131ml\u0131 \u00c7alt\u0131bozk\u0131r Mahallesi\u2019ndeki \u00fcreticilere 990 adet al\u0131\u00e7 fidan\u0131 ve 40 bin adet lavanta fidesi da\u011f\u0131t\u0131ld\u0131. \u00c7evre mahallelerdeki \u00fcreticilerle birlikte \u00fcretilen \u00fcr\u00fcnlerin ya\u011f\u0131n\u0131 almak i\u00e7in de 1 adet distilasyon makinesi teslim edildi. T\u00f6renin ard\u0131ndan Ba\u015fkan Se\u00e7er, Silifke il\u00e7esine ba\u011fl\u0131 Saya\u011fz\u0131 Mahallesi\u2019ndeki pazar yerini ziyaret ederek, esnafa \u2018hay\u0131rl\u0131 i\u015fler\u2019 diledi.<\/p>\n<p>\u201cSizlerin \u00f6nerilerinden feyz al\u0131yoruz ve \u00e7al\u0131\u015fmalar\u0131m\u0131z\u0131 o y\u00f6nde geli\u015ftiriyoruz\u201d<\/p>\n<p>B\u00fcy\u00fck\u015fehir Belediyesi Tar\u0131msal ve Veterinerlik Hizmetleri Dairesi\u2019nin \u00f6nc\u00fcl\u00fc\u011f\u00fcnde y\u00fcr\u00fct\u00fclen destekler kapsam\u0131nda fide, fidan ve distilasyon makinesi deste\u011fi i\u00e7in \u00c7alt\u0131bozk\u0131r Mahallesi\u2019nde t\u00f6ren d\u00fczenlendi. T\u00f6rende konu\u015fan Ba\u015fkan Se\u00e7er, tar\u0131m\u0131n her koluna destek verdiklerini, \u00fcreticinin taleplerini kar\u015f\u0131lamaya devam edeceklerini s\u00f6yledi. \u00dcreticilerin taleplerini dikkate ald\u0131klar\u0131n\u0131 belirten Se\u00e7er, \u201cHalkla i\u00e7 i\u00e7e olmak istiyoruz. Daha ak\u0131lc\u0131, daha etkin, daha sonu\u00e7 al\u0131c\u0131 hizmetler yapal\u0131m istiyoruz. Sizlerle beraber oldu\u011fumuz zaman da sizlerin yapt\u0131\u011f\u0131 \u00e7al\u0131\u015fmalardan esinleniyoruz. Sizlerin \u00f6nerilerinden bizler de feyz al\u0131yoruz ve \u00e7al\u0131\u015fmalar\u0131m\u0131z\u0131 o y\u00f6nde geli\u015ftiriyoruz\u201d dedi.<\/p>\n<p>\u201cMersin, \u00e7ok \u00f6nemli tar\u0131msal potansiyele sahip\u201d<\/p>\n<p>T\u00fcrkiye\u2019de ve t\u00fcm d\u00fcnyada son zamanlarda pandemi ile beraber tar\u0131m\u0131n \u00f6neminin net bir \u015fekilde anla\u015f\u0131ld\u0131\u011f\u0131n\u0131 s\u00f6zlerine ekleyen Ba\u015fkan Se\u00e7er, \u201cMersin, \u00e7ok \u00f6nemli bir tar\u0131msal potansiyele sahip. Belediye olarak g\u00f6reve geldi\u011fimiz g\u00fcnden bu yana tar\u0131m\u0131n her koluna destek vermek istiyoruz ve imk\u00e2nlar\u0131m\u0131z \u00f6l\u00e7\u00fcs\u00fcnde hatta imk\u00e2nlar\u0131m\u0131z\u0131 azami kullanarak bunlar\u0131 da ger\u00e7ekle\u015ftiriyoruz\u201d diye konu\u015ftu. Ba\u015fkan Se\u00e7er, \u2018Haydi Gel K\u00f6y\u00fcm\u00fcze Destek Verelim Projesi\u2019nin detaylar\u0131n\u0131 kat\u0131l\u0131mc\u0131larla payla\u015f\u0131rken, ge\u00e7ti\u011fimiz g\u00fcnlerde ba\u015flat\u0131lan \u201cKazan\u00e7 Projesi\u201dni ve ar\u0131 \u00fcreticilerine verilen destekleri de anlatt\u0131.<\/p>\n<p>\u201c\u00dcretici ona bir bedel \u00f6desin, o fidan\u0131n bir de\u011feri olsun. Biz de katk\u0131 sunal\u0131m\u201d<\/p>\n<p>Ge\u00e7ti\u011fimiz y\u0131l ger\u00e7ekle\u015ftirilen ve bu y\u0131l s\u00fcrd\u00fcr\u00fclecek olan fide, fidan ve tohum desteklerini de anlatan Ba\u015fkan Se\u00e7er, \u015funlar\u0131 s\u00f6yledi:<\/p>\n<p>\u201cBug\u00fcn de oldu\u011fu gibi fide, fidan tohumu desteklerimiz devam ediyor. Badem fidan\u0131 da\u011f\u0131t\u0131m\u0131m\u0131z\u0131 bu y\u0131l ger\u00e7ekle\u015ftirece\u011fiz 15 bin adet, yine ceviz fidan\u0131 20 bin adet bu y\u0131l i\u00e7in. Avokado fidan\u0131 4 bin adet. Al\u0131\u00e7 fidan\u0131, bug\u00fcn siftah\u0131 burada yap\u0131yoruz 1868 adet. Bunlar\u0131n tamam\u0131 % 50 bizim taraf\u0131m\u0131zdan, % 50 \u00fcretici taraf\u0131ndan kar\u015f\u0131lan\u0131yor. Bu \u00f6nemlidir, bir imecedir, bir yard\u0131mla\u015fmad\u0131r, bir de\u011fer bilmedir. \u00dcretici ona bir bedel \u00f6desin, o fidan\u0131n bir de\u011feri olsun. Biz de katk\u0131 sunal\u0131m. Onun girdilerine yard\u0131mc\u0131 olal\u0131m, bir k\u0131sm\u0131n\u0131 biz \u00f6deyelim. B\u00f6yle daha de\u011ferli diye d\u00fc\u015f\u00fcn\u00fcyorum. Lavanta fidesi bug\u00fcn yine burada da\u011f\u0131t\u0131m\u0131n\u0131 ger\u00e7ekle\u015ftirece\u011fiz, siftah\u0131n\u0131 yapaca\u011f\u0131z. Bu y\u0131l i\u00e7in 250 bin adet tasarland\u0131. Ge\u00e7en y\u0131l 100 bin adet da\u011f\u0131t\u0131lm\u0131\u015ft\u0131.  Kantaron fidesi da\u011f\u0131t\u0131m\u0131m\u0131z oldu. %100 hibeli 124 bin adet 62 \u00fcreticimize. Yine \u00e7ilek fidesi da\u011f\u0131t\u0131m\u0131m\u0131z % 50 hibeli toplamda 500 bin adet \u00e7ilek fidesi da\u011f\u0131t\u0131m\u0131 ger\u00e7ekle\u015fecek. Yine nergis so\u011fan\u0131 da\u011f\u0131t\u0131m\u0131m\u0131z bu y\u0131l i\u00e7erisinde ger\u00e7ekle\u015fecek.\u201d<\/p>\n<p>Silifke Baland\u0131z\u2019da ata tohumu olarak ger\u00e7ekle\u015ftirilen sar\u0131 bu\u011fday projesini bu y\u0131l G\u00fclnar nohutu ile devam ettireceklerini s\u00f6zlerine ekleyen Se\u00e7er, \u201cG\u00fclnar\u2019da bu y\u0131l yine ata tohum nohut \u00fcretimini de ba\u015flatt\u0131k.  34 \u00fcreticiye 170 dekar alanda 2 bin 40 kilogram ata tohum nohut deste\u011fi sa\u011flam\u0131\u015f olduk\u201d ifadeleri ile projeyi anlatt\u0131.<\/p>\n<p>Ekipman destekleri devam edecek<\/p>\n<p>Ba\u015fkan Se\u00e7er, alet-ekipman destekleri kapsam\u0131nda hamur yo\u011furma makinesi deste\u011fine devam edilece\u011fini s\u00f6yleyerek, hamur yo\u011furma makinas\u0131 da\u011f\u0131t\u0131m\u0131 ger\u00e7ekle\u015ftireceklerini s\u00f6yledi. Se\u00e7er, \u201cZeytin boylama makinas\u0131, erik boylama makinas\u0131 bu y\u0131l da projeksiyonumuzda var. Ge\u00e7en y\u0131l da bizden talep eden kooperatiflere da\u011f\u0131t\u0131m\u0131n\u0131 yapm\u0131\u015ft\u0131k, bu y\u0131l da bu da\u011f\u0131t\u0131mlar devam edecek. Mezitli, Yeni\u015fehir, Tarsus\u2019ta toplamda 3 adet Bal Evi deste\u011fi sa\u011flanacak. Ar\u0131c\u0131l\u0131kla u\u011fra\u015fan yurtta\u015flar\u0131m\u0131z\u0131n \u00fcr\u00fcnlerinin sat\u0131\u015f\u0131n\u0131n ger\u00e7ekle\u015fece\u011fi Bal Evleri belediyemizce bu \u00fc\u00e7 il\u00e7emizde kurulacak. Yine b\u00fcy\u00fckba\u015f hayvan yeti\u015ftiricilerine kaba yem deste\u011fimiz bu y\u0131l ger\u00e7ekle\u015ftirilecek\u201d dedi.<\/p>\n<p>\u201c\u00d6rt\u00fc alt\u0131 \u00fcreticilerimize toplamda 12 ton sera ipi deste\u011fi sa\u011flayaca\u011f\u0131z\u201d<\/p>\n<p>Ba\u015fkan Se\u00e7er, \u00fcz\u00fcm s\u0131kma makinas\u0131n\u0131n son g\u00fcnlerde yo\u011fun talep g\u00f6rd\u00fc\u011f\u00fcn\u00fc ve bu y\u0131l kooperatifler arac\u0131l\u0131\u011f\u0131yla toplam 5 adet makinan\u0131n \u00fcreticilerle bulu\u015fturulaca\u011f\u0131n\u0131 vurgulad\u0131.  Se\u00e7er, bu y\u0131l 600 litrelik mikrobiyal g\u00fcbre deste\u011finin olaca\u011f\u0131n\u0131 ve sonraki y\u0131llarda da devam edece\u011fini ifade ederek, \u201c\u00d6rt\u00fc alt\u0131 \u00fcreticiler i\u00e7in bu y\u0131l ba\u015flataca\u011f\u0131m\u0131z sera naylonu deste\u011fine devam edece\u011fiz. \u00d6rt\u00fc alt\u0131 domates ve biber \u00fcreticilerimize toplamda 12 ton sera ipi deste\u011fi sa\u011flayaca\u011f\u0131z. Bu % 100 hibeli olacak ve 800 \u00fcreticimiz sera ipi deste\u011finden yararlanacak. \u00c7ok daha yeni projelerle \u00f6n\u00fcm\u00fczdeki y\u0131llarda Mersinli hem\u015fehrilerimizi desteklemeye devam edece\u011fiz\u201d diye konu\u015ftu.<\/p>\n<p>\u201c100 \u00fcreticimiz organik \u00fcretim e\u011fitimini alacaklar sonra sertifika edinecekler\u201d<\/p>\n<p>B\u00fcy\u00fck\u015fehir\u2019in y\u00fcr\u00fctt\u00fc\u011f\u00fc \u00f6nemli projelerden de tek tek bahseden Ba\u015fkan Se\u00e7er, bu y\u0131l ba\u015flat\u0131lacak olan organik tar\u0131m projesi hakk\u0131nda da bilgi verdi. Se\u00e7er, \u201cProje kapsam\u0131nda toplamda 100 \u00fcreticimiz organik \u00fcretim e\u011fitimini alacaklar, sonra sertifika edinecekler. Bunlar\u0131n mali giderleri belediyemizce kar\u015f\u0131lanacak. Amac\u0131m\u0131z organik tar\u0131m\u0131 y\u00f6remizde art\u0131rmak. Ne kadar katma de\u011feri y\u00fcksek \u00fcretimi art\u0131r\u0131rsak, bu tip \u00fcr\u00fcnleri yeti\u015ftirirsek, \u00fcretirsek, d\u00fcnya pazarlar\u0131nda rekabet etme \u015fans\u0131m\u0131z olur. Daha kaliteli, daha y\u00fcksek verimli, daha fiyatlar\u0131, pazar de\u011ferleri y\u00fcksek \u00fcr\u00fcnler yeti\u015ftirirsek \u00fclkemizin tar\u0131msal gelirine de o derece y\u00fcksek oranda katk\u0131 sunmu\u015f oluruz\u201d ifadelerine yer verdi.<\/p>\n<p>\u201c\u00dcretici \u00fcretsin, Mersinli \u00fcretsin, biz yanlar\u0131nday\u0131z\u201d<\/p>\n<p>Ba\u015fkan Se\u00e7er, sezonun ilk fidan da\u011f\u0131t\u0131mlar\u0131n\u0131 Silifke \u00c7alt\u0131bozk\u0131r\u2019dan ba\u015flatt\u0131klar\u0131n\u0131 vurgulayarak, \u015f\u00f6yle devam etti:<\/p>\n<p>\u201cGe\u00e7en y\u0131l yine burada yapt\u0131\u011f\u0131m\u0131z lavanta fidan\u0131 da\u011f\u0131t\u0131m\u0131n\u0131n miktar\u0131n\u0131 art\u0131rarak buradan ba\u015flataca\u011f\u0131z. Al\u0131\u00e7 sofralar\u0131 yeni yeni s\u00fcsleyen bir g\u00fczel meyve. \u00c7ok toprak aram\u0131yor. Daha \u00e7ok k\u0131ra\u00e7 arazilerde yeti\u015fiyor. Katma de\u011feri y\u00fcksek bir \u00fcr\u00fcn. Son zamanlarda \u00f6zellikle bunlar\u0131 turistik restoranlarda g\u00f6rmeniz m\u00fcmk\u00fcn. G\u00fclnar\u2019da ve Silifke\u2019de al\u0131\u00e7 fidan\u0131n\u0131 planlad\u0131k. 1868 adet ama bunun \u00e7o\u011funlu\u011fu Silifke\u2019de hatta \u00c7alt\u0131bozk\u0131r\u2019da. 990 adet \u00c7alt\u0131bozk\u0131r\u2019da, Yenimahalle\u2019de 200 adet. Kalan 678 fidan da G\u00fclnar\u2019da 12 mahallemizde \u00fcreticilerimize teslim edilecek. % 50 hibeli olacak ama gelecek y\u0131l talep artacak eminim. Biz de bu talebe kar\u015f\u0131l\u0131k deste\u011fimizi art\u0131rarak s\u00fcrd\u00fcrece\u011fiz. \u00dcretici \u00fcretsin, Mersinli \u00fcretsin, kad\u0131nlar\u0131m\u0131z \u00fcretsin. Biz yanlar\u0131nday\u0131z. Samimi olarak \u00e7aba g\u00f6stersinler. Biz bu i\u015fleri samimi olarak yap\u0131yoruz. Mersin B\u00fcy\u00fck\u015fehir Belediyesi tar\u0131ma destek veriyor, iki foto\u011fraf \u00e7ekip, bunu haber konusu yap\u0131p, di\u011fer tarafta halk\u0131 kand\u0131rmak gibi bir amac\u0131m\u0131z yok. Biz vatanda\u015flar\u0131m\u0131z\u0131n vergileriyle sizlere aktard\u0131\u011f\u0131m\u0131z her kuru\u015fun \u00e7ok de\u011ferli oldu\u011funu biliyoruz. Bu bizim a\u00e7\u0131m\u0131zdan \u00e7ok \u00f6nemli bir emanet onun i\u00e7in bin d\u00fc\u015f\u00fcn\u00fcp bir harc\u0131yoruz.\u201d<\/p>\n<p>\u201cAtt\u0131\u011f\u0131m\u0131z ta\u015f, \u00fcrk\u00fctt\u00fc\u011f\u00fcm\u00fcz ku\u015fa de\u011fiyor\u201d<\/p>\n<p>B\u00fcy\u00fck\u015fehir Belediyesi\u2019nin bu y\u0131l 250 bin adet lavanta fidesi da\u011f\u0131taca\u011f\u0131n\u0131 s\u00f6yleyen Ba\u015fkan Se\u00e7er, ya\u011f \u00fcretimi i\u00e7in vatanda\u015flardan gelen distilasyon makinesi talebine de hi\u00e7 d\u00fc\u015f\u00fcnmeden olumlu yan\u0131t verdiklerini s\u00f6yledi. Ba\u015fkan Se\u00e7er, B\u00fcy\u00fck\u015fehir\u2019in lavanta fidesi deste\u011fine b\u00fcy\u00fck ilgi oldu\u011funu ve bu y\u0131l Silifke\u2019den \u00f6nemli bir sipari\u015f ald\u0131klar\u0131n\u0131 belirterek, \u201cToplamda 80 bin adet lavanta fidesi da\u011f\u0131lacak buraya. Geri kalan di\u011fer il\u00e7elerimiz, burada bir\u00e7ok il\u00e7emizden lavanta fidesi i\u00e7in sipari\u015fler al\u0131nm\u0131\u015f. Anamur, Bozyaz\u0131, Ayd\u0131nc\u0131k, G\u00fclnar, Mut, Silifke, Erdemli, Tarsus, Toroslar, \u00c7aml\u0131yayla, Yeni\u015fehir, Mezitli. Her taraftan talep var. Demek ki ilgi var. Demek ki yapt\u0131\u011f\u0131m\u0131z i\u015fin bir anlam\u0131 var. Demek ki att\u0131\u011f\u0131m\u0131z ta\u015f, \u00fcrk\u00fctt\u00fc\u011f\u00fcm\u00fcz ku\u015fa de\u011fiyor. Bir sonu\u00e7 elde ediyoruz. Ge\u00e7en y\u0131l izledi insanlar. Bizzat bana mesaj yazan oldu. Beni telefonla arayan oldu. Yapt\u0131\u011f\u0131m mahalle gezilerinde insanlar \u2018biz de lavanta fidesi isteriz\u2019 dediler. Bunun da ispat\u0131 burada\u201d dedi.<\/p>\n<p>Distilasyon \u00fcnitesi hakk\u0131nda da bilgi veren Se\u00e7er, \u201cAsl\u0131nda bu verdi\u011fimiz distilasyon \u00fcnitesi de sadece lavanta ya\u011f\u0131n\u0131n \u00e7\u0131kart\u0131lmas\u0131ndan ziyade bir\u00e7ok \u00fcr\u00fcn\u00fcn bunlar t\u0131bbi, aromatik bitkilerin i\u015flenmesini de sa\u011fl\u0131yor. Kekik, defne, biberiye, ada \u00e7ay\u0131 gibi farkl\u0131 \u00fcretim ihtiyac\u0131 ya da farkl\u0131 \u00fcretim imkan\u0131 da sunuyor. Bu tip aletleri, sistemleri bu tip kooperatifler arac\u0131l\u0131\u011f\u0131yla \u00fcreticilerimize kazand\u0131rabilirsek \u00fcretim \u00e7e\u015fitlili\u011fi de artm\u0131\u015f oluyor. \u00dcretim \u00e7e\u015fitlili\u011fi demek pazar \u00e7oklu\u011fu demek. Pazar \u00e7oklu\u011fu demek m\u00fc\u015fteri \u00e7oklu\u011fu demek o da kazan\u00e7 \u00e7oklu\u011fu demek. B\u00f6yle b\u00f6yle damlaya damlaya g\u00f6l olacak. Akacak, gidecek, sel olacak. Herkes bir taraf\u0131ndan tutacak bu \u00fclkenin kalk\u0131nmas\u0131 i\u00e7in. Bunu samimiyetle yapacak\u201d diye konu\u015ftu.<\/p>\n<p>\u201cTar\u0131m\u0131n i\u00e7inde olan bir B\u00fcy\u00fck\u015fehir Belediye Ba\u015fkan\u0131m\u0131z var\u201d<\/p>\n<p>Silifke Ziraat Odas\u0131 Ba\u015fkan\u0131 Cafer Doygun, Silifke\u2019nin sebze ve meyve \u00fcretiminde \u00f6nemli \u00fcretim kalemlerine sahip oldu\u011funu belirterek, \u201c\u00c7ok \u015fansl\u0131y\u0131z. Tar\u0131mla i\u00e7i i\u00e7e olan, tar\u0131m\u0131n i\u00e7inde olan bir B\u00fcy\u00fck\u015fehir Belediye Ba\u015fkan\u0131m\u0131z var. Onun i\u00e7indir ki bu k\u0131rsal b\u00f6lgelerde bizzat alternatif \u00fcr\u00fcn olarak bu al\u0131\u00e7lar\u0131n g\u00fcndeme al\u0131nmas\u0131, \u00e7ift\u00e7ilerimize da\u011f\u0131t\u0131lmas\u0131 \u00e7ok \u00f6nem arz etmektedir\u201d dedi.<\/p>\n<p>\u00c7alt\u0131bozk\u0131r Mahalle Muhtar\u0131 Ahmet Sar\u0131, \u201c\u00c7alt\u0131bozk\u0131r demek bir kale demektir. Bu kaleyi daha \u00e7ok y\u00fcceltmek i\u00e7in daha \u00e7ok emek vermemiz gerekiyor. Bu emekleri de sizlerin sayesinde buralarda ald\u0131\u011f\u0131m\u0131z\u0131 g\u00f6r\u00fcyorum. Daha fazlas\u0131n\u0131 almak i\u00e7in de gayret etti\u011finizi ve bizlerin yan\u0131nda bulundu\u011funuzu da biliyorum\u201d diye konu\u015ftu.<\/p>\n<p>\u201cKendimizin \u00fcretmeye ba\u015flad\u0131\u011f\u0131 fideyle bu y\u0131l 170 binlere ula\u015ft\u0131 bu rakam\u201d<\/p>\n<p>\u00c7alt\u0131bozk\u0131r \u00dcretim ve Pazarlama Kooperatifi Ba\u015fkan\u0131 Hatice G\u00fclcan Y\u00fcksel, 2018 y\u0131l\u0131nda derne\u011fin temelini att\u0131klar\u0131n\u0131 ve bir de kooperatif kurarak \u00e7al\u0131\u015fmalar\u0131n\u0131 s\u00fcrd\u00fcrd\u00fcklerini s\u00f6yledi. Y\u00fcksel, k\u0131rsal arazide yeti\u015fen, su ihtiyac\u0131 az olan ve ekonomik de\u011fere sahip bir \u00fcr\u00fcn aray\u0131\u015f\u0131 sonucu lavanta \u00fcretimine ba\u015flad\u0131klar\u0131n\u0131 belirterek, \u201cEn b\u00fcy\u00fck proje orta\u011f\u0131m\u0131z Mersin B\u00fcy\u00fck\u015fehir Belediyesi ile g\u00f6r\u00fc\u015ferek destek istedik. B\u00fcy\u00fck\u015fehir\u2019in bizlere sa\u011flad\u0131\u011f\u0131 5 bin adet lavanta fidesiyle ba\u015flad\u0131\u011f\u0131m\u0131z bu ser\u00fcven, ge\u00e7en y\u0131lla bu y\u0131l toplamda 100 bin ve ayr\u0131ca bu y\u0131l kendimizin \u00fcretmeye ba\u015flad\u0131\u011f\u0131 fideyle birlikte 170 binlere ula\u015ft\u0131. Lavanta bizim k\u00f6y\u00fcm\u00fczde \u00e7ok \u015feyi de\u011fi\u015ftirdi. \u00d6ncelikle \u00c7alt\u0131bozk\u0131r\u2019\u0131n bilinirli\u011fi artarak bir marka olma yolunda ilerliyoruz. Ge\u00e7en y\u0131l k\u00f6y\u00fcm\u00fczde 15 bin ki\u015fiyi misafir ettik\u201d ifadelerini kulland\u0131.<\/p>\n<p>\u201cKooperatif, say\u0131n ba\u015fkan\u0131m\u0131z\u0131n deste\u011fiyle bir at\u0131l\u0131m i\u00e7erisinde\u201d<\/p>\n<p>\u00c7alt\u0131bozk\u0131r Mahallesi E\u011fitim K\u00fclt\u00fcr Tan\u0131t\u0131m Kalk\u0131nma ve Dayan\u0131\u015fma Derne\u011fi Ba\u015fkan\u0131 Mehmet As\u0131m \u00d6z\u00e7al\u0131k da Ba\u015fkan Se\u00e7er\u2019in deste\u011fiyle kooperatif olarak at\u0131l\u0131m i\u00e7erisinde olduklar\u0131n\u0131 belirterek, \u201cT\u0131bbi ve \u0131tri bitkiler, u\u00e7ucu ya\u011flar\u0131 \u00e7\u0131karabilmek i\u00e7in bize hediye etmi\u015f olduklar\u0131 bu lavanta ve tesis i\u00e7in kendilerine ne kadar \u00e7ok te\u015fekk\u00fcr etsek azd\u0131r. Bizim \u00f6n\u00fcm\u00fczde \u00e7ok b\u00fcy\u00fck bir da\u011fd\u0131 bu. Biz bunu d\u00fc\u015f\u00fcnd\u00fck, hesaplad\u0131k ama bakt\u0131k ki g\u00fcc\u00fcm\u00fcz\u00fc a\u015f\u0131yor. Ama Ba\u015fkan\u0131m\u0131z ge\u00e7en sene buraya yapm\u0131\u015f oldu\u011fu ziyarette bize bir ye\u015fil \u0131\u015f\u0131k yakt\u0131. Biz ger\u00e7ekten mutlu olduk ve bug\u00fcn mutlulu\u011fumuz ta\u00e7lanm\u0131\u015f durumda. Kendileri de Allah raz\u0131 olsun geldiler\u201d dedi.<\/p>\n<p>\u201cBiz \u00fcretici kad\u0131nlar olarak \u00e7ok destek g\u00f6rd\u00fck Ba\u015fkan\u0131m\u0131zdan\u201d<\/p>\n<p>Projeden faydalanan al\u0131\u00e7 \u00fcreticisi Fatma Uygu\u00e7 ise \u201cMisafirperverli\u011fiyle bildi\u011fim, k\u00f6y\u00fcm, ilk g\u00f6za\u011fr\u0131m, sevdi\u011fim, methetmeye doyamay\u0131p \u00f6vd\u00fc\u011f\u00fcm i\u015fte \u00c7alt\u0131bozk\u0131r benim k\u00f6y\u00fcm. Ba\u015fkan\u0131m\u0131z\u2019a desteklerinden dolay\u0131 \u00e7ok te\u015fekk\u00fcr ederiz. Okulumuz harabeydi, okulumuz d\u00fczeldi. Fidanlar\u0131m\u0131z geldi. Bu y\u0131l al\u0131\u00e7 fidanlar\u0131m\u0131z geldi. Daha \u00f6nce lavantam\u0131z geldi. Sayesinde \u00fc\u00e7, be\u015f tane kursa gittik. Bilin\u00e7lendik. Biz \u00fcretici kad\u0131nlar olarak \u00e7ok destek g\u00f6rd\u00fck Ba\u015fkan\u0131m\u0131z\u2019dan \u00e7ok te\u015fekk\u00fcr ederiz\u201d diye konu\u015ftu.<\/p>\n<p>Konu\u015fmalar\u0131n ard\u0131ndan Ba\u015fkan Se\u00e7er, kad\u0131n \u00fcreticilere temsili olarak lavanta fidesi ile al\u0131\u00e7 fidan\u0131 da\u011f\u0131tt\u0131. \u00dcreticilerin talebi \u00fczerine mahalleye kurulumu yap\u0131lan distilasyon makinesini de inceleyen Ba\u015fkan Se\u00e7er, Silifke mesaisini Saya\u011fz\u0131 Mahallesi\u2019ndeki pazar esnaf\u0131n\u0131 ziyaret ederek sonland\u0131rd\u0131.<\/p>\n","protected":false},"excerpt":{"rendered":"<p>Mersin B\u00fcy\u00fck\u015fehir Belediyesi, kentteki tar\u0131m \u00fcretimini art\u0131rmak ve k\u00fc\u00e7\u00fck \u00fcreticiye ekonomik kazan\u00e7 sa\u011flamak i\u00e7in bu y\u0131l da fide, fidan ve ekipman deste\u011fi ile \u00fcreticinin y\u00fcz\u00fcn\u00fc g\u00fcld\u00fcr\u00fcyor. Mersin B\u00fcy\u00fck\u015fehir Belediye Ba\u015fkan\u0131 &hellip; <a href=\"https:\/\/akdenizolaygazetesi.com\/?p=12086\" class=\"more-link\">Devam\u0131n\u0131 Oku&#8230;<\/a><\/p>\n","protected":false},"author":2,"featured_media":12088,"comment_status":"open","ping_status":"open","sticky":false,"template":"","format":"standard","meta":[],"categories":[1,2,3,5],"tags":[],"_links":{"self":[{"href":"https:\/\/akdenizolaygazetesi.com\/index.php?rest_route=\/wp\/v2\/posts\/12086"}],"collection":[{"href":"https:\/\/akdenizolaygazetesi.com\/index.php?rest_route=\/wp\/v2\/posts"}],"about":[{"href":"https:\/\/akdenizolaygazetesi.com\/index.php?rest_route=\/wp\/v2\/types\/post"}],"author":[{"embeddable":true,"href":"https:\/\/akdenizolaygazetesi.com\/index.php?rest_route=\/wp\/v2\/users\/2"}],"replies":[{"embeddable":true,"href":"https:\/\/akdenizolaygazetesi.com\/index.php?rest_route=%2Fwp%2Fv2%2Fcomments&post=12086"}],"version-history":[{"count":1,"href":"https:\/\/akdenizolaygazetesi.com\/index.php?rest_route=\/wp\/v2\/posts\/12086\/revisions"}],"predecessor-version":[{"id":12087,"href":"https:\/\/akdenizolaygazetesi.com\/index.php?rest_route=\/wp\/v2\/posts\/12086\/revisions\/12087"}],"wp:featuredmedia":[{"embeddable":true,"href":"https:\/\/akdenizolaygazetesi.com\/index.php?rest_route=\/wp\/v2\/media\/12088"}],"wp:attachment":[{"href":"https:\/\/akdenizolaygazetesi.com\/index.php?rest_route=%2Fwp%2Fv2%2Fmedia&parent=12086"}],"wp:term":[{"taxonomy":"category","embeddable":true,"href":"https:\/\/akdenizolaygazetesi.com\/index.php?rest_route=%2Fwp%2Fv2%2Fcategories&post=12086"},{"taxonomy":"post_tag","embeddable":true,"href":"https:\/\/akdenizolaygazetesi.com\/index.php?rest_route=%2Fwp%2Fv2%2Ftags&post=12086"}],"curies":[{"name":"wp","href":"https:\/\/api.w.org\/{rel}","templated":true}]}}