{"id":1209,"date":"2020-11-04T18:21:48","date_gmt":"2020-11-04T15:21:48","guid":{"rendered":"http:\/\/mersinekonomipolitikagazetesi.com\/?p=1209"},"modified":"2020-11-04T18:21:48","modified_gmt":"2020-11-04T15:21:48","slug":"is-sagligi-ve-guvenligi-seferberligi-basladi","status":"publish","type":"post","link":"https:\/\/akdenizolaygazetesi.com\/?p=1209","title":{"rendered":"\u2018\u0130\u015f Sa\u011fl\u0131\u011f\u0131 ve G\u00fcvenli\u011fi Seferberli\u011fi\u2019 ba\u015flad\u0131"},"content":{"rendered":"<p>\u00c7al\u0131\u015fma ve Sosyal G\u00fcvenlik Bakanl\u0131\u011f\u0131, &#8216;Milli \u0130stihdam Seferberli\u011fi&#8217;nin ikinci periyotu olan ve i\u015f kazalar\u0131n\u0131n \u00f6n\u00fcne ge\u00e7meyi hedefleyen \u2018\u0130\u015f Sa\u011fl\u0131\u011f\u0131 ve G\u00fcvenli\u011fi Seferberli\u011fi\u2019ni, aralar\u0131nda Mersin\u2019in de bulundu\u011fu 12 ilde bug\u00fcn itibariyle ba\u015flatt\u0131.<\/p>\n<p>Uluslararas\u0131 \u0130\u015fg\u00fcc\u00fc Piyasas\u0131 Genel M\u00fcd\u00fcr\u00fc Saadettin Aky\u0131l, \u201c2002 y\u0131l\u0131nda \u00e7al\u0131\u015fan say\u0131s\u0131 5 milyon 223 bin 283 iken, 2015 y\u0131l\u0131nda 13 milyon 998 bin 398. 2002 y\u0131l\u0131nda \u00f6l\u00fcml\u00fc i\u015f kazas\u0131 oran\u0131 100 binde 16,8 iken, 2015 y\u0131l\u0131nda 100 bin 8,8\u2019e d\u00fc\u015fm\u00fc\u015f\u201d dedi.<br \/>\n\u00c7al\u0131\u015fma ve Sosyal G\u00fcvenlik Bakan\u0131 Mehmet M\u00fcezzino\u011flu\u2019nun 13 May\u0131s 2017 tarihinde \u0130stanbul&#8217;da ba\u015flatt\u0131\u011f\u0131 Milli \u0130stihdam Seferberli\u011fi&#8217;nin ikinci periyotu olan \u2018\u0130\u015f Sa\u011fl\u0131\u011f\u0131 ve G\u00fcvenli\u011fi Seferberli\u011fi\u2019 kapsam\u0131nda Mersin\u2019e gelen Bakanl\u0131k Uluslararas\u0131 \u0130\u015fg\u00fcc\u00fc Piyasas\u0131 Genel M\u00fcd\u00fcr\u00fc Saadettin Aky\u0131l ve Bakanl\u0131k b\u00fcrokratlar\u0131, \u00f6zellikle in\u015faat sekt\u00f6r\u00fcnde i\u015f kazalar\u0131n\u0131n \u00f6n\u00fcne ge\u00e7ilebilmesi amac\u0131yla sekt\u00f6r temsilcileriyle bulu\u015facak.<\/p>\n<p>Aky\u0131l: \u201c\u00d6l\u00fcml\u00fc i\u015f kazalar\u0131n\u0131n \u00f6n\u00fcne ge\u00e7ilebilmesini ve iyi uygulamalar\u0131n yayg\u0131nla\u015ft\u0131r\u0131lmas\u0131n\u0131 hedefliyoruz\u201d<br \/>\nBulu\u015fmalar \u00f6ncesinde Mersin Sosyal G\u00fcvenlik \u0130l M\u00fcd\u00fcrl\u00fc\u011f\u00fc\u2019nde bas\u0131n toplant\u0131s\u0131 d\u00fczenleyen Uluslararas\u0131 \u0130\u015fg\u00fcc\u00fc Piyasas\u0131 Genel M\u00fcd\u00fcr\u00fc Aky\u0131l, \u2018\u0130\u015f Sa\u011fl\u0131\u011f\u0131 ve G\u00fcvenli\u011fi Seferberli\u011fi\u2019 ile ilgili bilgi verdi. Bakan M\u00fcezzino\u011flu\u2019nun, 6 Ocak 2017\u2019de Konya\u2019dan ba\u015flatt\u0131\u011f\u0131 seferberli\u011fin ilk periyotu olan istihdam seferberli\u011finin ard\u0131ndan, \u0130stanbul\u2019dan 13 May\u0131s\u2019ta ba\u015flatt\u0131\u011f\u0131 ikinci periyotun ise \u2018\u0130\u015f Sa\u011fl\u0131\u011f\u0131 ve G\u00fcvenli\u011fi Seferberli\u011fi\u2019 oldu\u011funu belirten Aky\u0131l, \u201c\u00d6nleme k\u00fclt\u00fcr\u00fcn\u00fc yayg\u0131nla\u015ft\u0131rmay\u0131 ve iyi uygulamalar\u0131 geli\u015ftirmeyi ama\u00e7layan \u2018\u0130\u015f Sa\u011fl\u0131\u011f\u0131 ve G\u00fcvenli\u011fi Seferberli\u011fi\u2019 program\u0131 kapsam\u0131nda, konunun taraflar\u0131 olan sivil toplum kurulu\u015flar\u0131 ve kamu kurumlar\u0131 ile \u2018Hedef S\u0131f\u0131r Deklarasyonu\u2019 imzaland\u0131. Seferberlik \u00e7a\u011fr\u0131s\u0131 ile birlikte in\u015faat sekt\u00f6r\u00fcnde \u2018Hedef S\u0131f\u0131r\u2019a ula\u015f\u0131labilmesi i\u00e7in ilk program\u0131m\u0131zda oldu\u011fu gibi \u00e7al\u0131\u015fma hayat\u0131n\u0131n t\u00fcm kesimleri ile bir araya gelip, \u2018Hedef S\u0131f\u0131r\u2019a nas\u0131l ula\u015f\u0131lmas\u0131 gerekti\u011fini, Bakanl\u0131\u011f\u0131m\u0131z\u0131n uygulamalar\u0131n\u0131, te\u015fviklerimizi anlataca\u011f\u0131z. \u0130\u015f sa\u011fl\u0131\u011f\u0131 ve g\u00fcvenli\u011fi alan\u0131nda \u00f6l\u00fcml\u00fc i\u015f kazalar\u0131n\u0131n \u00f6n\u00fcne ge\u00e7ilebilmesini, sekt\u00f6re \u00f6zg\u00fc strateji geli\u015ftirmeyi ve olumlu geli\u015fmeleri yayg\u0131nla\u015ft\u0131rmay\u0131 hedefliyoruz\u201d diye konu\u015ftu.<br \/>\n\u0130\u015f yerinde \u00e7al\u0131\u015fma ko\u015fullar\u0131n\u0131 iyile\u015ftirmek i\u00e7in al\u0131nacak \u00f6nlemlerin geli\u015ftirilmesi ve desteklenmesi kapsam\u0131nda, taraflarca etkin kat\u0131l\u0131m sa\u011flanarak bu alanda kazan\u0131lan tecr\u00fcbe ve bilgi biriminin payla\u015f\u0131lmas\u0131, iyi uygulamalar\u0131n yayg\u0131nla\u015ft\u0131r\u0131lmas\u0131 i\u00e7in \u00e7aba sarf edeceklerini vurgulayan Aky\u0131l, i\u015f sa\u011fl\u0131\u011f\u0131 ve g\u00fcvenli\u011finin, \u00e7al\u0131\u015fma hayat\u0131n\u0131n olmazsa olmaz\u0131 bir ba\u015fl\u0131k oldu\u011funun alt\u0131n\u0131 \u00e7izdi.<\/p>\n<p>\u201c\u0130\u015f kazalar\u0131n\u0131n \u00e7\u00f6z\u00fcm\u00fc, k\u00fclt\u00fcrel olgunlu\u011fa eri\u015fmekten ge\u00e7iyor\u201d<br \/>\nBas\u0131n mensuplar\u0131n\u0131n sorular\u0131n\u0131 da yan\u0131tlayan Aky\u0131l, T\u00fcrkiye\u2019nin \u00f6l\u00fcml\u00fc i\u015f kazalar\u0131nda d\u00fcnyada \u00f6n s\u0131ralarda yer almas\u0131n\u0131n \u00f6n\u00fcne ge\u00e7mek i\u00e7in neler yap\u0131lmas\u0131 gerekti\u011fi sorusuna \u015fu yan\u0131t\u0131 verdi:<br \/>\n\u201cBu program\u0131m\u0131z\u0131n en can al\u0131c\u0131 noktas\u0131 da bu. Ne kadar denetim yaparsan\u0131z yap\u0131n, ne kadar sahada cezai m\u00fceyyide uygularsan\u0131z uygulay\u0131n, bunun en \u00f6nemli unsuru k\u00fclt\u00fcrel bir konudur. Bunun alg\u0131lanmas\u0131, e\u011fitilmesi, hem i\u015fveren hem i\u015f\u00e7i a\u00e7\u0131s\u0131ndan bizim o k\u00fclt\u00fcre ula\u015fmam\u0131z laz\u0131m. Elimizde rakamlar da var, b\u00fcy\u00fck cezai m\u00fceyyideler de uygulansa, hatta i\u015f yeri kapat\u0131lmas\u0131na kadar giden m\u00fceyyideler de uygulansa bu i\u015fin \u00e7\u00f6z\u00fcm\u00fc, k\u00fclt\u00fcrel olgunlu\u011fa eri\u015fmekten ge\u00e7mektedir. \u0130\u015fveren her t\u00fcrl\u00fc imkan\u0131 sa\u011flayabilir, her t\u00fcr tedbiri alabilir ama i\u015f\u00e7ide o k\u00fclt\u00fcr yoksa bareti de koysa onu takmaz, halat\u0131 da koysa onu kullanmaz. Bunlar\u0131 g\u00f6r\u00fcyoruz hep birlikte. Ya da i\u015f\u00e7i istese de i\u015fverende ayn\u0131 k\u00fclt\u00fcr yoksa bir taraftan bunu ka\u00e7\u0131racakt\u0131r. Bizim de istedi\u011fimiz, i\u015f sa\u011fl\u0131\u011f\u0131 ve g\u00fcvenli\u011fi kapsam\u0131nda yapaca\u011f\u0131m\u0131z \u00e7al\u0131\u015fmalar\u0131 b\u00fct\u00fcn taraflara iletmek. Bu konuda bilgilendirme, fark\u0131ndal\u0131\u011f\u0131 yaratma, bilin\u00e7lendirme \u00e7al\u0131\u015fmalar\u0131na bas\u0131n\u0131n da katk\u0131lar\u0131n\u0131 bekliyoruz. Bu seferberlikte de biz bir denetim, tefti\u015f mant\u0131\u011f\u0131yla de\u011fil, tamamen bilgilendirme ama\u00e7l\u0131 \u00e7\u0131kt\u0131k. En riskli sekt\u00f6r in\u015faat sekt\u00f6r\u00fc ve biz onu hedef ald\u0131k. Biz elimizden geldi\u011fince s\u0131k\u0131 tutmaya \u00e7al\u0131\u015f\u0131yoruz.\u201d<br \/>\nArt\u0131k ilkokullarda bile i\u015f sa\u011fl\u0131\u011f\u0131n\u0131 ve g\u00fcvenli\u011fini anlat\u0131c\u0131 modeller olu\u015fturuldu\u011fu bilgisini veren Aky\u0131l, \u201c\u0130n\u015fallah bir-iki nesle kalmaz biz bu k\u00fclt\u00fcr\u00fc tamamen alm\u0131\u015f oluruz. Bu k\u00fclt\u00fcrel bir konu, trafikte de ayn\u0131 durum var. \u0130n\u015fallah o seviyeye gelece\u011fiz. Elimizde rakamlar var, iyiye do\u011fru gidiyoruz. Yeterli mi? Olmayabilir ama o bilin\u00e7 ve k\u00fclt\u00fcre hep birlikte ula\u015fmak i\u00e7in elimizden geleni yapaca\u011f\u0131z\u201d ifadelerini kulland\u0131.<br \/>\n\u00d6nlem al\u0131nsa da \u00f6l\u00fcml\u00fc i\u015f kazalar\u0131nda say\u0131lar\u0131n artt\u0131\u011f\u0131 y\u00f6n\u00fcndeki ele\u015ftirilere de yan\u0131t veren Aky\u0131l, \u00e7al\u0131\u015fan say\u0131s\u0131n\u0131n da artt\u0131\u011f\u0131na dikkat \u00e7ekerek, \u201c2002 y\u0131l\u0131nda \u00e7al\u0131\u015fan say\u0131s\u0131 5 milyon 223 bin 283 iken, 2015 y\u0131l\u0131nda 13 milyon 998 bin 398. 2002 y\u0131l\u0131nda \u00f6l\u00fcml\u00fc i\u015f kazas\u0131 oran\u0131 100 binde 16,8 iken, 2015 y\u0131l\u0131nda 100 bin 8,8\u2019e d\u00fc\u015fm\u00fc\u015f. Rakam art\u0131yor ama \u00e7al\u0131\u015fan say\u0131s\u0131 da b\u00fcy\u00fcyor. Onun i\u00e7erisindeki orana bak\u0131yoruz biz\u201d dedi.<\/p>\n<p>Sakall\u0131: \u201c\u0130\u015f g\u00fcvenli\u011fi uzman\u0131 say\u0131m\u0131z \u015fu an itibariyle 105 bin 828\u201d<br \/>\nBu \u00e7er\u00e7evede, i\u015f g\u00fcvenli\u011fi alan\u0131nda rakamlar veren \u0130\u015f Sa\u011fl\u0131\u011f\u0131 ve G\u00fcvenli\u011fi Genel M\u00fcd\u00fcrl\u00fc\u011f\u00fc Politika ve Strateji Daire Ba\u015fkan\u0131 Meftun Sakall\u0131 ise daha \u00f6nce Bakanl\u0131k b\u00fcnyesinde T\u00fcrkiye genelinde 5-6 bin civar\u0131nda i\u015f g\u00fcvenli\u011fi uzman\u0131 oldu\u011funu belirterek, \u201c2010 y\u0131l\u0131ndan itibaren biz bunlar\u0131 \u0130SG-Katip Sistemi \u00fczerinden i\u015f yerlerinin hangisinde var, hangisinde yok takip etmeye ba\u015flad\u0131k. 2012 y\u0131l\u0131nda 6331 say\u0131l\u0131 \u0130\u015f Sa\u011fl\u0131\u011f\u0131 ve G\u00fcvenli\u011fi Kanunu \u00e7\u0131kt\u0131ktan sonra 6 bin civar\u0131nda olan i\u015f g\u00fcvenli\u011fi uzman\u0131 say\u0131m\u0131z \u015fu an itibariyle 105 bin 828. 7-8 bin ya da 10 bin civar\u0131nda olan i\u015f yeri hekimi say\u0131m\u0131z \u015fu an 33 bin 92. Hi\u00e7 olmayan, i\u015fverenin \u00e7al\u0131\u015fanlar\u0131 aras\u0131nda i\u015f g\u00fcvenli\u011fi uzman\u0131 ve i\u015f yeri hekimi yoksa ortak sa\u011fl\u0131k ve g\u00fcvenlik birimleri dedi\u011fimiz kurumlar olu\u015fturduk ve \u015fu an bunlar 2 bin 374 tane T\u00fcrkiye genelinde ortak sa\u011fl\u0131k ve g\u00fcvenlik birimimiz var. \u0130\u015f g\u00fcvenli\u011fi uzman\u0131 e\u011fitimlerini vermek \u00fczere 3 bin 798 e\u011fiticimiz ve bunlar\u0131 e\u011fiten 107 tane e\u011fitim kurumumuz var. Tabi, bug\u00fcnden yar\u0131na i\u015f sa\u011fl\u0131\u011f\u0131 ve g\u00fcvenli\u011fi k\u00fclt\u00fcr\u00fc olu\u015fmuyor. Biz kanun kapsam\u0131nda 81 ile, hatta baz\u0131lar\u0131na 2-3 kez giderek taraflara anlatmaya \u00e7al\u0131\u015ft\u0131k, hala anlatmaya devam ediyoruz. Bir sonraki a\u015famada, i\u015f g\u00fcvenli\u011fi uzmanl\u0131\u011f\u0131nda sekt\u00f6rel alana ge\u00e7meyi d\u00fc\u015f\u00fcn\u00fcyoruz. Mesela in\u015faat sekt\u00f6r\u00fcnde in\u015faat k\u00f6kenli i\u015f g\u00fcvenli\u011fi uzman\u0131 \u00e7al\u0131\u015ft\u0131rmay\u0131 d\u00fc\u015f\u00fcn\u00fcyoruz\u201d \u015feklinde konu\u015ftu.<\/p>\n<p>\u201c\u0130\u015f g\u00fcvenli\u011fi ve sa\u011fl\u0131\u011f\u0131 okullara ders olarak geliyor\u201d<br \/>\nBu anlamda, okul \u00f6ncesinden \u00fcniversiteye kadar olan k\u0131s\u0131mda bu y\u0131lki e\u011fitim m\u00fcfredat\u0131na i\u015f sa\u011fl\u0131\u011f\u0131 ve g\u00fcvenli\u011fi konular\u0131n\u0131 da eklediklerini bildiren Sakall\u0131, \u015funlar\u0131 s\u00f6yledi:<br \/>\n\u201cBu konular\u0131 m\u00fcfredata yedirdik. \u015eu an kazan\u0131mlar\u0131 kabul oldu ve ders kitaplar\u0131 haz\u0131rlan\u0131yor. \u00d6n\u00fcm\u00fczdeki e\u011fitim y\u0131l\u0131ndan itibaren okul \u00f6ncesinden \u00fcniversiteye kadar b\u00fct\u00fcn \u00f6\u011frencilerimiz bunlar\u0131 derslerde yava\u015f yava\u015f g\u00f6rmeye ba\u015flayacaklar. Ba\u015flang\u0131\u00e7ta sa\u011fl\u0131k ve g\u00fcvenlik, daha sonra i\u015f sa\u011fl\u0131\u011f\u0131 ve g\u00fcvenli\u011fi olarak g\u00f6recekler. Bu bir s\u00fcre\u00e7 olacak ve devam edecek. Ge\u00e7en y\u0131l 69 tane okul kitab\u0131n\u0131n arkas\u0131nda i\u015f sa\u011fl\u0131\u011f\u0131 ve g\u00fcvenli\u011fini anlatan \u00e7izgi bantlar yay\u0131nland\u0131. Bu sene onlar yine devam edecek. Sekt\u00f6rel olarak da projelerimiz devam ediyor ve artan h\u0131zla devam edecek.\u201d<br \/>\nToplant\u0131ya, \u00c7al\u0131\u015fma ve Sosyal G\u00fcvenlik Bakanl\u0131\u011f\u0131 Uluslararas\u0131 \u0130\u015fg\u00fcc\u00fc Piyasas\u0131 Genel M\u00fcd\u00fcr\u00fc Saadettin Aky\u0131l, \u0130\u015f Sa\u011fl\u0131\u011f\u0131 ve G\u00fcvenli\u011fi Genel M\u00fcd\u00fcrl\u00fc\u011f\u00fc Politika ve Strateji Daire Ba\u015fkan\u0131 Meftun Sakall\u0131, \u0130\u015f Tefti\u015f Kurulu \u0130\u015f M\u00fcfetti\u015fi Ufuk Y\u00fcksekova, Mesleki Yeterlilik Kurumu\u2019ndan Uzman Turan K\u00fc\u00e7\u00fck, Mersin SGK \u0130l M\u00fcd\u00fcr\u00fc Necmettin \u00d6z ve Mersin \u0130\u015eKUR \u0130l M\u00fcd\u00fcr\u00fc Mustafa Kutlu kat\u0131ld\u0131.<\/p>\n","protected":false},"excerpt":{"rendered":"<p>\u00c7al\u0131\u015fma ve Sosyal G\u00fcvenlik Bakanl\u0131\u011f\u0131, &#8216;Milli \u0130stihdam Seferberli\u011fi&#8217;nin ikinci periyotu olan ve i\u015f kazalar\u0131n\u0131n \u00f6n\u00fcne ge\u00e7meyi hedefleyen \u2018\u0130\u015f Sa\u011fl\u0131\u011f\u0131 ve G\u00fcvenli\u011fi Seferberli\u011fi\u2019ni, aralar\u0131nda Mersin\u2019in de bulundu\u011fu 12 ilde bug\u00fcn itibariyle &hellip; <a href=\"https:\/\/akdenizolaygazetesi.com\/?p=1209\" class=\"more-link\">Devam\u0131n\u0131 Oku&#8230;<\/a><\/p>\n","protected":false},"author":1,"featured_media":0,"comment_status":"open","ping_status":"open","sticky":false,"template":"","format":"standard","meta":[],"categories":[],"tags":[],"_links":{"self":[{"href":"https:\/\/akdenizolaygazetesi.com\/index.php?rest_route=\/wp\/v2\/posts\/1209"}],"collection":[{"href":"https:\/\/akdenizolaygazetesi.com\/index.php?rest_route=\/wp\/v2\/posts"}],"about":[{"href":"https:\/\/akdenizolaygazetesi.com\/index.php?rest_route=\/wp\/v2\/types\/post"}],"author":[{"embeddable":true,"href":"https:\/\/akdenizolaygazetesi.com\/index.php?rest_route=\/wp\/v2\/users\/1"}],"replies":[{"embeddable":true,"href":"https:\/\/akdenizolaygazetesi.com\/index.php?rest_route=%2Fwp%2Fv2%2Fcomments&post=1209"}],"version-history":[{"count":0,"href":"https:\/\/akdenizolaygazetesi.com\/index.php?rest_route=\/wp\/v2\/posts\/1209\/revisions"}],"wp:attachment":[{"href":"https:\/\/akdenizolaygazetesi.com\/index.php?rest_route=%2Fwp%2Fv2%2Fmedia&parent=1209"}],"wp:term":[{"taxonomy":"category","embeddable":true,"href":"https:\/\/akdenizolaygazetesi.com\/index.php?rest_route=%2Fwp%2Fv2%2Fcategories&post=1209"},{"taxonomy":"post_tag","embeddable":true,"href":"https:\/\/akdenizolaygazetesi.com\/index.php?rest_route=%2Fwp%2Fv2%2Ftags&post=1209"}],"curies":[{"name":"wp","href":"https:\/\/api.w.org\/{rel}","templated":true}]}}