{"id":12090,"date":"2021-04-28T10:54:04","date_gmt":"2021-04-28T07:54:04","guid":{"rendered":"http:\/\/akdenizolaygazetesi.com\/?p=12090"},"modified":"2021-04-28T10:54:41","modified_gmt":"2021-04-28T07:54:41","slug":"mesiad-baskani-engin-kapanmalarda-is-dunyasina-sahip-cikilmalidir","status":"publish","type":"post","link":"https:\/\/akdenizolaygazetesi.com\/?p=12090","title":{"rendered":"MES\u0130AD BA\u015eKANI ENG\u0130N: KAPANMALARDA \u0130\u015e D\u00dcNYASINA SAH\u0130P \u00c7IKILMALIDIR"},"content":{"rendered":"<p>H\u00fck\u00fcmetin ald\u0131\u011f\u0131 tam kapanma karar\u0131na ili\u015fkin a\u00e7\u0131klama yapan MES\u0130AD Ba\u015fkan\u0131 Hasan Engin, salg\u0131nla m\u00fccadele etmek ve vaka say\u0131s\u0131n\u0131 d\u00fc\u015f\u00fcrmek i\u00e7in karar\u0131 yerinde bulduklar\u0131n\u0131, ancak kapanmalardan etkilenen KOB\u0130\u2019lerin desteklenmesi gerekti\u011fini s\u00f6yledi.<\/p>\n<p>Mersin Sanayicileri ve \u0130\u015f \u0130nsanlar\u0131 Derne\u011fi (MES\u0130AD) Y\u00f6netim Kurulu Ba\u015fkan\u0131 Hasan Engin, Cumhurba\u015fkan\u0131 Erdo\u011fan taraf\u0131ndan a\u00e7\u0131klanan 3 haftal\u0131k tam kapanman\u0131n vaka say\u0131s\u0131n\u0131 d\u00fc\u015f\u00fcrmek i\u00e7in \u00f6nemli bir ad\u0131m oldu\u011funu kaydetti. \u0130lk defa uygulanan kesintisiz kapanmadan etkilenecek olan i\u015f d\u00fcnyas\u0131 ve esnaf\u0131n desteklenmesi talebinde bulunan Engin, toplumdaki moralsizli\u011fin giderilmesinin salg\u0131n ve finansal dalgalanmalar ile m\u00fccadeledeki \u00f6nemine de\u011findi.<\/p>\n<p>Engin, \u201cKovid-19 pandemisinin etkisiyle ba\u015flayan zorlu s\u00fcrecin a\u015f\u0131labilmesi i\u00e7in etkili yol haritas\u0131 ortaya konulmal\u0131d\u0131r. Toplum sa\u011fl\u0131\u011f\u0131 ve sa\u011fl\u0131k sisteminin daha sorunsuz i\u015flemesi ad\u0131na al\u0131nan tam kapanma karar\u0131, yerinde bir uygulama olmakla beraber, bu kapanmadan etkilenecek olan sekt\u00f6rlerin desteklenmesi \u00f6nemlidir\u201d dedi.<\/p>\n<p>\u201cKALICI VE DESTEKLEY\u0130C\u0130 \u00c7\u00d6Z\u00dcMLER\u201d<br \/>\nArtan maliyetlere vurguda bulunan Engin, i\u015f d\u00fcnyas\u0131n\u0131n son d\u00f6nemlerde hammadde s\u0131k\u0131nt\u0131s\u0131, y\u00fcksek maliyet, enflasyon, kur dalgalanmalar\u0131 ve finansal kaynaklara eri\u015fim zorlu\u011fu ba\u015fta olmak bir\u00e7ok sorun ya\u015fad\u0131\u011f\u0131n\u0131 s\u00f6yledi. Engin, \u201cB\u00fct\u00fcn bu sorunlar\u0131n \u00fcstesinden gelmeye \u00e7al\u0131\u015fan i\u015f d\u00fcnyas\u0131 ve esnaf\u0131n rahat nefes almas\u0131n\u0131 sa\u011flayacak \u00e7\u00f6z\u00fcmlere ve desteklemelere ihtiyac\u0131 vard\u0131r. Salg\u0131ndan en \u00e7ok etkilenen hizmet ve turizm sekt\u00f6rlerine tan\u0131nan ayr\u0131cal\u0131k ve yap\u0131lan yard\u0131mlar\u0131n artt\u0131r\u0131lmas\u0131 \u00fclkemizin yarar\u0131na olacakt\u0131r. Kal\u0131c\u0131 ve destekleyici \u00e7\u00f6z\u00fcmler, i\u015f d\u00fcnyas\u0131n\u0131n \u00fclkemize daha fazla katma de\u011fer \u00fcreterek sorunlar\u0131n a\u015f\u0131lmas\u0131na yard\u0131mc\u0131 olmas\u0131nda \u00f6nemli olacakt\u0131r\u201d ifadelerini kulland\u0131.<\/p>\n<p>\u201cUMUT VAAT EDEN \u00c7\u00d6Z\u00dcMLER ORTAYA KONULMALIDIR\u201d<br \/>\nEngin, \u201cKapanmalardan dolay\u0131 sorunlar ya\u015fayan i\u015f ve esnaf \u00e7evrelerinin rahatlat\u0131lmas\u0131 i\u00e7in devletimiz bir\u00e7ok ad\u0131m att\u0131 ancak toplumdaki moralsizli\u011fin giderilmesi ve panik ortamlar\u0131ndan uzakla\u015f\u0131lmas\u0131 i\u00e7in umut vaat eden \u00e7\u00f6z\u00fcmler ortaya konulmal\u0131d\u0131r. Dolu dolu fiziki yap\u0131sal reformlar ortaya konulmal\u0131, kur dalgalanmalar\u0131, hammadde s\u0131k\u0131nt\u0131s\u0131, y\u00fcksek maliyet, enflasyon ve finansal kaynaklara eri\u015fim zorlu\u011funun a\u015f\u0131lmas\u0131 i\u00e7in at\u0131lacak ad\u0131mlar uzun vadeli ve kesin \u00e7\u00f6z\u00fcm getirecek \u015fekilde planlanmal\u0131d\u0131r. Siyasi iklimde olu\u015fan sert iklim yumu\u015fat\u0131lmal\u0131, \u00fclke olarak tek yumruk olmal\u0131y\u0131z\u201d \u015feklinde konu\u015ftu.<\/p>\n<p>Sanal d\u00fcnyada kolay para kazanma kaynaklar\u0131na ve saadet zincirlerine aktar\u0131lan paralar\u0131n kontrol alt\u0131na al\u0131nmas\u0131n\u0131 isteyen Engin, bu paralar\u0131n \u00fcretime d\u00f6n\u00fc\u015ft\u00fcr\u00fclmesi gerekti\u011fini s\u00f6yledi.<\/p>\n<p>\u201c\u00dcLKEM\u0130ZE KATMA DE\u011eER SA\u011eLAMAYA DEVAM EDECE\u011e\u0130Z\u201d<br \/>\n\u201c\u00c7\u0131karlar\u0131 u\u011fruna \u00fclkemizi s\u00fcrekli karalamak ve soyk\u0131r\u0131m iddialar\u0131 \u00fczerinden uluslararas\u0131 arenada yaln\u0131zla\u015ft\u0131rmak isteyen emperyalist \u00fclkeler d\u00f6n\u00fcp kendi kanl\u0131 ge\u00e7mi\u015flerine baks\u0131nlar\u201d diyen Engin konu\u015fmas\u0131n\u0131 \u015fu \u015fekilde tamamlad\u0131: \u201cS\u00fcrekli ekonomimizi hedef alarak \u00fclkemizi \u00e7aresizle\u015ftirmek isteyenler bilmelidirler ki; i\u015f d\u00fcnyas\u0131 olarak \u00fclkemizin g\u00fc\u00e7lenmesi ve kalk\u0131nmas\u0131 i\u00e7in \u00fcretmeye, \u00fclkemize katma de\u011fer sa\u011flamaya devam edece\u011fiz. Y\u00fczy\u0131llard\u0131r \u00fclkemizi hedef alan herkes bilmelidir ki \u00fclkemiz bir\u00e7ok zorlukla ba\u015far\u0131l\u0131 bir \u015fekilde m\u00fccadele etmi\u015ftir ve bundan sonra da ayn\u0131 kararl\u0131l\u0131kla m\u00fccadele etmeye devam edecektir.\u201d<\/p>\n","protected":false},"excerpt":{"rendered":"<p>H\u00fck\u00fcmetin ald\u0131\u011f\u0131 tam kapanma karar\u0131na ili\u015fkin a\u00e7\u0131klama yapan MES\u0130AD Ba\u015fkan\u0131 Hasan Engin, salg\u0131nla m\u00fccadele etmek ve vaka say\u0131s\u0131n\u0131 d\u00fc\u015f\u00fcrmek i\u00e7in karar\u0131 yerinde bulduklar\u0131n\u0131, ancak kapanmalardan etkilenen KOB\u0130\u2019lerin desteklenmesi gerekti\u011fini s\u00f6yledi. &hellip; <a href=\"https:\/\/akdenizolaygazetesi.com\/?p=12090\" class=\"more-link\">Devam\u0131n\u0131 Oku&#8230;<\/a><\/p>\n","protected":false},"author":2,"featured_media":12092,"comment_status":"open","ping_status":"open","sticky":false,"template":"","format":"standard","meta":[],"categories":[8,1,2,3],"tags":[],"_links":{"self":[{"href":"https:\/\/akdenizolaygazetesi.com\/index.php?rest_route=\/wp\/v2\/posts\/12090"}],"collection":[{"href":"https:\/\/akdenizolaygazetesi.com\/index.php?rest_route=\/wp\/v2\/posts"}],"about":[{"href":"https:\/\/akdenizolaygazetesi.com\/index.php?rest_route=\/wp\/v2\/types\/post"}],"author":[{"embeddable":true,"href":"https:\/\/akdenizolaygazetesi.com\/index.php?rest_route=\/wp\/v2\/users\/2"}],"replies":[{"embeddable":true,"href":"https:\/\/akdenizolaygazetesi.com\/index.php?rest_route=%2Fwp%2Fv2%2Fcomments&post=12090"}],"version-history":[{"count":2,"href":"https:\/\/akdenizolaygazetesi.com\/index.php?rest_route=\/wp\/v2\/posts\/12090\/revisions"}],"predecessor-version":[{"id":12093,"href":"https:\/\/akdenizolaygazetesi.com\/index.php?rest_route=\/wp\/v2\/posts\/12090\/revisions\/12093"}],"wp:featuredmedia":[{"embeddable":true,"href":"https:\/\/akdenizolaygazetesi.com\/index.php?rest_route=\/wp\/v2\/media\/12092"}],"wp:attachment":[{"href":"https:\/\/akdenizolaygazetesi.com\/index.php?rest_route=%2Fwp%2Fv2%2Fmedia&parent=12090"}],"wp:term":[{"taxonomy":"category","embeddable":true,"href":"https:\/\/akdenizolaygazetesi.com\/index.php?rest_route=%2Fwp%2Fv2%2Fcategories&post=12090"},{"taxonomy":"post_tag","embeddable":true,"href":"https:\/\/akdenizolaygazetesi.com\/index.php?rest_route=%2Fwp%2Fv2%2Ftags&post=12090"}],"curies":[{"name":"wp","href":"https:\/\/api.w.org\/{rel}","templated":true}]}}