{"id":12101,"date":"2021-04-29T11:52:23","date_gmt":"2021-04-29T08:52:23","guid":{"rendered":"http:\/\/akdenizolaygazetesi.com\/?p=12101"},"modified":"2021-04-29T11:52:54","modified_gmt":"2021-04-29T08:52:54","slug":"buyuksehirden-hollanda-is-birligi-ile-yesil-baslangiclar-calistayi","status":"publish","type":"post","link":"https:\/\/akdenizolaygazetesi.com\/?p=12101","title":{"rendered":"B\u00dcY\u00dcK\u015eEH\u0130R\u2019DEN HOLLANDA \u0130\u015e B\u0130RL\u0130\u011e\u0130 \u0130LE \u2018YE\u015e\u0130L BA\u015eLANGI\u00c7LAR\u2019 \u00c7ALI\u015eTAYI"},"content":{"rendered":"<p>Mersin B\u00fcy\u00fck\u015fehir Belediyesi \u00c7evre Koruma ve Kontrol Dairesi, Hollanda B\u00fcy\u00fckel\u00e7ili\u011fi taraf\u0131ndan y\u00fcr\u00fct\u00fclen \u201cT\u00fcrkiye\u2019nin Ye\u015fil Hik\u00e2yeleri\u201d program\u0131 kapsam\u0131nda Novusens Ak\u0131ll\u0131 \u015eehirler Enstit\u00fcs\u00fc i\u015f birli\u011fi ile \u2018Ye\u015fil Ba\u015flang\u0131\u00e7lar Mersin \u00c7al\u0131\u015ftay\u0131\u2019 d\u00fczenledi. \u00c7al\u0131\u015ftayda, Mersin\u2019in daha ye\u015fil, s\u00fcrd\u00fcr\u00fclebilir ve ak\u0131ll\u0131 \u00e7evre konusunda \u00f6rnek uygulama ve projelerin oldu\u011fu bir kent haline gelebilmesi i\u00e7in hayata ge\u00e7irilebilecek proje fikirleri payla\u015f\u0131ld\u0131.<\/p>\n<p>Macit \u00d6zcan Spor Tesisleri\u2019nde d\u00fczenlenen \u00e7al\u0131\u015ftaya \u00c7evre Koruma ve Kontrol Dairesi Ba\u015fkan\u0131 Dr. B\u00fclent Halisdemir, Novusens Ak\u0131ll\u0131 \u015eehirler Enstit\u00fcs\u00fc yetkilileri Berrin Benli ve Melih Gezer, B\u00fcy\u00fck\u015fehir Belediyesi b\u00fcnyesinde hizmet veren daire ba\u015fkanl\u0131klar\u0131na ba\u011fl\u0131 m\u00fcd\u00fcrler, \u00e7evre ve end\u00fcstri m\u00fchendisleri, MESK\u0130, Tar\u0131m \u0130l M\u00fcd\u00fcrl\u00fc\u011f\u00fc, MTSO, TMMOB ve sivil toplum kurulu\u015flar\u0131 temsilcileri kat\u0131ld\u0131.<\/p>\n<p>Mersin i\u00e7in h\u0131zl\u0131 kazan\u0131m proje fikirler \u00f6nerileri al\u0131nd\u0131<\/p>\n<p>\u201cT\u00fcrkiye\u2019nin Ye\u015fil Hikayeleri Turnesi \u0130nisiyatifi\u201dni y\u00fcr\u00fcten Novusens Ak\u0131ll\u0131 \u015eehirler Enstit\u00fcs\u00fc\u2019n\u00fcn \u00f6nc\u00fcl\u00fc\u011f\u00fcnde ger\u00e7ekle\u015fen \u00e7al\u0131\u015ftayda projenin amac\u0131, \u00e7\u0131k\u0131\u015f noktas\u0131, Hollanda \u015fehirlerinin \u00e7evre konusunda en iyi uygulamalar\u0131 ve projeleri Novusens Ak\u0131ll\u0131 \u015eehirler Enstit\u00fcs\u00fc yetkilisi Berrin Benli taraf\u0131ndan anlat\u0131ld\u0131.<\/p>\n<p>\u00c7evre Koruma ve Kontrol Dairesi Ba\u015fkan\u0131 Dr. B\u00fclent Halisdemir yapt\u0131\u011f\u0131 sunumda, B\u00fcy\u00fck\u015fehir Belediyesi\u2019nin \u00e7evre konusunda y\u00fcr\u00fctt\u00fc\u011f\u00fc hizmetleri, ulusal ve uluslararas\u0131 kurumlarla \u00e7evre ve iklim de\u011fi\u015fikli\u011fi konusunda yapt\u0131\u011f\u0131 ve yapmay\u0131 planlad\u0131\u011f\u0131 projeleri anlatt\u0131. \u00c7al\u0131\u015ftay\u0131n son oturumunda da Novusens Ak\u0131ll\u0131 \u015eehirler Enstit\u00fcs\u00fc yetkilisi Melih Gezer taraf\u0131ndan s\u00fcrd\u00fcr\u00fclebilir ve ak\u0131ll\u0131 \u00e7evre konusunda h\u0131zl\u0131 kazan\u0131m \u00f6rnek projeler payla\u015f\u0131larak, yap\u0131labilecek projeler \u00fczerine fikir al\u0131\u015fveri\u015finde bulunuldu.<\/p>\n<p>Hollandal\u0131 kurumlarla potansiyel i\u015f birli\u011fi f\u0131rsatlar\u0131 ara\u015ft\u0131r\u0131lacak<\/p>\n<p>Toplant\u0131da ortaya \u00e7\u0131kan fikirler Novusens taraf\u0131ndan raporlanarak Mersin B\u00fcy\u00fck\u015fehir Belediyesi\u2019ne ve Hollanda B\u00fcy\u00fckel\u00e7ili\u011fi\u2019ne sunulacak. Toplanan proje fikirleri \u00f6ncelenip, bu proje fikirleri konusunda \u00e7al\u0131\u015fan Hollandal\u0131 kurumlarla tan\u0131\u015f\u0131lacak ve potansiyel i\u015f birli\u011fi f\u0131rsatlar\u0131n\u0131n ara\u015ft\u0131r\u0131lmas\u0131 \u00e7al\u0131\u015fmalar\u0131 ba\u015flat\u0131lacak.<\/p>\n","protected":false},"excerpt":{"rendered":"<p>Mersin B\u00fcy\u00fck\u015fehir Belediyesi \u00c7evre Koruma ve Kontrol Dairesi, Hollanda B\u00fcy\u00fckel\u00e7ili\u011fi taraf\u0131ndan y\u00fcr\u00fct\u00fclen \u201cT\u00fcrkiye\u2019nin Ye\u015fil Hik\u00e2yeleri\u201d program\u0131 kapsam\u0131nda Novusens Ak\u0131ll\u0131 \u015eehirler Enstit\u00fcs\u00fc i\u015f birli\u011fi ile \u2018Ye\u015fil Ba\u015flang\u0131\u00e7lar Mersin \u00c7al\u0131\u015ftay\u0131\u2019 d\u00fczenledi. \u00c7al\u0131\u015ftayda, &hellip; <a href=\"https:\/\/akdenizolaygazetesi.com\/?p=12101\" class=\"more-link\">Devam\u0131n\u0131 Oku&#8230;<\/a><\/p>\n","protected":false},"author":2,"featured_media":12103,"comment_status":"open","ping_status":"open","sticky":false,"template":"","format":"standard","meta":[],"categories":[8,1,3,5],"tags":[],"_links":{"self":[{"href":"https:\/\/akdenizolaygazetesi.com\/index.php?rest_route=\/wp\/v2\/posts\/12101"}],"collection":[{"href":"https:\/\/akdenizolaygazetesi.com\/index.php?rest_route=\/wp\/v2\/posts"}],"about":[{"href":"https:\/\/akdenizolaygazetesi.com\/index.php?rest_route=\/wp\/v2\/types\/post"}],"author":[{"embeddable":true,"href":"https:\/\/akdenizolaygazetesi.com\/index.php?rest_route=\/wp\/v2\/users\/2"}],"replies":[{"embeddable":true,"href":"https:\/\/akdenizolaygazetesi.com\/index.php?rest_route=%2Fwp%2Fv2%2Fcomments&post=12101"}],"version-history":[{"count":2,"href":"https:\/\/akdenizolaygazetesi.com\/index.php?rest_route=\/wp\/v2\/posts\/12101\/revisions"}],"predecessor-version":[{"id":12104,"href":"https:\/\/akdenizolaygazetesi.com\/index.php?rest_route=\/wp\/v2\/posts\/12101\/revisions\/12104"}],"wp:featuredmedia":[{"embeddable":true,"href":"https:\/\/akdenizolaygazetesi.com\/index.php?rest_route=\/wp\/v2\/media\/12103"}],"wp:attachment":[{"href":"https:\/\/akdenizolaygazetesi.com\/index.php?rest_route=%2Fwp%2Fv2%2Fmedia&parent=12101"}],"wp:term":[{"taxonomy":"category","embeddable":true,"href":"https:\/\/akdenizolaygazetesi.com\/index.php?rest_route=%2Fwp%2Fv2%2Fcategories&post=12101"},{"taxonomy":"post_tag","embeddable":true,"href":"https:\/\/akdenizolaygazetesi.com\/index.php?rest_route=%2Fwp%2Fv2%2Ftags&post=12101"}],"curies":[{"name":"wp","href":"https:\/\/api.w.org\/{rel}","templated":true}]}}