{"id":1212,"date":"2020-11-04T18:21:48","date_gmt":"2020-11-04T15:21:48","guid":{"rendered":"http:\/\/mersinekonomipolitikagazetesi.com\/?p=1212"},"modified":"2020-11-04T18:21:48","modified_gmt":"2020-11-04T15:21:48","slug":"silifkede-iki-gundur-kayip-3-genc-mersinde-bulundu","status":"publish","type":"post","link":"https:\/\/akdenizolaygazetesi.com\/?p=1212","title":{"rendered":"Silifke&#8217;de iki g\u00fcnd\u00fcr kay\u0131p 3 gen\u00e7 Mersin&#8217;de bulundu"},"content":{"rendered":"<p>Mersin&#8217;in Silifke il\u00e7esinde iki g\u00fcnd\u00fcr kay\u0131p olan imam hatip ortaokulu 7. s\u0131n\u0131f \u00f6\u011frencisi Fahri Yi\u011fit Y\u0131ld\u0131z (14), end\u00fcstri meslek lisesi 8. s\u0131n\u0131f \u00f6\u011frencisi Kadir K\u0131rm\u0131z\u0131g\u00f6l (15) ve end\u00fcstri meslek Lisesi 9. s\u0131n\u0131f \u00f6\u011frencisi Kadir \u0130bri\u015fim (16), Mersin\u2019de bulundu.<\/p>\n<p>\u00c7ocuklardan 14 ya\u015f\u0131ndaki Fahri Yi\u011fit Y\u0131ld\u0131z, babas\u0131 Muhammed U\u011fur Y\u0131ld\u0131z\u2019\u0131 arayarak Mersin\u2019de oldu\u011funu, gelip kendisini almas\u0131n\u0131 istedi. Y\u0131ld\u0131z&#8217;\u0131n, kendi telefonu olmad\u0131\u011f\u0131 i\u00e7in bir kad\u0131ndan rica etti\u011fi telefonla babas\u0131n\u0131 arad\u0131\u011f\u0131 \u00f6\u011frenildi. \u0130lk \u00f6nce arkada\u015flar\u0131n\u0131n da yan\u0131nda oldu\u011funu s\u00f6ylemesi \u00fczerine aileler rahat bir nefes ald\u0131. Ard\u0131ndan o\u011flunun telefonunu kulland\u0131\u011f\u0131 kad\u0131nla konu\u015fan baba Y\u0131ld\u0131z, \u201cSadece benim o\u011flum oradaym\u0131\u015f ama ilk konu\u015ftu\u011fumuzda yan\u0131nda olduklar\u0131n\u0131 s\u00f6ylemi\u015fti. Onlar biz konu\u015furken san\u0131r\u0131m oradan ayr\u0131ld\u0131\u201d dedi.<br \/>\nArd\u0131ndan hemen polisi arayan baba Y\u0131ld\u0131z, o\u011flunun kendisini arad\u0131\u011f\u0131n\u0131 belirterek, ald\u0131\u011f\u0131 adresi Mersin polisine verdi. O\u011flu Y\u0131ld\u0131z\u2019\u0131n polis taraf\u0131ndan teslim al\u0131nd\u0131\u011f\u0131n\u0131 \u00f6\u011frenen baba Y\u0131ld\u0131z, di\u011fer \u00e7ocuklar\u0131n aileleri ile birlikte Mersin\u2019e do\u011fru yola \u00e7\u0131kt\u0131. Fahri Yi\u011fit Y\u0131ld\u0131z\u2019\u0131n arkada\u015flar\u0131n\u0131n gitti\u011fi y\u00f6n\u00fc tarif etmesiyle birlikte kay\u0131p iki gen\u00e7 de yolda Silifke istikametine do\u011fru yaya olarak giderken bulundular.<br \/>\nEvlatlar\u0131n\u0131n bulunmas\u0131na g\u00f6zya\u015flar\u0131 ile sevinen aileler, \u00e7ocuklar\u0131na sa\u011f salim kavu\u015fman\u0131n mutlulu\u011funu ya\u015fad\u0131klar\u0131n\u0131 s\u00f6ylediler.<br \/>\n\u0130ki g\u00fcn boyunca ak\u0131llar\u0131ndan bir s\u00fcr\u00fc durum ge\u00e7ti\u011fini, evlatlar\u0131na k\u00f6t\u00fc bir \u015fey olmamas\u0131 i\u00e7in dualarla iyi haberlerini beklediklerini belirten 16 ya\u015f\u0131ndaki Kadir \u0130bri\u015fim\u2019in annesi Emine ve babas\u0131 Kadir \u0130bri\u015fim, &#8220;\u00c7ocu\u011fumuz sa\u011f salim geldi ya Allah&#8217;a \u015f\u00fck\u00fcrler olsun. Mersin\u2019de \u00e7ocuklar\u0131m\u0131za telefon a\u00e7mas\u0131na izin veren ve polis gelene kadar sahip \u00e7\u0131kan kad\u0131ndan Allah raz\u0131 olsun. Allah ne murad\u0131 varsa ona versin. Bize en g\u00fczel m\u00fcjdeyi verdi&#8221; dedi.<\/p>\n","protected":false},"excerpt":{"rendered":"<p>Mersin&#8217;in Silifke il\u00e7esinde iki g\u00fcnd\u00fcr kay\u0131p olan imam hatip ortaokulu 7. s\u0131n\u0131f \u00f6\u011frencisi Fahri Yi\u011fit Y\u0131ld\u0131z (14), end\u00fcstri meslek lisesi 8. s\u0131n\u0131f \u00f6\u011frencisi Kadir K\u0131rm\u0131z\u0131g\u00f6l (15) ve end\u00fcstri meslek Lisesi &hellip; <a href=\"https:\/\/akdenizolaygazetesi.com\/?p=1212\" class=\"more-link\">Devam\u0131n\u0131 Oku&#8230;<\/a><\/p>\n","protected":false},"author":1,"featured_media":0,"comment_status":"open","ping_status":"open","sticky":false,"template":"","format":"standard","meta":[],"categories":[],"tags":[],"_links":{"self":[{"href":"https:\/\/akdenizolaygazetesi.com\/index.php?rest_route=\/wp\/v2\/posts\/1212"}],"collection":[{"href":"https:\/\/akdenizolaygazetesi.com\/index.php?rest_route=\/wp\/v2\/posts"}],"about":[{"href":"https:\/\/akdenizolaygazetesi.com\/index.php?rest_route=\/wp\/v2\/types\/post"}],"author":[{"embeddable":true,"href":"https:\/\/akdenizolaygazetesi.com\/index.php?rest_route=\/wp\/v2\/users\/1"}],"replies":[{"embeddable":true,"href":"https:\/\/akdenizolaygazetesi.com\/index.php?rest_route=%2Fwp%2Fv2%2Fcomments&post=1212"}],"version-history":[{"count":0,"href":"https:\/\/akdenizolaygazetesi.com\/index.php?rest_route=\/wp\/v2\/posts\/1212\/revisions"}],"wp:attachment":[{"href":"https:\/\/akdenizolaygazetesi.com\/index.php?rest_route=%2Fwp%2Fv2%2Fmedia&parent=1212"}],"wp:term":[{"taxonomy":"category","embeddable":true,"href":"https:\/\/akdenizolaygazetesi.com\/index.php?rest_route=%2Fwp%2Fv2%2Fcategories&post=1212"},{"taxonomy":"post_tag","embeddable":true,"href":"https:\/\/akdenizolaygazetesi.com\/index.php?rest_route=%2Fwp%2Fv2%2Ftags&post=1212"}],"curies":[{"name":"wp","href":"https:\/\/api.w.org\/{rel}","templated":true}]}}