{"id":12127,"date":"2021-04-30T10:42:47","date_gmt":"2021-04-30T07:42:47","guid":{"rendered":"http:\/\/akdenizolaygazetesi.com\/?p=12127"},"modified":"2021-04-30T10:43:33","modified_gmt":"2021-04-30T07:43:33","slug":"buyuksehir-kariyer-merkezi-online-kariyer-gunlerine-ev-sahipligi-yapacak","status":"publish","type":"post","link":"https:\/\/akdenizolaygazetesi.com\/?p=12127","title":{"rendered":"B\u00dcY\u00dcK\u015eEH\u0130R KAR\u0130YER MERKEZ\u0130, \u2018ONL\u0130NE KAR\u0130YER G\u00dcNLER\u0130\u2019NE EV SAH\u0130PL\u0130\u011e\u0130 YAPACAK"},"content":{"rendered":"<p>Mersin B\u00fcy\u00fck\u015fehir Belediye Ba\u015fkan\u0131 Vahap Se\u00e7er\u2019in vizyon projesi olan Kariyer Merkezi, \u00f6nemli \u00e7al\u0131\u015fmalara imza atmaya devam ediyor. Kariyer Merkezi, 6-7 May\u0131s\u2019ta d\u00fczenlenecek olan \u2018Online Kariyer G\u00fcnleri\u2019ne ev sahipli\u011fi yapmaya haz\u0131rlan\u0131yor. 2 g\u00fcn s\u00fcrecek ve 6 oturumda ger\u00e7ekle\u015ftirilecek Kariyer G\u00fcnleri\u2019nde 17 davetli konu\u015fmac\u0131, \u2018Kariyerinde Fark Yarat\u2019 slogan\u0131yla \u00fcniversiteliler ile bulu\u015facak.<\/p>\n<p>6 oturumda 17 konu\u015fmac\u0131 \u00f6\u011frencilerle bulu\u015facak<\/p>\n<p>Kariyer Merkezi M\u00fcd\u00fcr\u00fc Serkan \u00d6zada, ulusal ve uluslararas\u0131 markalar\u0131n y\u00f6neticili\u011fini yapan \u00e7ok \u00f6nemli 17 ismin \u2018Online Kariyer G\u00fcnleri\u2019ne konuk olup \u00f6\u011frencilerle bulu\u015faca\u011f\u0131n\u0131 belirterek, Kariyer G\u00fcnleri\u2019nin planlama s\u00fcrecinde \u00fcniversiteler ve payda\u015flar\u0131yla s\u0131k s\u0131k bir araya gelerek \u00f6\u011frenciler i\u00e7in en \u00f6nemli g\u00fcndem ve bu g\u00fcndemi en iyi \u015fekilde aktaracak isimler \u00fczerine \u00e7al\u0131\u015ft\u0131klar\u0131n\u0131 vurgulad\u0131.<\/p>\n<p>\u201cDi\u011fer illere \u00f6rnek olacak projelere imza att\u0131k\u201d<\/p>\n<p>Pandeminin getirdi\u011fi belirsizli\u011fe ra\u011fmen \u00e7ok k\u0131sa bir s\u00fcrede i\u015f arayanlara, \u00f6\u011frencilere ve i\u015fverenlere yeni nesil dijital ara\u00e7larla katk\u0131 sa\u011flamaya \u00e7al\u0131\u015ft\u0131klar\u0131n\u0131 belirten \u00d6zada, \u201cMersin B\u00fcy\u00fck\u015fehir Belediyesi Kariyer Merkezi olarak i\u015f birli\u011fi vizyonuna uygun bir \u015fekilde ilimizde kamu kurulu\u015flar\u0131, odalar, \u00fcniversiteler, sivil toplum kurulu\u015flar\u0131 gibi Mersin\u2019in dinamikleri ile pandemi s\u00fcreci \u00f6ncesinde koordinasyon sa\u011flad\u0131k ve  i\u015f birli\u011fi i\u00e7erisinde ger\u00e7ekle\u015ftirdi\u011fimiz \u00e7al\u0131\u015fmalarla da di\u011fer illere \u00f6rnek olacak projelere imza att\u0131k\u201d dedi.<\/p>\n<p>\u00d6zada, Online Kariyer G\u00fcnleri\u2019nde her \u00fcniversitenin Kariyer Merkez yetkilisinin bir oturumu y\u00f6netece\u011fini de belirterek, \u201cKariyer Merkezimizin rol model olmas\u0131 ve \u0130l Milli E\u011fitim b\u00fcnyesinde kurulan Kariyer Merkezi\u2019nin de bir oturumu y\u00f6netecek olmas\u0131 hem sevindirici bir geli\u015fme hem de i\u015f birli\u011fi k\u00fclt\u00fcr\u00fcn\u00fcn yaratt\u0131\u011f\u0131 sinerji olmu\u015ftur\u201d diye konu\u015ftu.<\/p>\n","protected":false},"excerpt":{"rendered":"<p>Mersin B\u00fcy\u00fck\u015fehir Belediye Ba\u015fkan\u0131 Vahap Se\u00e7er\u2019in vizyon projesi olan Kariyer Merkezi, \u00f6nemli \u00e7al\u0131\u015fmalara imza atmaya devam ediyor. Kariyer Merkezi, 6-7 May\u0131s\u2019ta d\u00fczenlenecek olan \u2018Online Kariyer G\u00fcnleri\u2019ne ev sahipli\u011fi yapmaya haz\u0131rlan\u0131yor. &hellip; <a href=\"https:\/\/akdenizolaygazetesi.com\/?p=12127\" class=\"more-link\">Devam\u0131n\u0131 Oku&#8230;<\/a><\/p>\n","protected":false},"author":2,"featured_media":12129,"comment_status":"open","ping_status":"open","sticky":false,"template":"","format":"standard","meta":[],"categories":[1,2,3,5],"tags":[],"_links":{"self":[{"href":"https:\/\/akdenizolaygazetesi.com\/index.php?rest_route=\/wp\/v2\/posts\/12127"}],"collection":[{"href":"https:\/\/akdenizolaygazetesi.com\/index.php?rest_route=\/wp\/v2\/posts"}],"about":[{"href":"https:\/\/akdenizolaygazetesi.com\/index.php?rest_route=\/wp\/v2\/types\/post"}],"author":[{"embeddable":true,"href":"https:\/\/akdenizolaygazetesi.com\/index.php?rest_route=\/wp\/v2\/users\/2"}],"replies":[{"embeddable":true,"href":"https:\/\/akdenizolaygazetesi.com\/index.php?rest_route=%2Fwp%2Fv2%2Fcomments&post=12127"}],"version-history":[{"count":1,"href":"https:\/\/akdenizolaygazetesi.com\/index.php?rest_route=\/wp\/v2\/posts\/12127\/revisions"}],"predecessor-version":[{"id":12128,"href":"https:\/\/akdenizolaygazetesi.com\/index.php?rest_route=\/wp\/v2\/posts\/12127\/revisions\/12128"}],"wp:featuredmedia":[{"embeddable":true,"href":"https:\/\/akdenizolaygazetesi.com\/index.php?rest_route=\/wp\/v2\/media\/12129"}],"wp:attachment":[{"href":"https:\/\/akdenizolaygazetesi.com\/index.php?rest_route=%2Fwp%2Fv2%2Fmedia&parent=12127"}],"wp:term":[{"taxonomy":"category","embeddable":true,"href":"https:\/\/akdenizolaygazetesi.com\/index.php?rest_route=%2Fwp%2Fv2%2Fcategories&post=12127"},{"taxonomy":"post_tag","embeddable":true,"href":"https:\/\/akdenizolaygazetesi.com\/index.php?rest_route=%2Fwp%2Fv2%2Ftags&post=12127"}],"curies":[{"name":"wp","href":"https:\/\/api.w.org\/{rel}","templated":true}]}}