{"id":1213,"date":"2020-11-04T18:21:48","date_gmt":"2020-11-04T15:21:48","guid":{"rendered":"http:\/\/mersinekonomipolitikagazetesi.com\/?p=1213"},"modified":"2020-11-04T18:21:48","modified_gmt":"2020-11-04T15:21:48","slug":"gelecegin-modacilari-hunerlerini-sergilediler","status":"publish","type":"post","link":"https:\/\/akdenizolaygazetesi.com\/?p=1213","title":{"rendered":"GELECE\u011e\u0130N MODACILARI H\u00dcNERLER\u0130N\u0130 SERG\u0130LED\u0130LER"},"content":{"rendered":"<p>Mersin \u015eevket Pozcu Mesleki ve Teknik Lisesi y\u00f6netimi taraf\u0131ndan haz\u0131rlanan etkinlikte \u00f6\u011frenciler mesleki h\u00fcnerlerini sergilediler.<\/p>\n<p>Mersin \u015eevket Pozcu Mesleki ve Teknik Lisesi \u00f6\u011frencilerinin y\u0131lsonu dolay\u0131s\u0131yla yapt\u0131klar\u0131 \u00e7al\u0131\u015fmalar\u0131n sergilendi\u011fi etkinlik kapsam\u0131nda, \u00f6\u011frencilerin, sa\u00e7, kost\u00fcm, makyaj, y\u00fcz maskesi tasar\u0131mlar\u0131 bran\u015flar\u0131nda yetenekleri sergilendi.<br \/>\nOkul \u00f6\u011frencilerinin modellik yapt\u0131\u011f\u0131 etkinlikte, yine okul y\u00f6netiminden olu\u015fturulan j\u00fcri taraf\u0131ndan puanlama ve de\u011ferlendirmeler ger\u00e7ekle\u015fti. Yap\u0131lan de\u011ferlendirmeler sonucu dereceye giren \u00f6\u011frencilere para ve madalya \u00f6d\u00fclleri takdim edildi.<br \/>\nSabah saatlerinde ba\u015flayan etkinlik kapsam\u0131nda \u00f6\u011frencilerin haz\u0131rlad\u0131klar\u0131 yemek ve aperatif yiyecekler gelen konuklara ikram \u015feklinde servis edilirken, roman danslar\u0131 ve halk oyunlar\u0131 g\u00f6sterileri de etkinli\u011fe ayr\u0131 bir renk katt\u0131.<br \/>\nBu t\u00fcr etkinliklerin, \u00f6\u011frencileri te\u015fvik ve mesleki heveslerinin artt\u0131r\u0131lmas\u0131 a\u00e7\u0131s\u0131ndan \u00f6nemini vurgulayan veliler yap\u0131lan \u00e7al\u0131\u015fmalar\u0131 ba\u015far\u0131l\u0131 ve g\u00f6rsel zenginlikte bulduklar\u0131n\u0131 ifade ettiler.<br \/>\nMersin&#8217;in yerel gruplar\u0131ndan &#8221;SoundRock&#8221; grubunun sahne ald\u0131\u011f\u0131 etkinlik grubun sevilen par\u00e7alar\u0131 ile son bulurken, bu t\u00fcr etkinliklerin hem sanatsal hem k\u00fclt\u00fcrel a\u00e7\u0131dan geli\u015fim i\u00e7in her okulda ger\u00e7ekle\u015fmesi gerekti\u011fi vurguland\u0131.<\/p>\n","protected":false},"excerpt":{"rendered":"<p>Mersin \u015eevket Pozcu Mesleki ve Teknik Lisesi y\u00f6netimi taraf\u0131ndan haz\u0131rlanan etkinlikte \u00f6\u011frenciler mesleki h\u00fcnerlerini sergilediler. Mersin \u015eevket Pozcu Mesleki ve Teknik Lisesi \u00f6\u011frencilerinin y\u0131lsonu dolay\u0131s\u0131yla yapt\u0131klar\u0131 \u00e7al\u0131\u015fmalar\u0131n sergilendi\u011fi etkinlik kapsam\u0131nda, &hellip; <a href=\"https:\/\/akdenizolaygazetesi.com\/?p=1213\" class=\"more-link\">Devam\u0131n\u0131 Oku&#8230;<\/a><\/p>\n","protected":false},"author":1,"featured_media":0,"comment_status":"open","ping_status":"open","sticky":false,"template":"","format":"standard","meta":[],"categories":[],"tags":[],"_links":{"self":[{"href":"https:\/\/akdenizolaygazetesi.com\/index.php?rest_route=\/wp\/v2\/posts\/1213"}],"collection":[{"href":"https:\/\/akdenizolaygazetesi.com\/index.php?rest_route=\/wp\/v2\/posts"}],"about":[{"href":"https:\/\/akdenizolaygazetesi.com\/index.php?rest_route=\/wp\/v2\/types\/post"}],"author":[{"embeddable":true,"href":"https:\/\/akdenizolaygazetesi.com\/index.php?rest_route=\/wp\/v2\/users\/1"}],"replies":[{"embeddable":true,"href":"https:\/\/akdenizolaygazetesi.com\/index.php?rest_route=%2Fwp%2Fv2%2Fcomments&post=1213"}],"version-history":[{"count":0,"href":"https:\/\/akdenizolaygazetesi.com\/index.php?rest_route=\/wp\/v2\/posts\/1213\/revisions"}],"wp:attachment":[{"href":"https:\/\/akdenizolaygazetesi.com\/index.php?rest_route=%2Fwp%2Fv2%2Fmedia&parent=1213"}],"wp:term":[{"taxonomy":"category","embeddable":true,"href":"https:\/\/akdenizolaygazetesi.com\/index.php?rest_route=%2Fwp%2Fv2%2Fcategories&post=1213"},{"taxonomy":"post_tag","embeddable":true,"href":"https:\/\/akdenizolaygazetesi.com\/index.php?rest_route=%2Fwp%2Fv2%2Ftags&post=1213"}],"curies":[{"name":"wp","href":"https:\/\/api.w.org\/{rel}","templated":true}]}}