{"id":12134,"date":"2021-04-30T16:52:15","date_gmt":"2021-04-30T13:52:15","guid":{"rendered":"http:\/\/akdenizolaygazetesi.com\/?p=12134"},"modified":"2021-04-30T16:53:20","modified_gmt":"2021-04-30T13:53:20","slug":"gultak-1-mayis-isci-bayramini-kutladi","status":"publish","type":"post","link":"https:\/\/akdenizolaygazetesi.com\/?p=12134","title":{"rendered":"G\u00dcLTAK; 1 MAYIS \u0130\u015e\u00c7\u0130 BAYRAMI\u2019NI KUTLADI"},"content":{"rendered":"<p>Ba\u015fkan G\u00fcltak; \u201c1 May\u0131s Emek ve Dayan\u0131\u015fma G\u00fcn\u00fc\u201d dolay\u0131s\u0131yla yay\u0131nlad\u0131\u011f\u0131 kutlama mesaj\u0131nda, eme\u011fin en y\u00fcce de\u011fer oldu\u011funun alt\u0131n\u0131 \u00e7izdi. Ba\u015fkan G\u00fcltak; \u201cKoronavir\u00fcs salg\u0131n\u0131 nedeniyle, i\u00e7inden ge\u00e7ti\u011fimiz bu zorlu d\u00f6nemde dahi \u00fclkemizin kalk\u0131nmas\u0131 m\u00fccadelesinde, eme\u011fi ve al\u0131n teriyle en b\u00fcy\u00fck paya sahip olan i\u015f\u00e7i karde\u015flerimizin, emek bayram\u0131n\u0131 tebrik ediyorum\u201d dedi.<br \/>\nAkdeniz Belediye Ba\u015fkan\u0131 M. Mustafa G\u00fcltak, \u201c1 May\u0131s \u0130\u015f\u00e7i Bayram\u0131\u201d nedeniyle yay\u0131nlad\u0131\u011f\u0131 mesaj\u0131nda, \u00fclkelerin ekonomik g\u00fcc\u00fc ve refah seviyesinin y\u00fckselmesi noktas\u0131nda, i\u015f\u00e7i kesiminin \u00e7ok b\u00fcy\u00fck emek ve katk\u0131s\u0131 oldu\u011funu vurgulad\u0131. \u201c\u00dclkemizin en de\u011ferli varl\u0131klar\u0131ndan birisi de sahip oldu\u011fu emek g\u00fcc\u00fcd\u00fcr. Zira emek; k\u00fclt\u00fcr\u00fcm\u00fczde, geleneklerimizde ve de inanc\u0131m\u0131zda en y\u00fcce de\u011ferlerden biridir\u201d diyen Ba\u015fkan G\u00fcltak; \u2018Hakk\u0131n, her zaman hak edene verilmesi\u2019 gerekti\u011finin alt\u0131n\u0131 \u00e7izdi\u011fi mesaj\u0131nda \u015fu ifadelere yer verdi;<br \/>\n\u201cAkdeniz Belediyesi olarak; sosyal belediyecilik ilkesi gere\u011fi; i\u015f\u00e7i ve emek\u00e7inin her zaman yan\u0131nday\u0131z. \u0130\u015f\u00e7i ve emek\u00e7ilerin, \u00f6zl\u00fck haklar\u0131 ve \u00e7al\u0131\u015fma \u015fartlar\u0131n\u0131n iyile\u015ftirilmesinin yan\u0131 s\u0131ra, sahip olduklar\u0131 yasal ve anayasal haklar\u0131na sahip \u00e7\u0131k\u0131lmas\u0131 noktas\u0131nda da \u00fczerimize d\u00fc\u015fen sorumlulu\u011fun fark\u0131nday\u0131z. Nitekim toplu i\u015f s\u00f6zle\u015fmemizde, belediyemizin imk\u00e2nlar\u0131n\u0131 zorlayarak olabilecek en y\u00fcksek oranda \u00fccret art\u0131\u015f\u0131 sa\u011flad\u0131k.<br \/>\nYine gece-g\u00fcnd\u00fcz demeden salg\u0131n ile m\u00fccadele ekibinde yer alan i\u015f\u00e7i karde\u015flerimizin her birine 500\u2019er TL destek sa\u011flad\u0131k. \u0130yi g\u00fcn\u00fcnde de zor g\u00fcn\u00fcnde de i\u015f\u00e7ilerimizin her zaman yan\u0131nda olmaya devam edece\u011fiz. Bu duygu ve d\u00fc\u015f\u00fcncelerle; \u00fclkemizin kalk\u0131nmas\u0131 m\u00fccadelesinde al\u0131n teri d\u00f6ken, genelde \u00fclkemiz emek\u00e7ilerinin, \u00f6zelde de belediyemizde \u00e7al\u0131\u015fan i\u015f\u00e7i karde\u015flerimizin, \u20181 May\u0131s Emek ve Dayan\u0131\u015fma G\u00fcn\u00fc\u2019n\u00fc g\u00f6n\u00fclden tebrik ediyor; kendilerine ve ailelerine sa\u011fl\u0131k, huzur ve mutluluk diliyorum.\u201d<\/p>\n","protected":false},"excerpt":{"rendered":"<p>Ba\u015fkan G\u00fcltak; \u201c1 May\u0131s Emek ve Dayan\u0131\u015fma G\u00fcn\u00fc\u201d dolay\u0131s\u0131yla yay\u0131nlad\u0131\u011f\u0131 kutlama mesaj\u0131nda, eme\u011fin en y\u00fcce de\u011fer oldu\u011funun alt\u0131n\u0131 \u00e7izdi. Ba\u015fkan G\u00fcltak; \u201cKoronavir\u00fcs salg\u0131n\u0131 nedeniyle, i\u00e7inden ge\u00e7ti\u011fimiz bu zorlu d\u00f6nemde dahi &hellip; <a href=\"https:\/\/akdenizolaygazetesi.com\/?p=12134\" class=\"more-link\">Devam\u0131n\u0131 Oku&#8230;<\/a><\/p>\n","protected":false},"author":2,"featured_media":12136,"comment_status":"open","ping_status":"open","sticky":false,"template":"","format":"standard","meta":[],"categories":[34,1,2,3,5],"tags":[],"_links":{"self":[{"href":"https:\/\/akdenizolaygazetesi.com\/index.php?rest_route=\/wp\/v2\/posts\/12134"}],"collection":[{"href":"https:\/\/akdenizolaygazetesi.com\/index.php?rest_route=\/wp\/v2\/posts"}],"about":[{"href":"https:\/\/akdenizolaygazetesi.com\/index.php?rest_route=\/wp\/v2\/types\/post"}],"author":[{"embeddable":true,"href":"https:\/\/akdenizolaygazetesi.com\/index.php?rest_route=\/wp\/v2\/users\/2"}],"replies":[{"embeddable":true,"href":"https:\/\/akdenizolaygazetesi.com\/index.php?rest_route=%2Fwp%2Fv2%2Fcomments&post=12134"}],"version-history":[{"count":2,"href":"https:\/\/akdenizolaygazetesi.com\/index.php?rest_route=\/wp\/v2\/posts\/12134\/revisions"}],"predecessor-version":[{"id":12137,"href":"https:\/\/akdenizolaygazetesi.com\/index.php?rest_route=\/wp\/v2\/posts\/12134\/revisions\/12137"}],"wp:featuredmedia":[{"embeddable":true,"href":"https:\/\/akdenizolaygazetesi.com\/index.php?rest_route=\/wp\/v2\/media\/12136"}],"wp:attachment":[{"href":"https:\/\/akdenizolaygazetesi.com\/index.php?rest_route=%2Fwp%2Fv2%2Fmedia&parent=12134"}],"wp:term":[{"taxonomy":"category","embeddable":true,"href":"https:\/\/akdenizolaygazetesi.com\/index.php?rest_route=%2Fwp%2Fv2%2Fcategories&post=12134"},{"taxonomy":"post_tag","embeddable":true,"href":"https:\/\/akdenizolaygazetesi.com\/index.php?rest_route=%2Fwp%2Fv2%2Ftags&post=12134"}],"curies":[{"name":"wp","href":"https:\/\/api.w.org\/{rel}","templated":true}]}}