{"id":12139,"date":"2021-05-01T16:29:59","date_gmt":"2021-05-01T13:29:59","guid":{"rendered":"http:\/\/akdenizolaygazetesi.com\/?p=12139"},"modified":"2021-05-01T16:30:47","modified_gmt":"2021-05-01T13:30:47","slug":"buyuksehir-ihtiyac-sahibi-vatandaslara-ramazan-kolisi-ulastiriyor","status":"publish","type":"post","link":"https:\/\/akdenizolaygazetesi.com\/?p=12139","title":{"rendered":"B\u00dcY\u00dcK\u015eEH\u0130R, \u0130HT\u0130YA\u00c7 SAH\u0130B\u0130 VATANDA\u015eLARA RAMAZAN KOL\u0130S\u0130 ULA\u015eTIRIYOR"},"content":{"rendered":"<p>Mersin B\u00fcy\u00fck\u015fehir Belediyesi, sosyal belediyecilik anlay\u0131\u015f\u0131yla ihtiya\u00e7 sahibi vatanda\u015flara hizmet ula\u015ft\u0131rmaya devam ediyor. B\u00fcy\u00fck\u015fehir Belediyesi Sosyal Hizmetler Dairesi \u00f6nc\u00fcl\u00fc\u011f\u00fcnde \u2018Biriz Beraberiz\u2019 slogan\u0131yla bu Ramazan ay\u0131nda da ihtiya\u00e7 sahibi vatanda\u015flara g\u0131da kolisi da\u011f\u0131t\u0131l\u0131yor. Hijyenik bir ortamda \u00f6zenle haz\u0131rlanan koliler, ekipler taraf\u0131ndan 13 il\u00e7ede tespit edilen vatanda\u015flar\u0131n evlerine ula\u015ft\u0131r\u0131l\u0131yor.<\/p>\n<p>B\u00fcy\u00fck\u015fehir, tam kapanmada hizmetlerini aral\u0131ks\u0131z s\u00fcrd\u00fcrecek<\/p>\n<p>B\u00fcy\u00fck\u015fehir Belediyesi\u2019nin haz\u0131rlad\u0131\u011f\u0131, i\u00e7erisinde s\u0131v\u0131 ya\u011f, makarna, \u015feker, pirin\u00e7, bulgur, tuz, un, zeytin gibi temel g\u0131da maddelerinin yer ald\u0131\u011f\u0131 Ramazan kolileri, yurtta\u015flar\u0131n mutfa\u011f\u0131na girecek. Koronavir\u00fcs salg\u0131n\u0131 nedeniyle t\u00fcm \u00fclkede ilan edilen 17 g\u00fcnl\u00fck tam kapanma s\u00fcrecinde de g\u0131da kolilerinin yan\u0131 s\u0131ra da\u011f\u0131t\u0131m\u0131 ger\u00e7ekle\u015ftirilen \u00fccretsiz iftar yemekleri, \u2018S\u00fct Senin Gurur Mersin\u2019in\u2019 projesi kapsam\u0131nda s\u00fct ve ku\u015f \u00fcz\u00fcm\u00fc da\u011f\u0131t\u0131m\u0131 gibi hizmetler aral\u0131ks\u0131z s\u00fcrd\u00fcr\u00fclecek. G\u0131da kolilerinin 4 merkez il\u00e7ede ve genelde da\u011f\u0131t\u0131m\u0131 Sosyal Hizmetler Dairesi taraf\u0131ndan ger\u00e7ekle\u015ftirilirken, di\u011fer il\u00e7elerde ise Muhtarl\u0131k \u0130\u015fleri Dairesi koordinesinde da\u011f\u0131t\u0131m yap\u0131l\u0131yor.<\/p>\n<p>\u201cMahallelerde kap\u0131 kap\u0131 dola\u015farak vatanda\u015flar\u0131m\u0131za g\u0131da kolilerini ula\u015ft\u0131r\u0131yoruz\u201d<\/p>\n<p>\u0130htiya\u00e7 sahibi vatanda\u015flar i\u00e7in haz\u0131rlanan g\u0131da kolilerine ili\u015fkin bilgi veren Sosyal Hizmetler Dairesi Sosyal Yard\u0131mlar \u015eube M\u00fcd\u00fcr\u00fc Engin Y\u0131ld\u0131r\u0131m, \u201cMersin B\u00fcy\u00fck\u015fehir Belediyesi olarak bu Ramazan ay\u0131nda da ihtiya\u00e7 sahibi vatanda\u015flar\u0131m\u0131za g\u0131da kolilerimizi ula\u015ft\u0131rmaktay\u0131z. Veri taban\u0131m\u0131zda bulunan ihtiya\u00e7 sahibi vatanda\u015flar\u0131m\u0131z\u0131 sistemimizde tespit ediyoruz. Kolilerimizi da\u011f\u0131tan arkada\u015flar\u0131m\u0131z bu listelerle mahallelerde kap\u0131 kap\u0131 dola\u015farak vatanda\u015flar\u0131m\u0131za bu g\u0131da kolilerini ula\u015ft\u0131r\u0131yorlar. 13 il\u00e7emizde ba\u015flatt\u0131\u011f\u0131m\u0131z bu da\u011f\u0131t\u0131m devam etmektedir\u201d dedi.<\/p>\n<p>\u201cKapanma s\u00fcrecinde vatanda\u015flar\u0131m\u0131za tam anlam\u0131yla destek olmak ad\u0131na 7\/24 haz\u0131r\u0131z\u201d<\/p>\n<p>Ramazan ay\u0131n\u0131n sonuna kadar da\u011f\u0131t\u0131mlar\u0131n devam edece\u011fini s\u00f6zlerine ekleyen Y\u0131ld\u0131r\u0131m, \u015funlar\u0131 s\u00f6yledi:<\/p>\n<p>\u201c\u00d6zellikle pandemi s\u00fcrecinin yo\u011funla\u015ft\u0131\u011f\u0131 ve tam kapanmalar\u0131n ya\u015fand\u0131\u011f\u0131 bu d\u00f6nemde bu hizmetlerimiz \u00e7ok anlaml\u0131 hale geliyor. Biz bu s\u00fcre\u00e7te Mersin B\u00fcy\u00fck\u015fehir Belediyesi olarak hem g\u0131da kolisi hem s\u00fct hem ku\u015f \u00fcz\u00fcm\u00fc hem de iftar yemekleri ile vatanda\u015flar\u0131m\u0131za hizmet sunuyoruz. Maddi durumu yeterli olmayan vatanda\u015flar\u0131m\u0131za bu kapanma s\u00fcrecinde tam anlam\u0131yla destek olmak ad\u0131na 7\/24 Mersin B\u00fcy\u00fck\u015fehir Belediyesi olarak haz\u0131r\u0131z. Arkada\u015flar\u0131m\u0131z hijyen ko\u015fullar\u0131na uygun bir \u015fekilde \u00f6zenle \u00e7al\u0131\u015f\u0131yor. Vatanda\u015flar\u0131m\u0131za ula\u015ft\u0131rd\u0131\u011f\u0131m\u0131z \u00fcr\u00fcnlerin hijyenik olmas\u0131 i\u00e7in gayret g\u00f6steriyoruz.\u201d<\/p>\n<p>\u201cMersin halk\u0131n\u0131n Ramazan ay\u0131n\u0131 kutluyor, hay\u0131rl\u0131 Ramazanlar diliyoruz\u201d<\/p>\n<p>G\u0131da kolilerini haz\u0131rlayan yetkililerden Mustafa Eren, ihtiya\u00e7 sahibi vatanda\u015flara da\u011f\u0131t\u0131lmak \u00fczere Ramazan kolilerinin \u00f6zenle haz\u0131rland\u0131\u011f\u0131n\u0131 ifade ederek, \u201cRamazan kolilerini biz burada haz\u0131rl\u0131yoruz. Koliler toplamda 17,5 kilo olarak haz\u0131rlan\u0131p i\u00e7erisinde 2 s\u0131v\u0131 ya\u011f, 7 \u00e7e\u015fit makarna, \u015feker, pirin\u00e7, bulgur, tuz, un ve zeytin yer al\u0131yor. Mersin halk\u0131n\u0131n Ramazan ay\u0131n\u0131 kutluyor, hay\u0131rl\u0131 Ramazanlar diliyoruz\u201d ifadelerine yer verdi.<\/p>\n","protected":false},"excerpt":{"rendered":"<p>Mersin B\u00fcy\u00fck\u015fehir Belediyesi, sosyal belediyecilik anlay\u0131\u015f\u0131yla ihtiya\u00e7 sahibi vatanda\u015flara hizmet ula\u015ft\u0131rmaya devam ediyor. B\u00fcy\u00fck\u015fehir Belediyesi Sosyal Hizmetler Dairesi \u00f6nc\u00fcl\u00fc\u011f\u00fcnde \u2018Biriz Beraberiz\u2019 slogan\u0131yla bu Ramazan ay\u0131nda da ihtiya\u00e7 sahibi vatanda\u015flara g\u0131da &hellip; <a href=\"https:\/\/akdenizolaygazetesi.com\/?p=12139\" class=\"more-link\">Devam\u0131n\u0131 Oku&#8230;<\/a><\/p>\n","protected":false},"author":2,"featured_media":12141,"comment_status":"open","ping_status":"open","sticky":false,"template":"","format":"standard","meta":[],"categories":[34,1,3],"tags":[],"_links":{"self":[{"href":"https:\/\/akdenizolaygazetesi.com\/index.php?rest_route=\/wp\/v2\/posts\/12139"}],"collection":[{"href":"https:\/\/akdenizolaygazetesi.com\/index.php?rest_route=\/wp\/v2\/posts"}],"about":[{"href":"https:\/\/akdenizolaygazetesi.com\/index.php?rest_route=\/wp\/v2\/types\/post"}],"author":[{"embeddable":true,"href":"https:\/\/akdenizolaygazetesi.com\/index.php?rest_route=\/wp\/v2\/users\/2"}],"replies":[{"embeddable":true,"href":"https:\/\/akdenizolaygazetesi.com\/index.php?rest_route=%2Fwp%2Fv2%2Fcomments&post=12139"}],"version-history":[{"count":1,"href":"https:\/\/akdenizolaygazetesi.com\/index.php?rest_route=\/wp\/v2\/posts\/12139\/revisions"}],"predecessor-version":[{"id":12140,"href":"https:\/\/akdenizolaygazetesi.com\/index.php?rest_route=\/wp\/v2\/posts\/12139\/revisions\/12140"}],"wp:featuredmedia":[{"embeddable":true,"href":"https:\/\/akdenizolaygazetesi.com\/index.php?rest_route=\/wp\/v2\/media\/12141"}],"wp:attachment":[{"href":"https:\/\/akdenizolaygazetesi.com\/index.php?rest_route=%2Fwp%2Fv2%2Fmedia&parent=12139"}],"wp:term":[{"taxonomy":"category","embeddable":true,"href":"https:\/\/akdenizolaygazetesi.com\/index.php?rest_route=%2Fwp%2Fv2%2Fcategories&post=12139"},{"taxonomy":"post_tag","embeddable":true,"href":"https:\/\/akdenizolaygazetesi.com\/index.php?rest_route=%2Fwp%2Fv2%2Ftags&post=12139"}],"curies":[{"name":"wp","href":"https:\/\/api.w.org\/{rel}","templated":true}]}}