{"id":12142,"date":"2021-05-01T16:31:43","date_gmt":"2021-05-01T13:31:43","guid":{"rendered":"http:\/\/akdenizolaygazetesi.com\/?p=12142"},"modified":"2021-05-01T16:32:26","modified_gmt":"2021-05-01T13:32:26","slug":"tam-kapanmada-mersinliler-evde-buyuksehir-gorev-basinda","status":"publish","type":"post","link":"https:\/\/akdenizolaygazetesi.com\/?p=12142","title":{"rendered":"TAM KAPANMADA MERS\u0130NL\u0130LER EVDE, B\u00dcY\u00dcK\u015eEH\u0130R G\u00d6REV BA\u015eINDA"},"content":{"rendered":"<p>Koronavir\u00fcs tedbirleri kapsam\u0131nda 17 May\u0131s\u2019a kadar devam edecek olan \u2018tam kapanma\u2019 s\u00fcrecinde Mersin B\u00fcy\u00fck\u015fehir Belediyesi ekipleri, t\u00fcm birimleri ile g\u00f6revde olacak. Tam kapanman\u0131n ba\u015flamas\u0131yla birlikte ya\u015fan\u0131labilecek talep yo\u011funlu\u011funda herhangi bir aksakl\u0131k olmamas\u0131 i\u00e7in t\u00fcm ekipler Mersin\u2019in ve vatanda\u015flar\u0131n hizmetinde olacak. Bu s\u00fcre\u00e7te yol yap\u0131m bak\u0131m ve onar\u0131m, \u00e7evre d\u00fczenleme, park ve bah\u00e7eler, ila\u00e7lama hizmetleri h\u0131z kazanacak, ula\u015f\u0131m hizmetleri de aksamadan s\u00fcrecek.<\/p>\n<p>Yol yap\u0131m ve bak\u0131m ekiplerinin \u00e7al\u0131\u015fmalar\u0131 yo\u011funla\u015ft\u0131<\/p>\n<p>Yol Yap\u0131m Bak\u0131m ve Onar\u0131m Dairesi ekipleri, tam kapanma s\u00fcrecinde vatanda\u015f ve ara\u00e7 yo\u011funlu\u011funun azalmas\u0131 ile \u00f6nemli lokasyonlarda \u00e7al\u0131\u015fmalar yapacak. Tam kapanman\u0131n ilk g\u00fcn\u00fcnde \u00e7al\u0131\u015fmalar\u0131na sabah\u0131n erken saatlerinde ba\u015flayan ekipler, yol ve asfalt \u00e7al\u0131\u015fmalar\u0131 kapsam\u0131nda Akdeniz il\u00e7esi Kuvayi Milliye, Fasih Kayabal\u0131, \u00c7akmak, Cengiz Topel ve Fabrikalar caddelerinde yol ve asfalt \u00e7al\u0131\u015fmalar\u0131n\u0131 s\u00fcrd\u00fcr\u00fcyor.  Akdeniz B\u00f6lge Komutanl\u0131\u011f\u0131 Liman i\u00e7inde s\u0131cak asfalta haz\u0131rl\u0131k \u00e7al\u0131\u015fmas\u0131 y\u00fcr\u00fcten ekipler, \u00c7ay Mahallesi 6495. Sokak\u2019ta da asfalta haz\u0131rl\u0131k \u00e7al\u0131\u015fmas\u0131 y\u00fcr\u00fct\u00fcyor.<\/p>\n<p>Yeni\u015fehir il\u00e7esi 17.Cadde\u2019de ta\u015f duvar yap\u0131m\u0131 ekipler taraf\u0131ndan s\u00fcrd\u00fcr\u00fcl\u00fcrken, 4. \u00c7evre Yolu \u00e7al\u0131\u015fmalar\u0131na da h\u0131z verildi. Tarsus\u2019ta ise Yenice Atat\u00fcrk Bulvar\u0131\u2019nda yol ve asfalt \u00e7al\u0131\u015fmalar\u0131 kapsam\u0131nda kald\u0131r\u0131m s\u00f6k\u00fcm\u00fcn\u00fc ba\u015flatan ekipler, Tarsus Hali\u2019nde de asfalt \u00e7al\u0131\u015fmalar\u0131n\u0131 s\u00fcrd\u00fcr\u00fcyor. Tam kapanma s\u00fcrecine g\u00f6re d\u00fczenlenen plan ve yo\u011fun \u00e7al\u0131\u015fma sistemi ile ekipler, kentin bir\u00e7ok noktas\u0131nda yol yap\u0131m, bak\u0131m ve onar\u0131m \u00e7al\u0131\u015fmalar\u0131 y\u00fcr\u00fctecek.<\/p>\n<p>Park ve bah\u00e7eler hizmetleri s\u00fcrecek<\/p>\n<p>Vatanda\u015flar\u0131n yo\u011funlu\u011funun azalaca\u011f\u0131 bir di\u011fer alan da parklar olacak. Park ve Bah\u00e7eler Dairesi ekipleri, sahil \u015feridinde bulunan Atat\u00fcrk ve K\u00fclt\u00fcr Park ba\u015fta olmak \u00fczere kentin farkl\u0131 noktalar\u0131ndaki parklar ve ref\u00fcjlerde \u00e7im bak\u0131m\u0131, tesviye i\u015flemleri, bord\u00fcr ve bitki dikim bak\u0131m\u0131, genel temizlik, ila\u00e7lama ve temizlik \u00e7al\u0131\u015fmalar\u0131 ger\u00e7ekle\u015ftirecek. Bu s\u00fcre\u00e7te budama ekibi de yine i\u015f ba\u015f\u0131nda olacak ve budama zaman\u0131 gelen a\u011fa\u00e7 ve \u00e7al\u0131lar\u0131 budama i\u015flemine tabi tutacak.<\/p>\n<p>Ha\u015fere ile m\u00fccadele tam kapanmada da tam kapsaml\u0131 devam edecek<\/p>\n<p>Havalar\u0131n \u0131s\u0131nmas\u0131 ile birlikte ha\u015fere m\u00fccadelesine h\u0131z veren \u00c7evre Koruma ve Kontrol Dairesi ekipleri, tam kapanma boyunca ila\u00e7lama hizmetlerine tam kapsaml\u0131 bir \u015fekilde devam edecek. Ekipler, dere ve dere yata\u011f\u0131, r\u00f6gar, kanalizasyon, su birikintileri, apartman bodrum katlar\u0131, su kanallar\u0131 gibi alanlar\u0131 kendine \u00fcreme alan\u0131 yapan sivrisinek, karasinek, hamam b\u00f6ce\u011fi gibi canl\u0131lar\u0131n \u00fcremelerinin \u00f6n\u00fcne ge\u00e7mek i\u00e7in etkin bir vekt\u00f6r m\u00fccadelesi y\u00fcr\u00fctecek. \u0130la\u00e7lama ekipleri ye\u015fil aksamdan kaynakl\u0131 yaka\u011fan, beyaz sinek ve \u00e7ay\u0131r sine\u011fi t\u00fcrlerini de vatanda\u015flara rahats\u0131zl\u0131k vermeden yok edebilmek ad\u0131na s\u0131k\u0131 bir \u00e7al\u0131\u015fma temposuna girecek.<\/p>\n<p>Tam kapanma s\u00fcresinde toplu ta\u015f\u0131ma sefer saatlerinde de\u011fi\u015fikli\u011fe gidildi<\/p>\n<p>B\u00fcy\u00fck\u015fehir Belediyesi, tam kapanma s\u00fcreci boyunca toplu ta\u015f\u0131ma sefer saatlerine de yeni bir d\u00fczenleme getirdi. Tam kapanma s\u00fcrecince \u00e7al\u0131\u015fmak zorunda olan ve kapanmadan muaf olan vatanda\u015flar i\u00e7in ula\u015f\u0131m\u0131 aksatmayacak \u015fekilde yeni sefer saatleri d\u00fczenlendi. Vatanda\u015flar, merkez, Tarsus ve k\u0131rsal mahalleler i\u00e7in yeniden d\u00fczenlenen otob\u00fcs sefer saatlerine www.mersin.bel.tr sitesinde yer alan \u2018duyurular\u2019 k\u0131sm\u0131ndan ve yine ulasim.mersin.bel.tr sitesinde yer alan \u2018duyurular\u2019 k\u0131sm\u0131ndan ula\u015fabilecek.<\/p>\n<p>Zab\u0131ta ve itfaiye ekipleri de g\u00f6revde<\/p>\n<p>B\u00fcy\u00fck\u015fehir Belediyesi Zab\u0131ta Dairesi ekipleri de tam kapanma s\u00fcresince g\u00f6revde olacak. Bu \u00e7er\u00e7evede ekipler, halk\u0131n sa\u011fl\u0131\u011f\u0131, huzuru ve g\u00fcvenli\u011fi i\u00e7in 24 saat g\u00f6revlerini yerine getirecek.<\/p>\n<p>Trafik kazalar\u0131, arama-kurtarma operasyonlar\u0131 ve yang\u0131n gibi afetlere kar\u015f\u0131, \u0130tfaiye Daire ekipleri de g\u00f6rev ba\u015f\u0131nda olacak. Olas\u0131 afet ve tehlikeye kar\u015f\u0131 gerekli e\u011fitim ve donan\u0131ma sahip olan itfaiye ekipleri, vatanda\u015flar\u0131n zor zamanlar\u0131nda yanlar\u0131nda olmay\u0131 s\u00fcrd\u00fcrecek.<\/p>\n","protected":false},"excerpt":{"rendered":"<p>Koronavir\u00fcs tedbirleri kapsam\u0131nda 17 May\u0131s\u2019a kadar devam edecek olan \u2018tam kapanma\u2019 s\u00fcrecinde Mersin B\u00fcy\u00fck\u015fehir Belediyesi ekipleri, t\u00fcm birimleri ile g\u00f6revde olacak. Tam kapanman\u0131n ba\u015flamas\u0131yla birlikte ya\u015fan\u0131labilecek talep yo\u011funlu\u011funda herhangi bir &hellip; <a href=\"https:\/\/akdenizolaygazetesi.com\/?p=12142\" class=\"more-link\">Devam\u0131n\u0131 Oku&#8230;<\/a><\/p>\n","protected":false},"author":2,"featured_media":12144,"comment_status":"open","ping_status":"open","sticky":false,"template":"","format":"standard","meta":[],"categories":[34,1,3,5],"tags":[],"_links":{"self":[{"href":"https:\/\/akdenizolaygazetesi.com\/index.php?rest_route=\/wp\/v2\/posts\/12142"}],"collection":[{"href":"https:\/\/akdenizolaygazetesi.com\/index.php?rest_route=\/wp\/v2\/posts"}],"about":[{"href":"https:\/\/akdenizolaygazetesi.com\/index.php?rest_route=\/wp\/v2\/types\/post"}],"author":[{"embeddable":true,"href":"https:\/\/akdenizolaygazetesi.com\/index.php?rest_route=\/wp\/v2\/users\/2"}],"replies":[{"embeddable":true,"href":"https:\/\/akdenizolaygazetesi.com\/index.php?rest_route=%2Fwp%2Fv2%2Fcomments&post=12142"}],"version-history":[{"count":1,"href":"https:\/\/akdenizolaygazetesi.com\/index.php?rest_route=\/wp\/v2\/posts\/12142\/revisions"}],"predecessor-version":[{"id":12143,"href":"https:\/\/akdenizolaygazetesi.com\/index.php?rest_route=\/wp\/v2\/posts\/12142\/revisions\/12143"}],"wp:featuredmedia":[{"embeddable":true,"href":"https:\/\/akdenizolaygazetesi.com\/index.php?rest_route=\/wp\/v2\/media\/12144"}],"wp:attachment":[{"href":"https:\/\/akdenizolaygazetesi.com\/index.php?rest_route=%2Fwp%2Fv2%2Fmedia&parent=12142"}],"wp:term":[{"taxonomy":"category","embeddable":true,"href":"https:\/\/akdenizolaygazetesi.com\/index.php?rest_route=%2Fwp%2Fv2%2Fcategories&post=12142"},{"taxonomy":"post_tag","embeddable":true,"href":"https:\/\/akdenizolaygazetesi.com\/index.php?rest_route=%2Fwp%2Fv2%2Ftags&post=12142"}],"curies":[{"name":"wp","href":"https:\/\/api.w.org\/{rel}","templated":true}]}}