{"id":12145,"date":"2021-05-01T16:34:12","date_gmt":"2021-05-01T13:34:12","guid":{"rendered":"http:\/\/akdenizolaygazetesi.com\/?p=12145"},"modified":"2021-05-01T16:35:30","modified_gmt":"2021-05-01T13:35:30","slug":"toroslar-belediyesi-gonul-bagi-projesi-ile-tam-kapanma-surecinde-vatandaslarin-yaninda-olacak","status":"publish","type":"post","link":"https:\/\/akdenizolaygazetesi.com\/?p=12145","title":{"rendered":"TOROSLAR BELED\u0130YES\u0130, G\u00d6N\u00dcL BA\u011eI PROJES\u0130 \u0130LE TAM KAPANMA S\u00dcREC\u0130NDE VATANDA\u015eLARIN YANINDA OLACAK"},"content":{"rendered":"<p>Toroslar Belediyesi, 17 g\u00fcn s\u00fcrecek olan tam kapanma d\u00f6nemini vatanda\u015flar\u0131n sa\u011fl\u0131kl\u0131 ve huzur i\u00e7inde ge\u00e7irmelerini sa\u011flamak amac\u0131yla harekete ge\u00e7erek G\u00f6n\u00fcl Ba\u011f\u0131 Projesi&#8217;ni ba\u015flatt\u0131, 444 41 33 numaral\u0131 G\u00f6n\u00fcl Ba\u011f\u0131 Destek Hatt\u0131 kuruldu.<\/p>\n<p>Toroslar Belediye Ba\u015fkan\u0131 Ats\u0131z Af\u015f\u0131n Y\u0131lmaz, Toroslar halk\u0131n\u0131n s\u00fcre\u00e7 boyunca yanlar\u0131nda olacaklar\u0131n\u0131 ve hizmetlerin aksat\u0131lmadan s\u00fcrd\u00fcr\u00fclece\u011fini s\u00f6yledi.<\/p>\n<p>Koronavir\u00fcs salg\u0131n\u0131n\u0131n T\u00fcrkiye&#8217;de g\u00f6r\u00fcld\u00fc\u011f\u00fc ilk g\u00fcnden itibaren il\u00e7ede adeta seferberlik ilan eden Toroslar Belediyesi, s\u00fcrecin g\u00fcvenilir ve kontrol alt\u0131nda tutulabilir olmas\u0131 amac\u0131yla yapt\u0131\u011f\u0131 \u00e7al\u0131\u015fmalar\u0131na aral\u0131ks\u0131z devam ediyor.<\/p>\n<p>Sosyal belediyecilik anlay\u0131\u015f\u0131yla vatanda\u015flar\u0131n her an yanlar\u0131nda olan belediye, pandemi nedeniyle uygulanan 17 g\u00fcnl\u00fck tam kapanma s\u00fcrecine y\u00f6nelik gerekli tedbirlerini alarak G\u00f6n\u00fcl Ba\u011f\u0131 Projesi&#8217;ni hayata ge\u00e7irdi.<\/p>\n<p>Vatanda\u015flar, belediyenin 444 41 33 numaral\u0131 G\u00f6n\u00fcl Ba\u011f\u0131 Destek Hatt\u0131&#8217;n\u0131 arayarak, taleplerini ve ihtiya\u00e7lar\u0131n\u0131 belediye ekiplerinden olu\u015fturulan ilgili destek birimlerine iletebilecek.<\/p>\n<p>Proje kapsam\u0131nda Yunus Emre K\u00fclt\u00fcr Merkezi&#8217;nde olu\u015fturulan Ya\u015fl\u0131 Destek Birimi, Engelli Destek Birimi, Evde Bak\u0131m Hizmetleri Birimi, Taziye Hizmetleri Destek Birimi, Kad\u0131n Dan\u0131\u015fma Merkezi Destek Birimi, Tar\u0131m ve Sokak Hayvanlar\u0131 Destek Biriminin g\u00f6revlileri, vatanda\u015flar\u0131n ihtiya\u00e7lar\u0131 do\u011frultusunda sahada olacak.<\/p>\n<p>Ba\u015fkan Y\u0131lmaz; &#8220;Bu S\u00fcreci Dayan\u0131\u015fma ile Atlataca\u011f\u0131z, Birlikte Ba\u015faraca\u011f\u0131z&#8221;<\/p>\n<p>G\u00f6n\u00fcl Ba\u011f\u0131 Projesi&#8217;nin \u00e7al\u0131\u015fmalar\u0131n\u0131 yak\u0131ndan takip eden Toroslar Belediye Ba\u015fkan\u0131 Ats\u0131z Af\u015f\u0131n Y\u0131lmaz, \u00e7al\u0131\u015fmada yer alan personeline te\u015fekk\u00fcr ederek; &#8220;Bu s\u00fcre\u00e7te \u00f6nceli\u011fimiz, vatanda\u015flar\u0131m\u0131z\u0131n memnuniyeti ve ihtiya\u00e7lar\u0131na \u00e7\u00f6z\u00fcm \u00fcretmektir&#8221; dedi.<\/p>\n<p>T\u00fcm birim m\u00fcd\u00fcrleri ve belediye personeliyle birlikte vatanda\u015flar\u0131n yanlar\u0131nda olacaklar\u0131n\u0131 kaydeden Ba\u015fkan Y\u0131lmaz, bu zorlu s\u00fcrecin dayan\u0131\u015fma ile atlat\u0131laca\u011f\u0131n\u0131n alt\u0131n\u0131 \u00e7izerek; &#8220;Pandemi nedeniyle t\u00fcm d\u00fcnya ve \u00fclkemiz s\u0131k\u0131nt\u0131l\u0131 bir d\u00f6nemden ge\u00e7iyor. Salg\u0131na kar\u015f\u0131 bir y\u0131l\u0131 a\u015fk\u0131n s\u00fcredir tedbirlerimizi kararl\u0131l\u0131kla uygulamaya devam ediyoruz. \u0130n\u015fallah bu s\u00fcreci birlik ve beraberlik i\u00e7erisinde a\u015faca\u011f\u0131z. 17 g\u00fcnl\u00fck tam kapanma s\u00fcrecinde insanlar ailelerinin, akrabalar\u0131n\u0131n yan\u0131na gidemeyecek, bir tak\u0131m ihtiya\u00e7lar\u0131n\u0131 gideremeyecekler. Biz de Toroslar Belediyesi olarak vatanda\u015flar\u0131m\u0131z\u0131n her t\u00fcrl\u00fc s\u0131k\u0131nt\u0131s\u0131n\u0131, derdini \u00e7\u00f6zmek, belediyemizin hizmetleri d\u0131\u015f\u0131ndaki konularda da ilgili kurum ve kurulu\u015flara iletmek amac\u0131yla bir \u00e7al\u0131\u015fma ba\u015flatt\u0131k. Bu kapsamda G\u00f6n\u00fcl Ba\u011f\u0131 Projemizi hayata ge\u00e7irdik&#8221; ifadelerini kulland\u0131.<\/p>\n<p>&#8220;Proje kapsam\u0131nda Yunus Emre K\u00fclt\u00fcr Merkezimizde vatanda\u015flar\u0131m\u0131z\u0131n her t\u00fcrl\u00fc ihtiyac\u0131n\u0131 ve s\u0131k\u0131nt\u0131s\u0131n\u0131 ilgilendiren destek birimleri kurduk&#8221; diyen Ba\u015fkan Y\u0131lmaz; &#8220;Asl\u0131nda buras\u0131 bir kriz merkezi. Hem\u015fehrilerimiz, 444 41 33 numaral\u0131 G\u00f6n\u00fcl Ba\u011f\u0131 Destek Hatt\u0131&#8217;n\u0131 arayarak belediyemize taleplerini iletebilirler. G\u00f6revli arkada\u015flar\u0131m\u0131z n\u00f6betle\u015fe \u00e7al\u0131\u015farak h\u0131zl\u0131 ve \u00e7\u00f6z\u00fcm odakl\u0131 bir \u015fekilde hizmetlerimizi s\u00fcrd\u00fcrecek. Bu s\u00fcre\u00e7te ihtiya\u00e7 sahiplerine erzak da\u011f\u0131t\u0131mlar\u0131 da yap\u0131yoruz.  \u0130htiya\u00e7 sahibi vatanda\u015flar\u0131m\u0131z bizlere ula\u015fabilirler. 65 ya\u015f ve \u00fczeri b\u00fcy\u00fcklerimizin sa\u011fl\u0131k ba\u015fta olmak \u00fczere her t\u00fcrl\u00fc ihtiyac\u0131yla ilgileniyor ve ziyaretlerimizi ger\u00e7ekle\u015ftirmeye devam ediyoruz. Psikologlar\u0131m\u0131z bu s\u0131k\u0131nt\u0131l\u0131 d\u00f6nemde de online psikolojik dan\u0131\u015fmanl\u0131k hizmeti veriyor. Vefa Sosyal Destek Grubuyla da koordineli bir \u015fekilde \u00e7al\u0131\u015f\u0131yoruz. Bu s\u00fcre\u00e7te devletimizin, milletimizin \u015fefkatini t\u00fcm vatanda\u015flar\u0131m\u0131za hissettirmek istiyoruz. Bizim de vatanda\u015flar\u0131m\u0131zdan iste\u011fimiz kurallara ve tedbirlere uymalar\u0131d\u0131r. 17 g\u00fcn boyunca kapanma ger\u00e7ekle\u015fiyorsa bunun mutlaka olumlu sonu\u00e7lar\u0131n\u0131 elde etmemiz gerekiyor \u00fclke olarak. Sab\u0131rla, anlay\u0131\u015fla ve ba\u015far\u0131yla bu s\u00fcreci atlataca\u011f\u0131z. Yeter ki bir ve beraber olal\u0131m&#8221; diye konu\u015ftu.<\/p>\n","protected":false},"excerpt":{"rendered":"<p>Toroslar Belediyesi, 17 g\u00fcn s\u00fcrecek olan tam kapanma d\u00f6nemini vatanda\u015flar\u0131n sa\u011fl\u0131kl\u0131 ve huzur i\u00e7inde ge\u00e7irmelerini sa\u011flamak amac\u0131yla harekete ge\u00e7erek G\u00f6n\u00fcl Ba\u011f\u0131 Projesi&#8217;ni ba\u015flatt\u0131, 444 41 33 numaral\u0131 G\u00f6n\u00fcl Ba\u011f\u0131 Destek &hellip; <a href=\"https:\/\/akdenizolaygazetesi.com\/?p=12145\" class=\"more-link\">Devam\u0131n\u0131 Oku&#8230;<\/a><\/p>\n","protected":false},"author":2,"featured_media":12148,"comment_status":"open","ping_status":"open","sticky":false,"template":"","format":"standard","meta":[],"categories":[34,1,2,3],"tags":[],"_links":{"self":[{"href":"https:\/\/akdenizolaygazetesi.com\/index.php?rest_route=\/wp\/v2\/posts\/12145"}],"collection":[{"href":"https:\/\/akdenizolaygazetesi.com\/index.php?rest_route=\/wp\/v2\/posts"}],"about":[{"href":"https:\/\/akdenizolaygazetesi.com\/index.php?rest_route=\/wp\/v2\/types\/post"}],"author":[{"embeddable":true,"href":"https:\/\/akdenizolaygazetesi.com\/index.php?rest_route=\/wp\/v2\/users\/2"}],"replies":[{"embeddable":true,"href":"https:\/\/akdenizolaygazetesi.com\/index.php?rest_route=%2Fwp%2Fv2%2Fcomments&post=12145"}],"version-history":[{"count":2,"href":"https:\/\/akdenizolaygazetesi.com\/index.php?rest_route=\/wp\/v2\/posts\/12145\/revisions"}],"predecessor-version":[{"id":12149,"href":"https:\/\/akdenizolaygazetesi.com\/index.php?rest_route=\/wp\/v2\/posts\/12145\/revisions\/12149"}],"wp:featuredmedia":[{"embeddable":true,"href":"https:\/\/akdenizolaygazetesi.com\/index.php?rest_route=\/wp\/v2\/media\/12148"}],"wp:attachment":[{"href":"https:\/\/akdenizolaygazetesi.com\/index.php?rest_route=%2Fwp%2Fv2%2Fmedia&parent=12145"}],"wp:term":[{"taxonomy":"category","embeddable":true,"href":"https:\/\/akdenizolaygazetesi.com\/index.php?rest_route=%2Fwp%2Fv2%2Fcategories&post=12145"},{"taxonomy":"post_tag","embeddable":true,"href":"https:\/\/akdenizolaygazetesi.com\/index.php?rest_route=%2Fwp%2Fv2%2Ftags&post=12145"}],"curies":[{"name":"wp","href":"https:\/\/api.w.org\/{rel}","templated":true}]}}