{"id":1215,"date":"2020-11-04T18:21:48","date_gmt":"2020-11-04T15:21:48","guid":{"rendered":"http:\/\/mersinekonomipolitikagazetesi.com\/?p=1215"},"modified":"2020-11-04T18:21:48","modified_gmt":"2020-11-04T15:21:48","slug":"engellilere-polis-morali","status":"publish","type":"post","link":"https:\/\/akdenizolaygazetesi.com\/?p=1215","title":{"rendered":"Engellilere polis morali"},"content":{"rendered":"<p>Mersin&#8217;deki engelli \u00f6\u011frenciler, Toplum Destekli Polislik \u015eube M\u00fcd\u00fcrl\u00fc\u011f\u00fc ekiplerinin d\u00fczenledi\u011fi piknikte moral buldu.<\/p>\n<p>10-16 May\u0131s Engelliler Haftas\u0131 dolay\u0131s\u0131yla, Mersin Emniyet M\u00fcd\u00fcrl\u00fc\u011f\u00fc Toplum Destekli Polislik \u015eube M\u00fcd\u00fcrl\u00fc\u011f\u00fc&#8217;nce, engellilik alan\u0131nda toplumda fark\u0131ndal\u0131k olu\u015fturulmas\u0131 ve sosyal hayata kat\u0131l\u0131mlar\u0131n\u0131n geli\u015ftirilerek k\u00fclt\u00fcr, sanat, turizm, spor aktiviteleri gibi alanlarda toplumsal ya\u015fama entegrasyonlar\u0131na bir nebze katk\u0131 sa\u011flayabilmek ad\u0131na H\u00fcseyin Polat \u00d6zel E\u011fitim ve Uygulama Merkezinde e\u011fitim ve \u00f6\u011frenim g\u00f6ren \u00e7ocuk ve aileleri i\u00e7in gezi d\u00fczenlendi. Mersin B\u00fcy\u00fck\u015fehir Belediyesi&#8217;nin katk\u0131lar\u0131yla d\u00fczenlenen etkinlik kapsam\u0131nda, engelli \u00f6\u011frenciler ve aileleri Tarsus&#8217;taki hayvanat bah\u00e7esini gezdi, \u015felalede piknik yapt\u0131. Burada kamp kuran engelliler, g\u00f6n\u00fcllerince e\u011flenme f\u0131rsat\u0131 buldu.<\/p>\n","protected":false},"excerpt":{"rendered":"<p>Mersin&#8217;deki engelli \u00f6\u011frenciler, Toplum Destekli Polislik \u015eube M\u00fcd\u00fcrl\u00fc\u011f\u00fc ekiplerinin d\u00fczenledi\u011fi piknikte moral buldu. 10-16 May\u0131s Engelliler Haftas\u0131 dolay\u0131s\u0131yla, Mersin Emniyet M\u00fcd\u00fcrl\u00fc\u011f\u00fc Toplum Destekli Polislik \u015eube M\u00fcd\u00fcrl\u00fc\u011f\u00fc&#8217;nce, engellilik alan\u0131nda toplumda fark\u0131ndal\u0131k &hellip; <a href=\"https:\/\/akdenizolaygazetesi.com\/?p=1215\" class=\"more-link\">Devam\u0131n\u0131 Oku&#8230;<\/a><\/p>\n","protected":false},"author":1,"featured_media":0,"comment_status":"open","ping_status":"open","sticky":false,"template":"","format":"standard","meta":[],"categories":[],"tags":[],"_links":{"self":[{"href":"https:\/\/akdenizolaygazetesi.com\/index.php?rest_route=\/wp\/v2\/posts\/1215"}],"collection":[{"href":"https:\/\/akdenizolaygazetesi.com\/index.php?rest_route=\/wp\/v2\/posts"}],"about":[{"href":"https:\/\/akdenizolaygazetesi.com\/index.php?rest_route=\/wp\/v2\/types\/post"}],"author":[{"embeddable":true,"href":"https:\/\/akdenizolaygazetesi.com\/index.php?rest_route=\/wp\/v2\/users\/1"}],"replies":[{"embeddable":true,"href":"https:\/\/akdenizolaygazetesi.com\/index.php?rest_route=%2Fwp%2Fv2%2Fcomments&post=1215"}],"version-history":[{"count":0,"href":"https:\/\/akdenizolaygazetesi.com\/index.php?rest_route=\/wp\/v2\/posts\/1215\/revisions"}],"wp:attachment":[{"href":"https:\/\/akdenizolaygazetesi.com\/index.php?rest_route=%2Fwp%2Fv2%2Fmedia&parent=1215"}],"wp:term":[{"taxonomy":"category","embeddable":true,"href":"https:\/\/akdenizolaygazetesi.com\/index.php?rest_route=%2Fwp%2Fv2%2Fcategories&post=1215"},{"taxonomy":"post_tag","embeddable":true,"href":"https:\/\/akdenizolaygazetesi.com\/index.php?rest_route=%2Fwp%2Fv2%2Ftags&post=1215"}],"curies":[{"name":"wp","href":"https:\/\/api.w.org\/{rel}","templated":true}]}}