{"id":12150,"date":"2021-05-01T16:37:16","date_gmt":"2021-05-01T13:37:16","guid":{"rendered":"http:\/\/akdenizolaygazetesi.com\/?p=12150"},"modified":"2021-05-01T16:37:54","modified_gmt":"2021-05-01T13:37:54","slug":"ulkemizin-uretime-ihtiyaci-var","status":"publish","type":"post","link":"https:\/\/akdenizolaygazetesi.com\/?p=12150","title":{"rendered":"\u2018\u00dcLKEM\u0130Z\u0130N \u00dcRET\u0130ME \u0130HT\u0130YACI VAR\u2019"},"content":{"rendered":"<p>Mersin Tarsus Organize Sanayi B\u00f6lgesi Y\u00f6netim Kurulu Ba\u015fkan\u0131 Sabri Tekli, tam kapanma s\u00fcrecinde de bakanl\u0131klar\u0131n genelgeler ile koydu\u011fu kurallar \u00e7er\u00e7evesinde \u00fcretmeye ve \u00fclke ekonomisine katk\u0131 sunmaya devam edeceklerini kaydetti.<\/p>\n<p>Mersin Tarsus Organize Sanayi B\u00f6lgesi Y\u00f6netim Kurulu Ba\u015fkan\u0131 Sabri Tekli, h\u00fck\u00fcmetin ald\u0131\u011f\u0131 kararlar ve \u0130\u00e7i\u015fleri Bakanl\u0131\u011f\u0131 Genelgesi\u2019ndeki kurallara sonuna kadar riayet ederek \u00fcretim hatlar\u0131n\u0131n durmayaca\u011f\u0131n\u0131 ifade etti.<\/p>\n<p>\u2018\u00dcLKEM\u0130Z\u0130N \u00dcRET\u0130ME \u0130HT\u0130YACI VAR\u2019<\/p>\n<p>T\u00fcm d\u00fcnyay\u0131 etkisi alt\u0131na alan korona vir\u00fcs salg\u0131n\u0131 ile m\u00fccadele kapsam\u0131nda al\u0131nan tam kapanma karar\u0131n\u0131n olduk\u00e7a \u00f6nemli oldu\u011funun alt\u0131n\u0131 \u00e7izen MTOSB Ba\u015fkan\u0131 Tekli, \u2018Vaka say\u0131lar\u0131n\u0131n azalmas\u0131 ve normalle\u015fmeye ge\u00e7me a\u00e7\u0131s\u0131ndan al\u0131nan tedbirlerin ne kadar \u00f6nemli oldu\u011funu biliyoruz. Bu anlamda da i\u015f yerlerimizde i\u015f\u00e7ilerimizin sa\u011fl\u0131\u011f\u0131 a\u00e7\u0131s\u0131ndan \u00fcst d\u00fczey tedbirlerimizi alarak, yay\u0131nlanan genelgelere sonuna kadar riayet ederek \u00e7al\u0131\u015fmalar\u0131m\u0131z\u0131 s\u00fcrd\u00fcr\u00fcyoruz. \u00dclkemizin hi\u00e7 olmad\u0131\u011f\u0131 kadar \u00fcretime ihtiyac\u0131 var. D\u00fcnyan\u0131n bir\u00e7ok yerinde \u00fcretim hatlar\u0131nda yava\u015flamalar mevcut. Buna kar\u015f\u0131n \u00fclke tarihimizde g\u00f6r\u00fclmemi\u015f ihracat rakamlar\u0131na ula\u015farak rekor \u00fczerine rekor k\u0131r\u0131yoruz. Bu zorlu s\u00fcre\u00e7te sorumluluktan ka\u00e7\u0131nmadan yat\u0131r\u0131m yapmaya devam eden sanayicilerimiz var. \u00dcreten, istihdam sa\u011flayan ve ihracata katk\u0131da bulanan t\u00fcm sanayicilerimizi teker teker tebrik ediyorum\u2019 dedi.<\/p>\n<p>\u2018SORUMLULU\u011eUMUZUN B\u0130L\u0130NC\u0130NDEY\u0130Z\u2019<\/p>\n<p>\u2018Bizler sanayiciler olarak \u00fczerimize d\u00fc\u015fen sorumlulu\u011fun bilinciyle hareket ediyoruz\u2019 diyerek s\u00f6zlerini s\u00fcrd\u00fcren Ba\u015fkan Tekli, \u2018Bu s\u00fcre\u00e7te organize sanayi b\u00f6lgelerinin \u00f6nemi bir kez daha ortaya \u00e7\u0131kt\u0131. Organize sanayi b\u00f6lgelerine yat\u0131r\u0131m yapan sanayicilerimiz i\u00e7in devletimizin sa\u011flad\u0131\u011f\u0131 imtiyazlar bu zorlu s\u00fcreci kolayl\u0131kla atlatmam\u0131zda b\u00fcy\u00fck etken oluyor. KOB\u0130\u2019lerimizin i\u00e7erisinde bulundu\u011fu s\u0131k\u0131nt\u0131lar\u0131n fark\u0131nday\u0131z. Pandeminin getirdi\u011fi olumsuzluklar \u00fclkemizi hatta t\u00fcm d\u00fcnyay\u0131 derinden sarst\u0131. Bu s\u00fcreci daha h\u0131zl\u0131 atlatabilmemiz i\u00e7in al\u0131nan kararlara uymam\u0131z, \u00f6zellikle maske, mesafe ve hijyen kurallar\u0131na dikkat etmemiz gerekiyor. Bunu sadece kendi sa\u011fl\u0131\u011f\u0131m\u0131z i\u00e7in de\u011fil, etraf\u0131m\u0131zdaki sevdiklerimizin sa\u011fl\u0131klar\u0131 a\u00e7\u0131s\u0131ndan ve 1 y\u0131ld\u0131r devam eden pandemi s\u00fcrecinde ekonomik a\u00e7\u0131dan zor g\u00fcnler ge\u00e7iren KOB\u0130\u2019lerimizin bir an evvel normal \u015fartlarda \u00e7al\u0131\u015fmaya ba\u015flamas\u0131 i\u00e7in de yapmal\u0131y\u0131z\u2019 dedi.<\/p>\n<p>\u2018T\u00dcM EMEK\u00c7\u0130LER\u0130M\u0130Z\u0130 KUTLUYORUM\u2019<\/p>\n<p>Ba\u015fkan Tekli son olarak \u015funlar\u0131 kaydetti:<\/p>\n<p>Bug\u00fcn 1 May\u0131s Emek ve Dayan\u0131\u015fma G\u00fcn\u00fc. Ba\u015fta b\u00f6lgemizde \u00e7al\u0131\u015fan 20 bin emek\u00e7imiz olmak \u00fczere, al\u0131n teri ile eme\u011fi, ekme\u011fi i\u00e7in m\u00fccadele eden t\u00fcm i\u015f\u00e7ilerimizin Emek ve Dayan\u0131\u015fma G\u00fcn\u00fc\u2019n\u00fc kutluyorum. Bir yat\u0131r\u0131m\u0131n en \u00f6nemli aya\u011f\u0131n\u0131n insan g\u00fcc\u00fc oldu\u011funun bilinciyle t\u00fcm d\u00fcnya i\u00e7in daha g\u00fczel 1 May\u0131s\u2019lara sa\u011fl\u0131k ve mutluluk i\u00e7erisinde kavu\u015fmay\u0131 temenni ederim.<\/p>\n","protected":false},"excerpt":{"rendered":"<p>Mersin Tarsus Organize Sanayi B\u00f6lgesi Y\u00f6netim Kurulu Ba\u015fkan\u0131 Sabri Tekli, tam kapanma s\u00fcrecinde de bakanl\u0131klar\u0131n genelgeler ile koydu\u011fu kurallar \u00e7er\u00e7evesinde \u00fcretmeye ve \u00fclke ekonomisine katk\u0131 sunmaya devam edeceklerini kaydetti. Mersin &hellip; <a href=\"https:\/\/akdenizolaygazetesi.com\/?p=12150\" class=\"more-link\">Devam\u0131n\u0131 Oku&#8230;<\/a><\/p>\n","protected":false},"author":2,"featured_media":12152,"comment_status":"open","ping_status":"open","sticky":false,"template":"","format":"standard","meta":[],"categories":[8,1,2,3],"tags":[],"_links":{"self":[{"href":"https:\/\/akdenizolaygazetesi.com\/index.php?rest_route=\/wp\/v2\/posts\/12150"}],"collection":[{"href":"https:\/\/akdenizolaygazetesi.com\/index.php?rest_route=\/wp\/v2\/posts"}],"about":[{"href":"https:\/\/akdenizolaygazetesi.com\/index.php?rest_route=\/wp\/v2\/types\/post"}],"author":[{"embeddable":true,"href":"https:\/\/akdenizolaygazetesi.com\/index.php?rest_route=\/wp\/v2\/users\/2"}],"replies":[{"embeddable":true,"href":"https:\/\/akdenizolaygazetesi.com\/index.php?rest_route=%2Fwp%2Fv2%2Fcomments&post=12150"}],"version-history":[{"count":2,"href":"https:\/\/akdenizolaygazetesi.com\/index.php?rest_route=\/wp\/v2\/posts\/12150\/revisions"}],"predecessor-version":[{"id":12153,"href":"https:\/\/akdenizolaygazetesi.com\/index.php?rest_route=\/wp\/v2\/posts\/12150\/revisions\/12153"}],"wp:featuredmedia":[{"embeddable":true,"href":"https:\/\/akdenizolaygazetesi.com\/index.php?rest_route=\/wp\/v2\/media\/12152"}],"wp:attachment":[{"href":"https:\/\/akdenizolaygazetesi.com\/index.php?rest_route=%2Fwp%2Fv2%2Fmedia&parent=12150"}],"wp:term":[{"taxonomy":"category","embeddable":true,"href":"https:\/\/akdenizolaygazetesi.com\/index.php?rest_route=%2Fwp%2Fv2%2Fcategories&post=12150"},{"taxonomy":"post_tag","embeddable":true,"href":"https:\/\/akdenizolaygazetesi.com\/index.php?rest_route=%2Fwp%2Fv2%2Ftags&post=12150"}],"curies":[{"name":"wp","href":"https:\/\/api.w.org\/{rel}","templated":true}]}}